{"id":73387,"date":"2022-04-06T09:18:24","date_gmt":"2022-04-06T12:18:24","guid":{"rendered":"https:\/\/catolicanet.net\/wp-cnet\/?p=73387"},"modified":"2022-04-08T17:19:12","modified_gmt":"2022-04-08T20:19:12","slug":"fe-catolica-no-brasil","status":"publish","type":"post","link":"https:\/\/catolicanet.net\/wp-cnet\/fe-catolica-no-brasil\/","title":{"rendered":"F\u00e9 cat\u00f3lica no Brasil"},"content":{"rendered":"<p style=\"text-align: justify;\">Estamos caminhando para o final do per\u00edodo quaresmal e somos convidados a refletir sobre as mudan\u00e7as que desejamos que sejam concretizadas dentro de n\u00f3s e na nossa sociedade. O Brasil \u00e9 um pa\u00eds predominantemente crist\u00e3o. De acordo com o \u00faltimo Censo realizado em 2010, mais de 64% dos brasileiros se declararam cat\u00f3licos. A presen\u00e7a da Igreja Cat\u00f3lica em nossas terras foi definitiva para formar a nossa identidade, valores, cultura e caracter\u00edsticas.<\/p>\n<p style=\"text-align: justify;\">Para assegurar os direitos dos cat\u00f3licos de expressarem a sua f\u00e9, foi firmado um Acordo bilateral entre o Brasil e a Santa S\u00e9, em 2008, garantindo o amplo e irrestrito desenvolvimento da miss\u00e3o da Igreja. O acordo tamb\u00e9m reafirmou a personalidade jur\u00eddica da Igreja Cat\u00f3lica, necess\u00e1ria para o desempenho das suas atividades nas par\u00f3quias e dioceses, nos mais de cinco mil munic\u00edpios, em todas as regi\u00f5es. No mundo moderno, a f\u00e9 enfrenta terr\u00edveis batalhas continuamente e \u00e9 fundamental termos garantias de dignidade e reconhecimento de todo o trabalho promovido incansavelmente pelos religiosos e leigos.<\/p>\n<p style=\"text-align: justify;\">Este acordo bilateral, permite \u00e0 Igreja Cat\u00f3lica participar das decis\u00f5es que impactam na vida de seus fi\u00e9is, tratando de seus interesses, defendendo a f\u00e9 cat\u00f3lica, pregando e anunciando o Evangelho, conforme a miss\u00e3o deixada por Cristo. Basta recordarmos dos objetivos da Campanha da Fraternidade deste ano, cujo tema trata da Educa\u00e7\u00e3o. O ensino religioso desde a inf\u00e2ncia \u00e9 um direito das nossas crian\u00e7as e fam\u00edlias, portanto, incentivar propostas educativas, enraizadas no Evangelho, tamb\u00e9m atende a circular 520\/2009, da Congrega\u00e7\u00e3o para a Escola Cat\u00f3lica (CEC), que aponta que \u201c<em>os alunos estariam privados de um elemento essencial para a sua forma\u00e7\u00e3o e desenvolvimento pessoal, que os ajuda a atingir uma harmonia vital entre a f\u00e9 e a cultura. A forma\u00e7\u00e3o moral e a educa\u00e7\u00e3o religiosa favorecem tamb\u00e9m o desenvolvimento da responsabilidade pessoal e social e demais virtudes c\u00edvicas, e constituem ent\u00e3o um relevante contributo para o bem comum da sociedade\u201d<\/em> (CEC 2009, no\u00a010). O Art.11, do Acordo Brasil-Santa S\u00e9, tamb\u00e9m assegura o ensino religioso cat\u00f3lico e outras religi\u00f5es nas escolas p\u00fablicas de ensino fundamental.<\/p>\n<p style=\"text-align: justify;\">Tais conquistas n\u00e3o nos s\u00e3o dadas gratuitamente. Ao longo da hist\u00f3ria da Igreja, quantos m\u00e1rtires enfrentaram poderosos e governos para afirmar a f\u00e9 crist\u00e3 e foram mortos para calar a f\u00e9, mas isso n\u00e3o aconteceu. Hoje, enfrentamos diversos inimigos, como as drogas, a viol\u00eancia nas cidades, a pandemia da Covid-19 e, tamb\u00e9m, pol\u00edticas p\u00fablicas que confundem estado laico com aus\u00eancia de f\u00e9.<\/p>\n<p style=\"text-align: justify;\">Recentemente, pudemos acompanhar uma iniciativa fundamental para defender os interesses da Igreja Cat\u00f3lica no Brasil e reafirmar a f\u00e9 de milh\u00f5es de brasileiros. A Arquidiocese de S\u00e3o Sebasti\u00e3o do Rio de Janeiro, exercendo plenamente um direito, formalizou um termo de compromisso com o governo federal brasileiro para o livre acesso ao alto do Corcovado, muito mais do que uma das sete maravilhas do mundo moderno, \u00e9 um patrim\u00f4nio da humanidade e s\u00edmbolo da nossa f\u00e9. \u00c9 um marco pelos 100 anos de lan\u00e7amento da pedra fundamental do monumento Cristo Redentor. Em 1922, o ent\u00e3o presidente do Brasil, Epit\u00e1cio Pessoa, concedeu o topo do morro do Corcovado, local onde a est\u00e1tua est\u00e1 situada, \u00e0 Igreja Cat\u00f3lica.<\/p>\n<p style=\"text-align: justify;\">Precisamos ter sabedoria para distinguir a pol\u00edtica do exerc\u00edcio de cidadania e do direito constitucional. Iniciativas em prol da f\u00e9 cat\u00f3lica, que fortale\u00e7am a presen\u00e7a da Igreja em nossa sociedade, fazem parte da grande miss\u00e3o deixada por Cristo. Sua morte na cruz n\u00e3o foi em v\u00e3o. Levar seu evangelho a todas as criaturas, promover a\u00e7\u00f5es de cidadania em benef\u00edcio dos irm\u00e3os mais necessitados, levar sa\u00fade, educa\u00e7\u00e3o, contribuir para a gera\u00e7\u00e3o de emprego, rezar pelo fim das guerras, tudo isso sempre fez e continuar\u00e1 fazendo parte do nosso exerc\u00edcio di\u00e1rio de f\u00e9, especialmente, dos nossos padres e bispos, que deixam suas fam\u00edlias e o conforto do lar, para dedicar suas vidas pela Igreja.<\/p>\n<p style=\"text-align: justify;\">No Rio de Janeiro, caminhamos para a chegada do centen\u00e1rio de inaugura\u00e7\u00e3o do Santu\u00e1rio Cristo Redentor. S\u00e3o muitos os s\u00edmbolos materiais que representam algo muito maior, imaterial, que se manifesta a cada celebra\u00e7\u00e3o Eucar\u00edstica, que rememoraremos na Semana Santa. \u00c9 um convite a unirmos esfor\u00e7os, acima de qualquer frivolidade terrena, independente de partidos e candidatos, seguirmos firmes na proclama\u00e7\u00e3o do Evangelho, na defesa irrestrita da nossa f\u00e9 e do nosso patrim\u00f4nio hist\u00f3rico.<\/p>\n<p style=\"text-align: justify;\">Aqueles que \u2013 mesmo dentro da Igreja est\u00e3o cegos pelas malditas ideologias pol\u00edticas \u2013 e, tamb\u00e9m, fora do \u00e2mbito eclesial, est\u00e3o atacando de maneira violenta e desrespeitosa o Eminent\u00edssimo Senhor Arcebispo de S\u00e3o Sebasti\u00e3o do Rio de Janeiro. Deixando a ideologia de lado \u00e9 necess\u00e1rio cessar estes ataques inapropriados e reconhecerem o direito origin\u00e1rio da Arquidiocese de S\u00e3o Sebasti\u00e3o do Rio de Janeiro de tutelar o seu patrim\u00f4nio e firmar conv\u00eanios com \u00f3rg\u00e3os p\u00fablicos e privados para a sua a\u00e7\u00e3o evangelizadora. O vener\u00e1vel irm\u00e3o o Senhor Cardeal Orani Jo\u00e3o Tempesta, O.Cist., ao defender o patrim\u00f4nio do Cristo Redentor est\u00e1 defendendo a mais vis\u00edvel identidade nacional e a nossa cultura crist\u00e3.<\/p>\n<p style=\"text-align: justify;\">Que o Estado laico reconhe\u00e7a cada vez mais a presen\u00e7a de uma Igreja em movimento e os direitos dos crist\u00e3os de exercerem plenamente sua voca\u00e7\u00e3o. Que Deus aben\u00e7oe a Arquidiocese de S\u00e3o Sebasti\u00e3o do Rio de Janeiro, seu arcebispo, bispos, padres, religiosos e religiosas, leigos e leigas.<\/p>\n<p style=\"text-align: justify;\">A obra de evangeliza\u00e7\u00e3o est\u00e1 ainda maior ap\u00f3s essa conquista.<\/p>\n<p style=\"text-align: justify;\">Deus os aben\u00e7oe!<\/p>\n","protected":false},"excerpt":{"rendered":"<p>Estamos caminhando para o final do per\u00edodo quaresmal e somos convidados a refletir sobre as mudan\u00e7as que desejamos que sejam concretizadas dentro de n\u00f3s e na nossa sociedade. O Brasil \u00e9 um pa\u00eds predominantemente crist\u00e3o. De acordo com o \u00faltimo Censo realizado em 2010, mais de 64% dos brasileiros se declararam cat\u00f3licos. A presen\u00e7a da [&hellip;]<\/p>\n","protected":false},"author":10,"featured_media":55817,"comment_status":"open","ping_status":"closed","sticky":false,"template":"","format":"standard","meta":{"footnotes":""},"categories":[9],"tags":[],"class_list":["post-73387","post","type-post","status-publish","format-standard","has-post-thumbnail","hentry","category-artigos"],"_links":{"self":[{"href":"https:\/\/catolicanet.net\/wp-cnet\/wp-json\/wp\/v2\/posts\/73387","targetHints":{"allow":["GET"]}}],"collection":[{"href":"https:\/\/catolicanet.net\/wp-cnet\/wp-json\/wp\/v2\/posts"}],"about":[{"href":"https:\/\/catolicanet.net\/wp-cnet\/wp-json\/wp\/v2\/types\/post"}],"author":[{"embeddable":true,"href":"https:\/\/catolicanet.net\/wp-cnet\/wp-json\/wp\/v2\/users\/10"}],"replies":[{"embeddable":true,"href":"https:\/\/catolicanet.net\/wp-cnet\/wp-json\/wp\/v2\/comments?post=73387"}],"version-history":[{"count":1,"href":"https:\/\/catolicanet.net\/wp-cnet\/wp-json\/wp\/v2\/posts\/73387\/revisions"}],"predecessor-version":[{"id":73388,"href":"https:\/\/catolicanet.net\/wp-cnet\/wp-json\/wp\/v2\/posts\/73387\/revisions\/73388"}],"wp:featuredmedia":[{"embeddable":true,"href":"https:\/\/catolicanet.net\/wp-cnet\/wp-json\/wp\/v2\/media\/55817"}],"wp:attachment":[{"href":"https:\/\/catolicanet.net\/wp-cnet\/wp-json\/wp\/v2\/media?parent=73387"}],"wp:term":[{"taxonomy":"category","embeddable":true,"href":"https:\/\/catolicanet.net\/wp-cnet\/wp-json\/wp\/v2\/categories?post=73387"},{"taxonomy":"post_tag","embeddable":true,"href":"https:\/\/catolicanet.net\/wp-cnet\/wp-json\/wp\/v2\/tags?post=73387"}],"curies":[{"name":"wp","href":"https:\/\/api.w.org\/{rel}","templated":true}]}}