{"id":73378,"date":"2022-04-08T09:11:02","date_gmt":"2022-04-08T12:11:02","guid":{"rendered":"https:\/\/catolicanet.net\/wp-cnet\/?p=73378"},"modified":"2022-04-08T17:12:32","modified_gmt":"2022-04-08T20:12:32","slug":"chegamos-a-semana-santa","status":"publish","type":"post","link":"https:\/\/catolicanet.net\/wp-cnet\/chegamos-a-semana-santa\/","title":{"rendered":"Chegamos \u00e0 Semana Santa"},"content":{"rendered":"<p style=\"text-align: justify;\">\u00a0\u00a0\u00a0\u00a0\u00a0\u00a0\u00a0\u00a0 Depois de dois anos em celebra\u00e7\u00f5es mitigadas, chegamos, neste ano, com a possibilidade de celebrar, mesmo com as precau\u00e7\u00f5es necess\u00e1rias, a semana santa completa em nossas comunidades.<\/p>\n<p style=\"text-align: justify;\">A Semana Santa \u00e9 o grande retiro espiritual das comunidades eclesiais, convidando os crist\u00e3os \u00e0 convers\u00e3o e renova\u00e7\u00e3o de vida. Ela se inicia com o Domingo de Ramos e se estende at\u00e9 o Domingo da P\u00e1scoa. \u00c9 a semana mais importante do ano lit\u00fargico, quando se celebram, de modo especial, os mist\u00e9rios da paix\u00e3o, morte e ressurrei\u00e7\u00e3o de Jesus Cristo.<\/p>\n<p style=\"text-align: justify;\">No domingo de ramos concluiremos a Campanha da Fraternidade com a grande coleta da solidariedade. Na quinta-feira santa concluiremos a quaresma e iniciamos \u00e0 tarde o grande tr\u00edduo pascal. E com o tr\u00edduo pascal abrimos o grande tempo da P\u00e1scoa. Tudo dentro dessa importante semana quando celebramos o mist\u00e9rio central de nossa f\u00e9: o mist\u00e9rio pascal.<\/p>\n<p style=\"text-align: justify;\">\u00a0\u00a0\u00a0\u00a0\u00a0\u00a0\u00a0\u00a0 <strong>DOMINGO DE RAMOS E A PAIX\u00c3O<\/strong>\u00a0\u2013 A celebra\u00e7\u00e3o desse dia lembra a entrada de Jesus em Jerusal\u00e9m, aonde vai para completar sua miss\u00e3o, que culminar\u00e1 com a morte na cruz. Os evangelhos relatam que muitas pessoas homenagearam Jesus, estendendo mantos pelo ch\u00e3o e aclamando-o com ramos de \u00e1rvores. Por isso, hoje os fi\u00e9is carregam ramos, recordando o acontecimento. Imitando o gesto do povo em Jerusal\u00e9m, querem exprimir que Jesus \u00e9 o \u00fanico mestre e Senhor.\u00a0Depois de termos recebido as cinzas dos ramos do ano passado ao iniciar a quaresma, agora recebemos novos ramos para aclamar neste ano Cristo como Senhor de nossas vidas. Depois \u00e9 o domingo da Paix\u00e3o, pois lemos tamb\u00e9m o texto da Paix\u00e3o de Cristo segundo S\u00e3o Lucas.<\/p>\n<p style=\"text-align: justify;\">\u00a0\u00a0\u00a0\u00a0\u00a0\u00a0\u00a0\u00a0 <strong>SEGUNDA A QUARTA-FEIRA SANTA <\/strong>\u2013 Nestes dias, a liturgia apresenta textos b\u00edblicos que enfocam a miss\u00e3o redentora de Cristo. N\u00e3o h\u00e1 nenhuma celebra\u00e7\u00e3o lit\u00fargica especial, mas nas comunidades paroquiais, \u00e9 costume realizarem atos devocionais como prociss\u00f5es, vias-sacras, celebra\u00e7\u00f5es penitenciais e outras, procurando real\u00e7ar o sentido da Semana Santa. Na segunda-feira, \u00e9 costume ter a Prociss\u00e3o do Dep\u00f3sito. Na ter\u00e7a-feira, a Prociss\u00e3o do Encontro de Nossa Senhora com o Senhor dos Passos, carregando a cruz rumo ao calv\u00e1rio. Na quarta-feira, iremos contemplar as Dores da Virgem Sant\u00edssima, com a prociss\u00e3o e o Serm\u00e3o de Nossa Senhora das Dores. Al\u00e9m disso h\u00e1 espa\u00e7o para o Of\u00edcio das Trevas, Serm\u00e3o das 7 palavras e outros atos.<\/p>\n<p style=\"text-align: justify;\">\u00a0\u00a0\u00a0\u00a0\u00a0\u00a0\u00a0\u00a0 <strong>TR\u00cdDUO PASCAL\u00a0\u2013 <\/strong>Antes de iniciar o Tr\u00edduo Pascal, na manh\u00e3 de quinta-feira, \u00e0s 9h, na Catedral Metropolitana de S\u00e3o Sebasti\u00e3o, presidirei a missa de consagra\u00e7\u00e3o do \u00f3leo do Crisma e a b\u00ean\u00e7\u00e3o dos \u00f3leos dos catec\u00famenos e dos enfermos. Renovaremos as promessas do dia de nossa ordena\u00e7\u00e3o sacerdotal. \u00c9 a manh\u00e3 da unidade diocesana, em que todos somos convidados a rezar pelos padres e sua importante miss\u00e3o.<\/p>\n<p style=\"text-align: justify;\">O ponto alto da Semana Santa e da liturgia da Igreja \u00e9 o Tr\u00edduo Pascal (ou Tr\u00edduo Sacro), que inicia com a missa vespertina da Quinta-Feira Santa e conclui com as V\u00e9speras do Domingo, tendo a centralidade na Vig\u00edlia Pascal no S\u00e1bado Santo que se inicia ao entardecer e se estende at\u00e9 a madrugada do Domingo. Os tr\u00eas dias formam uma s\u00f3 celebra\u00e7\u00e3o, que resume todo o mist\u00e9rio pascal. Por isso, nas celebra\u00e7\u00f5es da quinta-feira \u00e0 noite e da sexta-feira n\u00e3o se d\u00e1 a b\u00ean\u00e7\u00e3o final. Ela s\u00f3 ser\u00e1 dada, solenemente, no final da Vig\u00edlia Pascal.<\/p>\n<p style=\"text-align: justify;\">\u00a0\u00a0\u00a0\u00a0\u00a0\u00a0\u00a0\u00a0 <strong>QUINTA-FEIRA SANTA \u2013 <\/strong>Neste dia, celebra-se a institui\u00e7\u00e3o da Eucaristia e do sacerd\u00f3cio ministerial. A Eucaristia \u00e9 o sacramento do Corpo e Sangue de Cristo, que se oferece como alimento espiritual. De manh\u00e3, s\u00f3 h\u00e1 uma celebra\u00e7\u00e3o, a Missa do Crisma que, na nossa Arquidiocese, \u00e9 sempre \u00e0s 9h. Nesta Missa do Crisma, acontecem as b\u00ean\u00e7\u00e3os dos \u00f3leos: dos catec\u00famenos e enfermos. E tem a consagra\u00e7\u00e3o do \u00f3leo do santo Crisma.<\/p>\n<p style=\"text-align: justify;\">\u00a0\u00a0\u00a0\u00a0\u00a0\u00a0\u00a0\u00a0 Na quinta-feira \u00e0 noite, acontece a celebra\u00e7\u00e3o solene da missa em que se recorda a institui\u00e7\u00e3o da Eucaristia e do sacerd\u00f3cio ministerial. Nessa missa, realiza-se a cerim\u00f4nia do lava-p\u00e9s, em que o celebrante recorda o gesto de Cristo que lavou os p\u00e9s dos seus ap\u00f3stolos. Esse gesto procura transmitir a mensagem de que o crist\u00e3o deve ser humilde e servidor.<\/p>\n<p style=\"text-align: justify;\">\u00a0\u00a0\u00a0\u00a0\u00a0\u00a0\u00a0\u00a0 Nessa celebra\u00e7\u00e3o, tamb\u00e9m se recorda o mandamento novo que Jesus deixou: \u201cEu vos dou um novo mandamento, que vos ameis uns aos outros assim como Eu vos amei.\u201d Comungar o corpo e sangue de Cristo na Eucaristia implica a viv\u00eancia do amor fraterno e do servi\u00e7o. Essa \u00e9 a li\u00e7\u00e3o da celebra\u00e7\u00e3o.<\/p>\n<p style=\"text-align: justify;\">\u00a0\u00a0\u00a0\u00a0\u00a0\u00a0\u00a0\u00a0 <strong>SEXTA-FEIRA SANTA\u00a0\u2013 <\/strong>A Igreja contempla o mist\u00e9rio do grande amor de Deus pelos homens. Ela se recolhe no sil\u00eancio, na ora\u00e7\u00e3o e na escuta da palavra divina, procurando entender o significado profundo da morte do Senhor. Neste dia n\u00e3o h\u00e1 missa. \u00c0 tarde, \u00e0s 15h, acontece a celebra\u00e7\u00e3o da Paix\u00e3o e Morte de Jesus, com a proclama\u00e7\u00e3o da Palavra, a ora\u00e7\u00e3o universal, a adora\u00e7\u00e3o da cruz e a distribui\u00e7\u00e3o da sagrada comunh\u00e3o. Na primeira parte, s\u00e3o proclamados um texto do profeta Isa\u00edas sobre o Servo Sofredor, figura de Cristo, outro da Carta aos Hebreus, que ressalta a fidelidade de Jesus ao projeto do Pai, e o relato da paix\u00e3o e morte de Cristo do evangelista Jo\u00e3o. S\u00e3o tr\u00eas textos muito ricos e que se completam, ressaltando a miss\u00e3o salvadora de Jesus Cristo. O segundo momento \u00e9 a Ora\u00e7\u00e3o Universal, compreendendo diversas preces pela Igreja e pela humanidade. Aos p\u00e9s do Redentor imolado, a Igreja faz a sua s\u00faplica confiante. Depois, segue-se o momento solene e profundo da apresenta\u00e7\u00e3o da Cruz, convidando todos a adorarem o Salvador nela pregado: \u201cEis o lenho da Cruz, do qual pendeu a salva\u00e7\u00e3o do mundo. \u2013 Vinde adoremos\u201d.\u00a0 Neste ano, ao nos aproximarmos da Cruz faremos um gesto \u00e0 dist\u00e2ncia devido ainda ao momento de pandemia. E o quarto momento \u00e9 a comunh\u00e3o. Todos revivem a morte do Senhor e querem receber seu corpo e sangue. \u00c9 a proclama\u00e7\u00e3o da f\u00e9 no Cristo que morreu, mas ressuscitou.\u00a0Nesse dia, a Igreja pede o sacrif\u00edcio do jejum e da abstin\u00eancia de carne, como ato de homenagem e gratid\u00e3o a Cristo, para ajudar-nos a viver mais intensamente esse mist\u00e9rio, e como gesto de solidariedade com tantos irm\u00e3os que n\u00e3o t\u00eam o necess\u00e1rio para viver.<\/p>\n<p style=\"text-align: justify;\">\u00a0\u00a0\u00a0\u00a0\u00a0\u00a0\u00a0\u00a0 Na parte da noite, sempre temos o Serm\u00e3o do Descendimento da Cruz e a prociss\u00e3o com o corpo de Jesus morto pelas ruas de nossas cidades!<\/p>\n<p style=\"text-align: justify;\">\u00a0\u00a0\u00a0\u00a0\u00a0\u00a0\u00a0\u00a0 Mas a Semana Santa n\u00e3o se encerra com a sexta-feira, mas no dia seguinte quando se celebra a vit\u00f3ria de Jesus. S\u00f3 h\u00e1 sentido em celebrar a cruz, quando se vive a certeza da ressurrei\u00e7\u00e3o.<\/p>\n<p style=\"text-align: justify;\"><strong>\u00a0\u00a0\u00a0\u00a0\u00a0\u00a0\u00a0\u00a0 VIG\u00cdLIA PASCAL<\/strong><strong>\u00a0\u2013 <\/strong>S\u00e1bado Santo \u00e9 dia de sil\u00eancio e de ora\u00e7\u00e3o. Tamb\u00e9m n\u00e3o temos a celebra\u00e7\u00e3o dos sacramentos. Temos a oportunidade de rezar a liturgia das horas. A Igreja permanece junto ao sepulcro, meditando no mist\u00e9rio da morte do Senhor e na expectativa de sua ressurrei\u00e7\u00e3o. Durante o dia, n\u00e3o h\u00e1 missa, batizado, casamento, nenhuma celebra\u00e7\u00e3o.\u00a0Na parte da manh\u00e3, temos a possibilidade de celebrar o Of\u00edcio das Trevas.<\/p>\n<p style=\"text-align: justify;\">\u00a0\u00a0\u00a0\u00a0\u00a0\u00a0\u00a0\u00a0 \u00c0 noite, a Igreja celebra a solene Vig\u00edlia Pascal, a \u201cm\u00e3e de todas as vig\u00edlias\u201d, vivenciando a ressurrei\u00e7\u00e3o de Cristo, sua vit\u00f3ria sobre o pecado e a morte. A cerim\u00f4nia \u00e9 carregada de ricos simbolismos que nos lembram a a\u00e7\u00e3o de Deus, a luz e a vida nova que brotam da ressurrei\u00e7\u00e3o de Cristo. \u00c9 o momento de nossa renova\u00e7\u00e3o das promessas batismais.<\/p>\n<p style=\"text-align: justify;\"><strong>\u00a0\u00a0\u00a0\u00a0\u00a0\u00a0\u00a0\u00a0 DOMINGO DA P\u00c1SCOA \u2013 <\/strong>No domingo da P\u00e1scoa do Senhor, dia da vit\u00f3ria sobre o pecado e a morte em que Cristo Ressuscita para a nossa salva\u00e7\u00e3o, celebramos a festa da Ressurrei\u00e7\u00e3o, a maior solenidade de nossa f\u00e9 que se estender\u00e1 por 50 dias iniciando com a oitava da p\u00e1scoa. Essa festa repercute cada dia e cada momento de nossa vida crist\u00e3.<\/p>\n<p style=\"text-align: justify;\">\u00a0\u00a0\u00a0\u00a0\u00a0\u00a0\u00a0\u00a0 Vivamos, com intensidade, a Semana Santa! Este \u00e9 o momento de retomarmos, depois de dois anos da pandemia da Covid-19, as celebra\u00e7\u00f5es da Semana Santa servem para testemunhar o Ressuscitado nesta grande cidade! Uma Santa Semana para todos!<\/p>\n","protected":false},"excerpt":{"rendered":"<p>\u00a0\u00a0\u00a0\u00a0\u00a0\u00a0\u00a0\u00a0 Depois de dois anos em celebra\u00e7\u00f5es mitigadas, chegamos, neste ano, com a possibilidade de celebrar, mesmo com as precau\u00e7\u00f5es necess\u00e1rias, a semana santa completa em nossas comunidades. A Semana Santa \u00e9 o grande retiro espiritual das comunidades eclesiais, convidando os crist\u00e3os \u00e0 convers\u00e3o e renova\u00e7\u00e3o de vida. Ela se inicia com o Domingo de [&hellip;]<\/p>\n","protected":false},"author":5,"featured_media":55819,"comment_status":"open","ping_status":"closed","sticky":false,"template":"","format":"standard","meta":{"footnotes":""},"categories":[9],"tags":[],"class_list":["post-73378","post","type-post","status-publish","format-standard","has-post-thumbnail","hentry","category-artigos"],"_links":{"self":[{"href":"https:\/\/catolicanet.net\/wp-cnet\/wp-json\/wp\/v2\/posts\/73378","targetHints":{"allow":["GET"]}}],"collection":[{"href":"https:\/\/catolicanet.net\/wp-cnet\/wp-json\/wp\/v2\/posts"}],"about":[{"href":"https:\/\/catolicanet.net\/wp-cnet\/wp-json\/wp\/v2\/types\/post"}],"author":[{"embeddable":true,"href":"https:\/\/catolicanet.net\/wp-cnet\/wp-json\/wp\/v2\/users\/5"}],"replies":[{"embeddable":true,"href":"https:\/\/catolicanet.net\/wp-cnet\/wp-json\/wp\/v2\/comments?post=73378"}],"version-history":[{"count":1,"href":"https:\/\/catolicanet.net\/wp-cnet\/wp-json\/wp\/v2\/posts\/73378\/revisions"}],"predecessor-version":[{"id":73379,"href":"https:\/\/catolicanet.net\/wp-cnet\/wp-json\/wp\/v2\/posts\/73378\/revisions\/73379"}],"wp:featuredmedia":[{"embeddable":true,"href":"https:\/\/catolicanet.net\/wp-cnet\/wp-json\/wp\/v2\/media\/55819"}],"wp:attachment":[{"href":"https:\/\/catolicanet.net\/wp-cnet\/wp-json\/wp\/v2\/media?parent=73378"}],"wp:term":[{"taxonomy":"category","embeddable":true,"href":"https:\/\/catolicanet.net\/wp-cnet\/wp-json\/wp\/v2\/categories?post=73378"},{"taxonomy":"post_tag","embeddable":true,"href":"https:\/\/catolicanet.net\/wp-cnet\/wp-json\/wp\/v2\/tags?post=73378"}],"curies":[{"name":"wp","href":"https:\/\/api.w.org\/{rel}","templated":true}]}}