{"id":73376,"date":"2022-04-07T09:07:21","date_gmt":"2022-04-07T12:07:21","guid":{"rendered":"https:\/\/catolicanet.net\/wp-cnet\/?p=73376"},"modified":"2022-04-08T17:10:46","modified_gmt":"2022-04-08T20:10:46","slug":"via-sacra-3","status":"publish","type":"post","link":"https:\/\/catolicanet.net\/wp-cnet\/via-sacra-3\/","title":{"rendered":"Via Sacra"},"content":{"rendered":"<p style=\"text-align: justify;\">A Via Sacra \u00e9 uma pr\u00e1tica devocional espiritual muito importante para ser realizada durante o per\u00edodo quaresmal e, na semana santa, muito mais ainda. Recomenda-se que medite a Via Sacra sempre. \u00c9 uma pr\u00e1tica devocional muito importante para nossa espiritualidade. Podemos faz\u00ea-la sempre, especialmente \u00e0s sextas feiras, e em especial todas as sextas-feiras da Quaresma.<\/p>\n<p style=\"text-align: justify;\">Na Via Sacra, meditamos os passos que Jesus percorreu at\u00e9 o calv\u00e1rio e a sua crucifix\u00e3o e morte de cruz. No Brasil, de modo particular, o caminho do calv\u00e1rio \u00e9 relembrado com prociss\u00e3o na sexta-Feira Santa, ap\u00f3s a a\u00e7\u00e3o lit\u00fargica da Paix\u00e3o do Senhor, e, em alguns lugares, tamb\u00e9m ap\u00f3s o Serm\u00e3o do Descendimento da Cruz e a prociss\u00e3o do Senhor Morto. Aqui em nossa arquidiocese, al\u00e9m das muitas atividades nas par\u00f3quias, na Catedral realizamos no encerrar da sexta-feira santa durante a prociss\u00e3o com o Senhor morto pelas ruas centrais de nossa cidade.<\/p>\n<p style=\"text-align: justify;\">Durante o per\u00edodo quaresmal, somos convidados a intensificar tr\u00eas pr\u00e1ticas: ora\u00e7\u00e3o, jejum e caridade. Sobretudo, nas sextas feiras da Quaresma, podemos fazer o jejum e a abstin\u00eancia de carne e intensificar a nossa ora\u00e7\u00e3o. Essas tr\u00eas pr\u00e1ticas caminham juntas. O jejum s\u00f3 ter\u00e1 valor efetivo se for acompanhado da ora\u00e7\u00e3o e a caridade \u00e9 o gesto concreto do meu jejum. Por isso, nas sextas-feiras da quaresma, realizamos a Via Sacra, pois \u00e9 um modo de intensificarmos a nossa ora\u00e7\u00e3o, meditando os passos de Jesus rumo ao calv\u00e1rio.<\/p>\n<p style=\"text-align: justify;\">\u00c9 claro que podemos meditar sempre a Via Sacra, mas durante o per\u00edodo quaresmal e na semana santa, \u00e9 ainda mais significativo. Meditar a Via Sacra \u00e9, tamb\u00e9m, uma forma de fazermos penit\u00eancia, outra pr\u00e1tica quaresmal. Jesus carregou os nossos pecados ao levar a cruz sob as costas e ao morrer crucificado, nos salvou. Dessa forma, rezar a Via Sacra tem car\u00e1ter penitencial, pedindo, sobretudo, o perd\u00e3o de nossos pecados.<\/p>\n<p style=\"text-align: justify;\">A Via Sacra \u00e9 muito antiga e \u00e9 uma forma de se meditar a Paix\u00e3o de Cristo. A express\u00e3o vem do latim e significa \u201ccaminho sagrado\u201d. Como j\u00e1 dissemos, nada mais \u00e9 do que o caminho que Jesus percorreu, desde a injusta condena\u00e7\u00e3o at\u00e9 a morte de Cruz. Esse momento deve ser celebrado com f\u00e9 e piedade. N\u00e3o podemos deixar esses momentos passarem em branco ou ficarem esquecidos. As par\u00f3quias devem proporcionar esse momento aos fi\u00e9is durante todas as sextas da Quaresma.<\/p>\n<p style=\"text-align: justify;\">Nos dias de hoje, quem vai \u00e0 Terra Santa, percorre esse caminho da via sacra. \u00c9 claro que o tempo prop\u00edcio para se meditar a Via Sacra \u00e9 nas sextas-feiras da Quaresma, mas pode ser feita durante o ano todo, sempre que quisermos recordar o caminho de Cristo rumo ao calv\u00e1rio, o caminho da nossa salva\u00e7\u00e3o. Quem faz peregrina\u00e7\u00e3o a Jerusal\u00e9m a realiza na ocasi\u00e3o que \u00e9 poss\u00edvel passando pelas apertadas e movimentadas ruas da velha cidade.<\/p>\n<p style=\"text-align: justify;\">Normalmente, em nossas par\u00f3quias t\u00eam quadros ou pinturas em relevo na parede, recordando esse caminho de Jesus. Existem, tamb\u00e9m, livrinhos com a medita\u00e7\u00e3o das 14 (alguns acrescentam a 15\u00aa) esta\u00e7\u00f5es da Via Sacra, por isso ela pode ser meditada sempre que sentirmos necessidade. O mesmo acontece com o ter\u00e7o. Podemos e devemos como crist\u00e3os rez\u00e1-lo todos os dias, e nas ter\u00e7as e sextas-feiras, meditamos os mist\u00e9rios dolorosos, que tamb\u00e9m fazem mem\u00f3ria aos \u00faltimos momentos de Jesus at\u00e9 a morte de Cruz.<\/p>\n<p style=\"text-align: justify;\">As esta\u00e7\u00f5es ao todo s\u00e3o 14 e compreendem o momento desde a pris\u00e3o de Jesus at\u00e9 a sua crucifix\u00e3o e morte. Atualmente foi acrescentada a 15\u00aa esta\u00e7\u00e3o, que trata da ressurrei\u00e7\u00e3o de Jesus. Ou seja, a morte n\u00e3o tem a \u00faltima palavra, Cristo venceu a morte e ressuscitou para nos salvar e abriu para n\u00f3s o caminho da ressurrei\u00e7\u00e3o. Se Ele ressuscitou, n\u00f3s tamb\u00e9m ressuscitaremos.<\/p>\n<p style=\"text-align: justify;\">Ao realizar essa piedosa devo\u00e7\u00e3o contemplamos tamb\u00e9m os sofrimentos do povo e as injusti\u00e7as que ocorrem no mundo. Ao refletirmos e rezarmos diante das esta\u00e7\u00f5es da via sacra, fazemos mem\u00f3ria da entrega de Jesus por n\u00f3s, mas tamb\u00e9m lembramos de n\u00f3s mesmo e de nosso povo com suas cruzes \u00e0s costas.<\/p>\n<p style=\"text-align: justify;\">Se realizar o caminho da Via Sacra com f\u00e9 e piedade, a Igreja concede a indulg\u00eancia plen\u00e1ria, ou seja, o perd\u00e3o das penas temporais consequentes dos pecados perdoados. Para isso, \u00e9 necess\u00e1rio seguir alguns crit\u00e9rios: deve-se meditar com piedade e de forma concreta as esta\u00e7\u00f5es; percorrer as 14 esta\u00e7\u00f5es, parando diante das cruzes e quadros das esta\u00e7\u00f5es; n\u00e3o necessariamente \u00e9 preciso meditar os textos que remontam aquela esta\u00e7\u00e3o da Via Sacra, mas pode-se optar por leituras devotas e algumas ora\u00e7\u00f5es vocais; movimentar-se de esta\u00e7\u00e3o para esta\u00e7\u00e3o de forma ordenada.<\/p>\n<p style=\"text-align: justify;\">Para receber a indulgencia plen\u00e1ria, como \u00e9 tradi\u00e7\u00e3o, tamb\u00e9m \u00e9 preciso estar com a confiss\u00e3o em dia, rezar nas inten\u00e7\u00f5es do Papa, do bispo diocesano e da Igreja. E exercer alguma obra de caridade, rezar pelos mortos e a profiss\u00e3o de f\u00e9. Tudo isso \u00e9 poss\u00edvel fazer no per\u00edodo quaresmal: a confiss\u00e3o, a caridade, rezar pelos mortos e pela igreja. Essa indulg\u00eancia pode, ainda, ser lucrada\u00a0todos os dias do ano\u00a0e aplicar-se aos defuntos.<\/p>\n<p style=\"text-align: justify;\">Sempre \u00e9 tempo prop\u00edcio para meditar o mist\u00e9rio da Paix\u00e3o, Morte e ressurrei\u00e7\u00e3o de Jesus, mas na quaresma \u00e9 o tempo ainda mais prop\u00edcio. Devemos meditar em todas as sextas-feiras da quaresma e, especialmente, nas suas duas \u00faltimas semanas, tradicionalmente denominadas de <em>Tempo da Paix\u00e3o, <\/em>pois se aproximam os dias da entrega do Senhor por n\u00f3s.<\/p>\n<p style=\"text-align: justify;\">Quando se reza em grupo, \u00e9 recomend\u00e1vel entoar c\u00e2nticos entre uma esta\u00e7\u00e3o e outra. Como o\u00a0<em>Stabat mater<\/em>, em l\u00edngua portuguesa, talvez o hino\u00a0<em>A morrer crucificado<\/em>\u00a0seja o mais conhecido para essa finalidade.\u00a0Por isso, entre uma esta\u00e7\u00e3o e outra acrescenta-se versos desse c\u00e2ntico. A Via Sacra em grupo pode ser acompanhada da Cruz e duas velas. O sacerdote tamb\u00e9m pode acompanhar a Via Sacra, se n\u00e3o puder, os fi\u00e9is leigos mesmo realizam. \u00c9 recomend\u00e1vel tamb\u00e9m rezar um Pai-Nosso, uma Ave Maria e um Gl\u00f3ria ao Pai, ap\u00f3s cada esta\u00e7\u00e3o.<\/p>\n<p style=\"text-align: justify;\">N\u00e3o deixemos passar esse momento e cultivemos essa espiritualidade em nosso cora\u00e7\u00e3o e em nossa fam\u00edlia. Percorramos com Jesus esse caminho at\u00e9 ao calv\u00e1rio, entreguemos na cruz os nossos pecados e que possamos ressuscitar para uma vida nova. Segue abaixo a ora\u00e7\u00e3o a Jesus crucificado para nos ajudar em nossa espiritualidade quaresmal:<\/p>\n<p style=\"text-align: justify;\"><em>Eis-me aqui, \u00f3 meu bom e dulc\u00edssimo Jesus! Humildemente prostrado de joelhos em vossa presen\u00e7a, pe\u00e7o e suplico-vos, com todo o fervor de minha alma, que vos digneis gravar em meu cora\u00e7\u00e3o os mais vivos sentimentos de f\u00e9, esperan\u00e7a e caridade, de verdadeiro arrependimento de meus pecados, e um firme prop\u00f3sito de emendar-me, enquanto vou considerando, com vivo afeto e dor, as vossas cinco chagas, tendo presentes as palavras que j\u00e1 o profeta Davi punha em vossa boca, \u00f3 bom Jesus: \u201cTranspassaram minhas m\u00e3os e os meus p\u00e9s e contaram todos os meus ossos\u201d (<\/em><em>Sl\u00a021, 17).<\/em><\/p>\n<p style=\"text-align: justify;\">Nossa Senhora das Dores, rogai por n\u00f3s!<\/p>\n","protected":false},"excerpt":{"rendered":"<p>A Via Sacra \u00e9 uma pr\u00e1tica devocional espiritual muito importante para ser realizada durante o per\u00edodo quaresmal e, na semana santa, muito mais ainda. Recomenda-se que medite a Via Sacra sempre. \u00c9 uma pr\u00e1tica devocional muito importante para nossa espiritualidade. Podemos faz\u00ea-la sempre, especialmente \u00e0s sextas feiras, e em especial todas as sextas-feiras da Quaresma. [&hellip;]<\/p>\n","protected":false},"author":5,"featured_media":55819,"comment_status":"open","ping_status":"closed","sticky":false,"template":"","format":"standard","meta":{"footnotes":""},"categories":[9],"tags":[],"class_list":["post-73376","post","type-post","status-publish","format-standard","has-post-thumbnail","hentry","category-artigos"],"_links":{"self":[{"href":"https:\/\/catolicanet.net\/wp-cnet\/wp-json\/wp\/v2\/posts\/73376","targetHints":{"allow":["GET"]}}],"collection":[{"href":"https:\/\/catolicanet.net\/wp-cnet\/wp-json\/wp\/v2\/posts"}],"about":[{"href":"https:\/\/catolicanet.net\/wp-cnet\/wp-json\/wp\/v2\/types\/post"}],"author":[{"embeddable":true,"href":"https:\/\/catolicanet.net\/wp-cnet\/wp-json\/wp\/v2\/users\/5"}],"replies":[{"embeddable":true,"href":"https:\/\/catolicanet.net\/wp-cnet\/wp-json\/wp\/v2\/comments?post=73376"}],"version-history":[{"count":1,"href":"https:\/\/catolicanet.net\/wp-cnet\/wp-json\/wp\/v2\/posts\/73376\/revisions"}],"predecessor-version":[{"id":73377,"href":"https:\/\/catolicanet.net\/wp-cnet\/wp-json\/wp\/v2\/posts\/73376\/revisions\/73377"}],"wp:featuredmedia":[{"embeddable":true,"href":"https:\/\/catolicanet.net\/wp-cnet\/wp-json\/wp\/v2\/media\/55819"}],"wp:attachment":[{"href":"https:\/\/catolicanet.net\/wp-cnet\/wp-json\/wp\/v2\/media?parent=73376"}],"wp:term":[{"taxonomy":"category","embeddable":true,"href":"https:\/\/catolicanet.net\/wp-cnet\/wp-json\/wp\/v2\/categories?post=73376"},{"taxonomy":"post_tag","embeddable":true,"href":"https:\/\/catolicanet.net\/wp-cnet\/wp-json\/wp\/v2\/tags?post=73376"}],"curies":[{"name":"wp","href":"https:\/\/api.w.org\/{rel}","templated":true}]}}