{"id":73370,"date":"2022-04-07T09:00:39","date_gmt":"2022-04-07T12:00:39","guid":{"rendered":"https:\/\/catolicanet.net\/wp-cnet\/?p=73370"},"modified":"2022-04-08T17:01:39","modified_gmt":"2022-04-08T20:01:39","slug":"bendito-o-que-vem-2","status":"publish","type":"post","link":"https:\/\/catolicanet.net\/wp-cnet\/bendito-o-que-vem-2\/","title":{"rendered":"Bendito o que vem!"},"content":{"rendered":"<p style=\"text-align: justify;\">\u00a0\u00a0\u00a0\u00a0\u00a0\u00a0\u00a0\u00a0\u00a0\u00a0\u00a0 Entramos na Semana Santa que foi preparada pela viv\u00eancia quaresmal. \u00c9 a semana da paix\u00e3o, morte e ressurrei\u00e7\u00e3o de Jesus. Uma semana na qual \u00e9 preciso dar tempo \u00e0 contempla\u00e7\u00e3o do mist\u00e9rio da salva\u00e7\u00e3o atrav\u00e9s da leitura e medita\u00e7\u00e3o dos textos b\u00edblicos propostos pela liturgia.<\/p>\n<p style=\"text-align: justify;\">\u00a0\u00a0\u00a0\u00a0\u00a0\u00a0\u00a0\u00a0\u00a0\u00a0\u00a0 A semana come\u00e7a com uma prociss\u00e3o festiva e jubilosa do Domingo de Ramos. Jesus \u00e9 acolhido em Jerusal\u00e9m de forma solene como rei (Lucas 19,28-40). Uma multid\u00e3o de disc\u00edpulos, aos gritos e cheia de alegria, louva a Deus por tudo o que Jesus tinha feito. \u201cTodos gritavam: Bendito o Rei, que vem em nome do Senhor! Paz no c\u00e9u e gl\u00f3ria nas alturas\u201d. No nascimento de Jesus, segundo Lucas, foram os anjos que anunciaram: \u201cGl\u00f3ria a Deus no mais alto dos c\u00e9us, e na terra, paz a todos por ele amados!\u201d (Lc 2,14). Os que se tornaram disc\u00edpulos de Jesus experimentaram a sua paz e no coroamento da sua miss\u00e3o anunciam ao mundo a paz e a b\u00ean\u00e7\u00e3o experimentada.<\/p>\n<p style=\"text-align: justify;\">\u00a0\u00a0\u00a0\u00a0\u00a0\u00a0\u00a0\u00a0\u00a0\u00a0\u00a0 Passaram-se os anos e n\u00f3s, disc\u00edpulos de hoje, tamb\u00e9m cantamos louvores ao Senhor pelos prod\u00edgios que vimos e vemos. H\u00e1 homens e mulheres que renunciam ao seu conforto e projetos pessoais e se colocam ao servi\u00e7o de outros que sofrem; muitos de op\u00f5em \u00e0 viol\u00eancia e \u00e0 mentira para dar lugar \u00e0 verdade que liberta; quantos no sil\u00eancio fazem o bem ao pr\u00f3ximo, proporcionam a reconcilia\u00e7\u00e3o, criam um ambiente de paz onde reina a inimizade.<\/p>\n<p style=\"text-align: justify;\">\u00a0\u00a0\u00a0\u00a0\u00a0\u00a0\u00a0\u00a0\u00a0\u00a0\u00a0 O Domingo de Ramos tamb\u00e9m \u00e9 o domingo da paix\u00e3o de Nosso Senhor Jesus Cristo. Os textos b\u00edblicos n\u00e3o s\u00e3o uma simples cr\u00f4nica para satisfazer a curiosidade, mas s\u00e3o um an\u00fancio de f\u00e9. S\u00e3o as testemunhas oculares que falam a outros que j\u00e1 creem ou que est\u00e3o se abrindo para a f\u00e9. S\u00e3o textos para serem lidos e meditados na perspectiva da f\u00e9. Pois, n\u00e3o contam a hist\u00f3ria de um condenado \u00e0 morte, mas contam o caminho da manifesta\u00e7\u00e3o messi\u00e2nica de Jesus e da sua gl\u00f3ria.<\/p>\n<p style=\"text-align: justify;\">\u00a0\u00a0\u00a0\u00a0\u00a0\u00a0\u00a0\u00a0\u00a0\u00a0\u00a0 Os evangelistas relatam que a vida de Jesus foi enxugando l\u00e1grimas de sofredores, curando doentes, multiplicando alimentos, dando o perd\u00e3o, fazendo compreender que a doen\u00e7a n\u00e3o \u00e9 castigo dos pecados. Enfim, viveu fazendo o bem. Mesmo assim, vai passar pelo sofrimento em solidariedade com todos os sofredores, especialmente os sofredores inocentes.<\/p>\n<p style=\"text-align: justify;\">\u00a0\u00a0\u00a0\u00a0\u00a0\u00a0\u00a0\u00a0\u00a0\u00a0\u00a0 A paix\u00e3o de Jesus \u00e9 uma concentra\u00e7\u00e3o de sofrimentos. Experimenta todos os sofrimentos humanos poss\u00edveis: a incredulidade, chora por Jerusal\u00e9m, cal\u00fanias, a trai\u00e7\u00e3o de Judas, a nega\u00e7\u00e3o de Pedro, o despojamento de suas vestes, o isolamento e o abandono.<\/p>\n<p style=\"text-align: justify;\">\u00a0\u00a0\u00a0\u00a0\u00a0\u00a0\u00a0\u00a0\u00a0\u00a0\u00a0 Por\u00e9m seu sofrimento n\u00e3o \u00e9 de algu\u00e9m derrotado, resignado e nem o considera uma fatalidade, mas um sofrimento aceito e valorizado. Um sofrimento proveniente da fidelidade \u00e0 miss\u00e3o. No caminho do Calv\u00e1rio encontra palavras para consolar os que choravam a sua condena\u00e7\u00e3o, perdoa quem o maltratava e concede a vida eterna ao que estava crucificado ao seu lado.<\/p>\n<p style=\"text-align: justify;\">\u00a0\u00a0\u00a0\u00a0\u00a0\u00a0\u00a0\u00a0\u00a0\u00a0\u00a0 N\u00e3o \u00e9 poss\u00edvel resumir a narra\u00e7\u00e3o da paix\u00e3o, morte e ressurrei\u00e7\u00e3o de Jesus. Todos os fatos s\u00e3o decisivos e devem ser ligados com toda sua vida. Para se aproximar dos relatos se faz necess\u00e1rio percorrer o mesmo itiner\u00e1rio de Jesus da morte \u00e0 vida, da paix\u00e3o \u00e0 gl\u00f3ria.<\/p>\n<p style=\"text-align: justify;\">Admira\u00e7\u00e3o, participa\u00e7\u00e3o e reconhecimento s\u00e3o atitudes recomendados e est\u00e3o entre os sentimentos desejados. Deste modo, a solene liturgia do Domingo de Ramos aumentar\u00e1 a consist\u00eancia espiritual e orientar\u00e1 para a plenitude pascal.<\/p>\n","protected":false},"excerpt":{"rendered":"<p>\u00a0\u00a0\u00a0\u00a0\u00a0\u00a0\u00a0\u00a0\u00a0\u00a0\u00a0 Entramos na Semana Santa que foi preparada pela viv\u00eancia quaresmal. \u00c9 a semana da paix\u00e3o, morte e ressurrei\u00e7\u00e3o de Jesus. Uma semana na qual \u00e9 preciso dar tempo \u00e0 contempla\u00e7\u00e3o do mist\u00e9rio da salva\u00e7\u00e3o atrav\u00e9s da leitura e medita\u00e7\u00e3o dos textos b\u00edblicos propostos pela liturgia. \u00a0\u00a0\u00a0\u00a0\u00a0\u00a0\u00a0\u00a0\u00a0\u00a0\u00a0 A semana come\u00e7a com uma prociss\u00e3o festiva e [&hellip;]<\/p>\n","protected":false},"author":18,"featured_media":55821,"comment_status":"open","ping_status":"closed","sticky":false,"template":"","format":"standard","meta":{"footnotes":""},"categories":[9],"tags":[],"class_list":["post-73370","post","type-post","status-publish","format-standard","has-post-thumbnail","hentry","category-artigos"],"_links":{"self":[{"href":"https:\/\/catolicanet.net\/wp-cnet\/wp-json\/wp\/v2\/posts\/73370","targetHints":{"allow":["GET"]}}],"collection":[{"href":"https:\/\/catolicanet.net\/wp-cnet\/wp-json\/wp\/v2\/posts"}],"about":[{"href":"https:\/\/catolicanet.net\/wp-cnet\/wp-json\/wp\/v2\/types\/post"}],"author":[{"embeddable":true,"href":"https:\/\/catolicanet.net\/wp-cnet\/wp-json\/wp\/v2\/users\/18"}],"replies":[{"embeddable":true,"href":"https:\/\/catolicanet.net\/wp-cnet\/wp-json\/wp\/v2\/comments?post=73370"}],"version-history":[{"count":1,"href":"https:\/\/catolicanet.net\/wp-cnet\/wp-json\/wp\/v2\/posts\/73370\/revisions"}],"predecessor-version":[{"id":73371,"href":"https:\/\/catolicanet.net\/wp-cnet\/wp-json\/wp\/v2\/posts\/73370\/revisions\/73371"}],"wp:featuredmedia":[{"embeddable":true,"href":"https:\/\/catolicanet.net\/wp-cnet\/wp-json\/wp\/v2\/media\/55821"}],"wp:attachment":[{"href":"https:\/\/catolicanet.net\/wp-cnet\/wp-json\/wp\/v2\/media?parent=73370"}],"wp:term":[{"taxonomy":"category","embeddable":true,"href":"https:\/\/catolicanet.net\/wp-cnet\/wp-json\/wp\/v2\/categories?post=73370"},{"taxonomy":"post_tag","embeddable":true,"href":"https:\/\/catolicanet.net\/wp-cnet\/wp-json\/wp\/v2\/tags?post=73370"}],"curies":[{"name":"wp","href":"https:\/\/api.w.org\/{rel}","templated":true}]}}