{"id":73358,"date":"2022-04-08T09:18:05","date_gmt":"2022-04-08T12:18:05","guid":{"rendered":"https:\/\/catolicanet.net\/wp-cnet\/?p=73358"},"modified":"2022-04-08T16:22:01","modified_gmt":"2022-04-08T19:22:01","slug":"qual-e-o-verdadeiro-sentido-das-palmas-do-domingo-de-ramos-3","status":"publish","type":"post","link":"https:\/\/catolicanet.net\/wp-cnet\/qual-e-o-verdadeiro-sentido-das-palmas-do-domingo-de-ramos-3\/","title":{"rendered":"Qual \u00e9 o verdadeiro sentido das palmas do Domingo de Ramos?"},"content":{"rendered":"<p style=\"text-align: justify;\">No pr\u00f3ximo domingo, 10 de abril, tem in\u00edcio a celebra\u00e7\u00e3o da\u00a0Semana Santa\u00a0com o\u00a0Domingo de Ramos, recordando a entrada triunfal de Jesus em Jerusal\u00e9m, quando foi recebido por seus disc\u00edpulos e pelo povo com palmas e ramos de oliveira.<\/p>\n<p style=\"text-align: justify;\"><strong>Qual \u00e9 o verdadeiro sentido desses ramos depois de serem aben\u00e7oadas?<\/strong><\/p>\n<p style=\"text-align: justify;\">Depois de aben\u00e7oadas, muitos fi\u00e9is costumam coloc\u00e1-las em algum lugar privilegiado em suas casas e as utilizam como um sacramental, ou seja, como \u201csinais sagrados por meio dos quais, imitando de algum modo os\u00a0sacramentos, se significam e se obt\u00eam, pela ora\u00e7\u00e3o da\u00a0Igreja, efeitos principalmente de ordem espiritual\u201d (CIC 1667).<\/p>\n<p style=\"text-align: justify;\">\u201cEntretanto muitas pessoas costumam colocar as palmas aben\u00e7oadas atr\u00e1s da porta como amuletos, s\u00e3o utilizadas com fins curativos ou para manter afastados os esp\u00edritos maus ou os ladr\u00f5es, o que \u00e9 uma supersti\u00e7\u00e3o\u201d, adverte o Sistema Informativo da Arquidiocese do M\u00e9xico (SIAME).<\/p>\n<p style=\"text-align: justify;\">Esta cren\u00e7a, segundo esta institui\u00e7\u00e3o, \u00e9 err\u00f4nea porque \u201co verdadeiro sentido das palmas em nosso lar \u00e9 lembrar que Jesus \u00e9 nosso rei e que devemos sempre dar-lhes as boas-vindas em nosso lar\u201d.<\/p>\n<p style=\"text-align: justify;\">Quando a Semana Santa termina, sugerem lev\u00e1-las \u201c\u00e0 igreja para que seja queimada e possam utilizar suas cinzas precisamente na Quarta-feira de Cinzas, da pr\u00f3xima\u00a0Quaresma\u201d.<\/p>\n<p style=\"text-align: justify;\">Antigamente, por raz\u00f5es geogr\u00e1ficas, muitas igrejas n\u00e3o conseguiam palmas. Deste modo, foram substitu\u00eddas por outra planta local como a oliveira ou a palmeira.<\/p>\n<p style=\"text-align: justify;\">No \u201cCaeremoniale Episcoporum\u201d, livro que cont\u00e9m os ritos e cerim\u00f4nias latinas da Igreja Cat\u00f3lica, sugerem que, nestes casos, pelo menos se junte flores aos ramos de oliveira.<\/p>\n","protected":false},"excerpt":{"rendered":"<p>No pr\u00f3ximo domingo, 10 de abril, tem in\u00edcio a celebra\u00e7\u00e3o da\u00a0Semana Santa\u00a0com o\u00a0Domingo de Ramos, recordando a entrada triunfal de Jesus em Jerusal\u00e9m, quando foi recebido por seus disc\u00edpulos e pelo povo com palmas e ramos de oliveira. Qual \u00e9 o verdadeiro sentido desses ramos depois de serem aben\u00e7oadas? Depois de aben\u00e7oadas, muitos fi\u00e9is costumam [&hellip;]<\/p>\n","protected":false},"author":1,"featured_media":73359,"comment_status":"open","ping_status":"closed","sticky":false,"template":"","format":"standard","meta":{"footnotes":""},"categories":[4,13],"tags":[],"class_list":["post-73358","post","type-post","status-publish","format-standard","has-post-thumbnail","hentry","category-cotidiano","category-featured"],"_links":{"self":[{"href":"https:\/\/catolicanet.net\/wp-cnet\/wp-json\/wp\/v2\/posts\/73358","targetHints":{"allow":["GET"]}}],"collection":[{"href":"https:\/\/catolicanet.net\/wp-cnet\/wp-json\/wp\/v2\/posts"}],"about":[{"href":"https:\/\/catolicanet.net\/wp-cnet\/wp-json\/wp\/v2\/types\/post"}],"author":[{"embeddable":true,"href":"https:\/\/catolicanet.net\/wp-cnet\/wp-json\/wp\/v2\/users\/1"}],"replies":[{"embeddable":true,"href":"https:\/\/catolicanet.net\/wp-cnet\/wp-json\/wp\/v2\/comments?post=73358"}],"version-history":[{"count":1,"href":"https:\/\/catolicanet.net\/wp-cnet\/wp-json\/wp\/v2\/posts\/73358\/revisions"}],"predecessor-version":[{"id":73360,"href":"https:\/\/catolicanet.net\/wp-cnet\/wp-json\/wp\/v2\/posts\/73358\/revisions\/73360"}],"wp:featuredmedia":[{"embeddable":true,"href":"https:\/\/catolicanet.net\/wp-cnet\/wp-json\/wp\/v2\/media\/73359"}],"wp:attachment":[{"href":"https:\/\/catolicanet.net\/wp-cnet\/wp-json\/wp\/v2\/media?parent=73358"}],"wp:term":[{"taxonomy":"category","embeddable":true,"href":"https:\/\/catolicanet.net\/wp-cnet\/wp-json\/wp\/v2\/categories?post=73358"},{"taxonomy":"post_tag","embeddable":true,"href":"https:\/\/catolicanet.net\/wp-cnet\/wp-json\/wp\/v2\/tags?post=73358"}],"curies":[{"name":"wp","href":"https:\/\/api.w.org\/{rel}","templated":true}]}}