{"id":73333,"date":"2022-04-07T10:35:14","date_gmt":"2022-04-07T13:35:14","guid":{"rendered":"https:\/\/catolicanet.net\/wp-cnet\/?p=73333"},"modified":"2022-04-07T16:37:01","modified_gmt":"2022-04-07T19:37:01","slug":"missionarios-distribuem-50-mil-exemplares-da-medalha-milagrosa-na-ucrania","status":"publish","type":"post","link":"https:\/\/catolicanet.net\/wp-cnet\/missionarios-distribuem-50-mil-exemplares-da-medalha-milagrosa-na-ucrania\/","title":{"rendered":"Mission\u00e1rios distribuem 50 mil exemplares da Medalha Milagrosa na Ucr\u00e2nia"},"content":{"rendered":"<h2 class=\"subtitle\" style=\"text-align: justify;\">&#8220;O que me impressionou mais foi a gratid\u00e3o das pessoas pela medalha. Os cat\u00f3licos ucranianos t\u00eam uma f\u00e9 muito profunda, porque foi forjada com sangue&#8221;<\/h2>\n<p style=\"text-align: justify;\">AF\u00e9d\u00e9ration Pro Europa Christiana enviou 50 mil exemplares da Medalha Milagrosa de\u00a0<a href=\"https:\/\/pt.aleteia.org\/2020\/08\/23\/nossa-senhora-das-gracas-e-a-medalha-milagrosa-um-sinal-em-meio-ao-caos\/\" target=\"_blank\" rel=\"noreferrer noopener\">Nossa Senhora das Gra\u00e7as<\/a>\u00a0para serem distribu\u00eddas entre cat\u00f3licos da Ucr\u00e2nia: 20 mil foram para a capital, Kiev, e 30 mil para Lviv, no oeste do pa\u00eds.<\/p>\n<p style=\"text-align: justify;\">O encarregado de distribuir os exemplares da Medalha Milagrosa na Ucr\u00e2nia foi o mission\u00e1rio Miguel \u00c1ngel Guti\u00e9rrez, que, em entrevista ao portal\u00a0<a href=\"https:\/\/www.infocatolica.com\/blog\/caballeropilar.php\/2204041148-federation-pro-europe-christi\" target=\"_blank\" rel=\"noreferrer noopener\">Infocatolica<\/a>, testemunhou:<\/p>\n<blockquote class=\"wp-block-quote\">\n<p style=\"text-align: justify;\">\u201cO que me impressionou mais foi a gratid\u00e3o das pessoas pela medalha. Os cat\u00f3licos ucranianos sofreram persegui\u00e7\u00e3o e mart\u00edrio durante d\u00e9cadas. Eles t\u00eam uma f\u00e9 muito profunda, porque foi forjada com sangue. E saber que outros pa\u00edses est\u00e3o orando por eles e que esta medalha \u00e9 o s\u00edmbolo dessa uni\u00e3o em ora\u00e7\u00e3o deixou o cora\u00e7\u00e3o deles impactado\u201d.<\/p>\n<\/blockquote>\n<p style=\"text-align: justify;\">Guti\u00e9rrez considera que o pedido dos bispos da Ucr\u00e2nia para que o Papa consagrasse o pa\u00eds e a R\u00fassia ao Imaculado Cora\u00e7\u00e3o de Maria foi um sinal: \u201ca certeza de que o drama da guerra \u00e9 travado sobretudo no campo espiritual\u201d. Este sinal inspirou sua comunidade a distribuir a milagrosa na Ucr\u00e2nia.<\/p>\n<p style=\"text-align: justify;\">O mission\u00e1rio citou mais um sinal da f\u00e9 dos cat\u00f3licos ucranianos:<\/p>\n<blockquote class=\"wp-block-quote\">\n<div id=\"aleteia-welcome\"><\/div>\n<p>\u201cA imagem peregrina de Nossa Senhora de F\u00e1tima est\u00e1 na maior par\u00f3quia greco-cat\u00f3lica do pa\u00eds. Todas as tardes eles fazem a prociss\u00e3o rezando o Santo Ros\u00e1rio ao redor da igreja. Quando soam as sirenes antia\u00e9reas, a prociss\u00e3o n\u00e3o \u00e9 interrompida: ela continua no por\u00e3o da igreja\u201d.<\/p><\/blockquote>\n<p>Guti\u00e9rrez acrescenta:<\/p>\n<blockquote class=\"wp-block-quote\"><p>\u201cOs bispos da Ucr\u00e2nia viram com muita clareza que os problemas s\u00e3o resolvidos com a convers\u00e3o do cora\u00e7\u00e3o dos homens. Se n\u00e3o houver convers\u00e3o, o pecado do homem continuar\u00e1 produzindo males maiores. Foi por isso que Nossa Senhora de F\u00e1tima pediu a consagra\u00e7\u00e3o da R\u00fassia e tamb\u00e9m a penit\u00eancia e a convers\u00e3o. Este \u00e9 o caminho que ela indicou para podermos ver o seu Imaculado Cora\u00e7\u00e3o triunfar o mais r\u00e1pido poss\u00edvel\u201d.<\/p><\/blockquote>\n","protected":false},"excerpt":{"rendered":"<p>&#8220;O que me impressionou mais foi a gratid\u00e3o das pessoas pela medalha. Os cat\u00f3licos ucranianos t\u00eam uma f\u00e9 muito profunda, porque foi forjada com sangue&#8221; AF\u00e9d\u00e9ration Pro Europa Christiana enviou 50 mil exemplares da Medalha Milagrosa de\u00a0Nossa Senhora das Gra\u00e7as\u00a0para serem distribu\u00eddas entre cat\u00f3licos da Ucr\u00e2nia: 20 mil foram para a capital, Kiev, e 30 [&hellip;]<\/p>\n","protected":false},"author":1,"featured_media":73334,"comment_status":"open","ping_status":"closed","sticky":false,"template":"","format":"standard","meta":{"footnotes":""},"categories":[4],"tags":[],"class_list":["post-73333","post","type-post","status-publish","format-standard","has-post-thumbnail","hentry","category-cotidiano"],"_links":{"self":[{"href":"https:\/\/catolicanet.net\/wp-cnet\/wp-json\/wp\/v2\/posts\/73333","targetHints":{"allow":["GET"]}}],"collection":[{"href":"https:\/\/catolicanet.net\/wp-cnet\/wp-json\/wp\/v2\/posts"}],"about":[{"href":"https:\/\/catolicanet.net\/wp-cnet\/wp-json\/wp\/v2\/types\/post"}],"author":[{"embeddable":true,"href":"https:\/\/catolicanet.net\/wp-cnet\/wp-json\/wp\/v2\/users\/1"}],"replies":[{"embeddable":true,"href":"https:\/\/catolicanet.net\/wp-cnet\/wp-json\/wp\/v2\/comments?post=73333"}],"version-history":[{"count":1,"href":"https:\/\/catolicanet.net\/wp-cnet\/wp-json\/wp\/v2\/posts\/73333\/revisions"}],"predecessor-version":[{"id":73335,"href":"https:\/\/catolicanet.net\/wp-cnet\/wp-json\/wp\/v2\/posts\/73333\/revisions\/73335"}],"wp:featuredmedia":[{"embeddable":true,"href":"https:\/\/catolicanet.net\/wp-cnet\/wp-json\/wp\/v2\/media\/73334"}],"wp:attachment":[{"href":"https:\/\/catolicanet.net\/wp-cnet\/wp-json\/wp\/v2\/media?parent=73333"}],"wp:term":[{"taxonomy":"category","embeddable":true,"href":"https:\/\/catolicanet.net\/wp-cnet\/wp-json\/wp\/v2\/categories?post=73333"},{"taxonomy":"post_tag","embeddable":true,"href":"https:\/\/catolicanet.net\/wp-cnet\/wp-json\/wp\/v2\/tags?post=73333"}],"curies":[{"name":"wp","href":"https:\/\/api.w.org\/{rel}","templated":true}]}}