{"id":73330,"date":"2022-04-07T10:31:10","date_gmt":"2022-04-07T13:31:10","guid":{"rendered":"https:\/\/catolicanet.net\/wp-cnet\/?p=73330"},"modified":"2022-04-07T16:33:56","modified_gmt":"2022-04-07T19:33:56","slug":"crer-e-seguir-em-frente-com-confianca","status":"publish","type":"post","link":"https:\/\/catolicanet.net\/wp-cnet\/crer-e-seguir-em-frente-com-confianca\/","title":{"rendered":"Crer \u00e9 seguir em frente com confian\u00e7a"},"content":{"rendered":"<h2 class=\"subtitle\" style=\"text-align: justify;\">Acreditar \u00e9 seguir em frente precisamente quando h\u00e1 falta de provas claras do que acreditamos<\/h2>\n<p style=\"text-align: justify;\">Ahist\u00f3ria contada no Evangelho de S\u00e3o Jo\u00e3o\u00a04,43-54 pode assemelhar-se a muitas outras hist\u00f3rias de cura contadas no Evangelho. No entanto, o desespero deste pai que procura Jesus porque o seu filho est\u00e1 a morrer, encontra alguns detalhes interessantes no relato do evangelista Jo\u00e3o:<\/p>\n<p style=\"text-align: justify;\">\u201cSenhor, desce, antes que o meu filho morra\u201d. Jesus responde-lhe: \u201cVai, que o teu filho vive\u201d. O homem acreditou na palavra que Jesus lhe tinha falado e partiu.<\/p>\n<p style=\"text-align: justify;\">Acreditar \u00e9 seguir em frente quando nos faltam provas claras do que acreditamos. A f\u00e9 n\u00e3o \u00e9 uma quest\u00e3o de nos convencermos um pouco de cada vez, mas de confiarmos um pouco em n\u00f3s pr\u00f3prios de cada vez. \u00c9 nesta din\u00e2mica de confian\u00e7a gradual que a gra\u00e7a de Deus opera a mudan\u00e7a:<\/p>\n<blockquote class=\"wp-block-quote\"><p>J\u00e1 ele descia, quando os servos vieram ao seu encontro e lhe disseram que o filho vivia. Perguntou-lhes ent\u00e3o a que horas tinha melhorado. Eles responderam-lhe: \u00abFoi ontem \u00e0 uma da tarde que a febre o deixou\u00bb. Ent\u00e3o o pai verificou que \u00e0quela hora Jesus lhe tinha dito: \u00abO teu filho vive\u00bb. E acreditou, ele e todos os de sua casa.<\/p><\/blockquote>\n<p style=\"text-align: justify;\">Muitos de n\u00f3s, por outro lado, pensamos de forma oposta, porque procuramos provas para poder confiar, ignorando o fato de que s\u00f3 a f\u00e9 nos permite ver uma mudan\u00e7a. Sem f\u00e9, ficamos com os fatos sem sa\u00edda, mas a f\u00e9 \u00e9 a intui\u00e7\u00e3o do inesperado que muda tudo.<\/p>\n<div class=\"wp-block-aleteia-heading3\" style=\"text-align: justify;\">\n<h3>Evangelho segundo S\u00e3o Jo\u00e3o\u00a04,43-54<\/h3>\n<\/div>\n<div id=\"aleteia-welcome\" style=\"text-align: justify;\"><\/div>\n<p style=\"text-align: justify;\">Naquele tempo, Jesus saiu da Samaria e foi para a Galileia.<br \/>\nEle pr\u00f3prio tinha declarado que um profeta nunca era apreciado na sua terra.<br \/>\nAo chegar \u00e0 Galileia, foi recebido pelos galileus, porque tinham visto quanto Ele fizera em Jerusal\u00e9m, por ocasi\u00e3o da festa, a que tamb\u00e9m eles tinham assistido.<br \/>\nJesus voltou novamente a Can\u00e1 da Galileia, onde convertera a \u00e1gua em vinho. Havia em Cafarnaum um funcion\u00e1rio real cujo filho se encontrava doente.<br \/>\nQuando ouviu dizer que Jesus viera da Judeia para a Galileia, foi ter com Ele e pediu-Lhe que descesse a curar o seu filho, que estava a morrer.<br \/>\nJesus disse-lhe: \u00abSe n\u00e3o virdes sinais e prod\u00edgios, n\u00e3o acreditareis\u00bb.<br \/>\nO funcion\u00e1rio insistiu: \u00abSenhor, desce, antes que meu filho morra\u00bb.<br \/>\nJesus respondeu-lhe: \u00abVai, que o teu filho vive\u00bb. O homem acreditou nas palavras que Jesus lhe tinha dito e p\u00f4s-se a caminho.<br \/>\nJ\u00e1 ele descia, quando os servos vieram ao seu encontro e lhe disseram que o filho vivia.<br \/>\nPerguntou-lhes ent\u00e3o a que horas tinha melhorado. Eles responderam-lhe: \u00abFoi ontem \u00e0 uma da tarde que a febre o deixou\u00bb.<br \/>\nEnt\u00e3o o pai verificou que \u00e0quela hora Jesus lhe tinha dito: \u00abO teu filho vive\u00bb. E acreditou, ele e todos os de sua casa.<br \/>\nFoi este o segundo milagre que Jesus realizou, ao voltar da Judeia para a Galileia.<\/p>\n","protected":false},"excerpt":{"rendered":"<p>Acreditar \u00e9 seguir em frente precisamente quando h\u00e1 falta de provas claras do que acreditamos Ahist\u00f3ria contada no Evangelho de S\u00e3o Jo\u00e3o\u00a04,43-54 pode assemelhar-se a muitas outras hist\u00f3rias de cura contadas no Evangelho. No entanto, o desespero deste pai que procura Jesus porque o seu filho est\u00e1 a morrer, encontra alguns detalhes interessantes no relato [&hellip;]<\/p>\n","protected":false},"author":1,"featured_media":73331,"comment_status":"open","ping_status":"closed","sticky":false,"template":"","format":"standard","meta":{"footnotes":""},"categories":[4],"tags":[],"class_list":["post-73330","post","type-post","status-publish","format-standard","has-post-thumbnail","hentry","category-cotidiano"],"_links":{"self":[{"href":"https:\/\/catolicanet.net\/wp-cnet\/wp-json\/wp\/v2\/posts\/73330","targetHints":{"allow":["GET"]}}],"collection":[{"href":"https:\/\/catolicanet.net\/wp-cnet\/wp-json\/wp\/v2\/posts"}],"about":[{"href":"https:\/\/catolicanet.net\/wp-cnet\/wp-json\/wp\/v2\/types\/post"}],"author":[{"embeddable":true,"href":"https:\/\/catolicanet.net\/wp-cnet\/wp-json\/wp\/v2\/users\/1"}],"replies":[{"embeddable":true,"href":"https:\/\/catolicanet.net\/wp-cnet\/wp-json\/wp\/v2\/comments?post=73330"}],"version-history":[{"count":1,"href":"https:\/\/catolicanet.net\/wp-cnet\/wp-json\/wp\/v2\/posts\/73330\/revisions"}],"predecessor-version":[{"id":73332,"href":"https:\/\/catolicanet.net\/wp-cnet\/wp-json\/wp\/v2\/posts\/73330\/revisions\/73332"}],"wp:featuredmedia":[{"embeddable":true,"href":"https:\/\/catolicanet.net\/wp-cnet\/wp-json\/wp\/v2\/media\/73331"}],"wp:attachment":[{"href":"https:\/\/catolicanet.net\/wp-cnet\/wp-json\/wp\/v2\/media?parent=73330"}],"wp:term":[{"taxonomy":"category","embeddable":true,"href":"https:\/\/catolicanet.net\/wp-cnet\/wp-json\/wp\/v2\/categories?post=73330"},{"taxonomy":"post_tag","embeddable":true,"href":"https:\/\/catolicanet.net\/wp-cnet\/wp-json\/wp\/v2\/tags?post=73330"}],"curies":[{"name":"wp","href":"https:\/\/api.w.org\/{rel}","templated":true}]}}