{"id":73303,"date":"2022-04-07T09:43:39","date_gmt":"2022-04-07T12:43:39","guid":{"rendered":"https:\/\/catolicanet.net\/wp-cnet\/?p=73303"},"modified":"2022-04-07T15:53:18","modified_gmt":"2022-04-07T18:53:18","slug":"o-papa-aos-sacerdotes-sejam-misericordiosos-grandes-perdoadores","status":"publish","type":"post","link":"https:\/\/catolicanet.net\/wp-cnet\/o-papa-aos-sacerdotes-sejam-misericordiosos-grandes-perdoadores\/","title":{"rendered":"O Papa aos sacerdotes: sejam misericordiosos, grandes perdoadores"},"content":{"rendered":"<div class=\"article__subTitle\" style=\"text-align: justify;\">Quinhentos anos ap\u00f3s a elei\u00e7\u00e3o do Papa Adriano VI, Francisco recordou seu exemplo de vida, falando \u00e0 comunidade do Pontif\u00edcio Instituto Teut\u00f4nico de Nossa Senhora da Alma, em Roma. Recordando o trabalho de seu predecessor exortou: o sacerdote deve ser misericordioso e homem de paz.<\/div>\n<div class=\"title__separator\" style=\"text-align: justify;\"><\/div>\n<div class=\"article__text \">\n<p style=\"text-align: justify;\"><b>Mariangela Jaguraba &#8211; Vatican News<\/b><\/p>\n<p style=\"text-align: justify;\">O Papa Francisco recebeu em audi\u00eancia, no Vaticano, nesta quinta-feira (07\/04), a comunidade do Pontif\u00edcio Instituto Teut\u00f4nico de Nossa Senhora da Alma, em Roma, por ocasi\u00e3o dos 500 anos da elei\u00e7\u00e3o de Adriano VI, pen\u00faltimo Papa proveniente do mundo germ\u00e2nico, sepultado na igreja do Pontif\u00edcio Instituto Teut\u00f4nico de Nossa Senhora da Alma.<\/p>\n<div style=\"text-align: justify;\">\n<div class=\"article__embed article__embed--unwrap article__embed--dark\">\n<div class=\"article__innerTitle\">Ou\u00e7a e compartilhe<\/div>\n<div>\n<!--[if lt IE 9]><script>document.createElement('audio');<\/script><![endif]-->\n<audio class=\"wp-audio-shortcode\" id=\"audio-73303-1\" preload=\"none\" style=\"width: 100%;\" controls=\"controls\"><source type=\"audio\/mpeg\" src=\"https:\/\/media.vaticannews.va\/media\/audio\/s1\/2022\/04\/07\/12\/136505507_F136505507.mp3?_=1\" \/><a href=\"https:\/\/media.vaticannews.va\/media\/audio\/s1\/2022\/04\/07\/12\/136505507_F136505507.mp3\">https:\/\/media.vaticannews.va\/media\/audio\/s1\/2022\/04\/07\/12\/136505507_F136505507.mp3<\/a><\/audio>\n<\/div>\n<\/div>\n<\/div>\n<p style=\"text-align: justify;\">Adriano Florensz nasceu em Utrecht, Pa\u00edses Baixos, que fazia parte do Sacro Imp\u00e9rio da Na\u00e7\u00e3o Alem\u00e3. Recebeu uma excelente educa\u00e7\u00e3o na Universidade de Leuven. Foi tutor do futuro Imperador Carlos V e depois de realizar importantes tarefas eclesi\u00e1sticas e pol\u00edticas, foi elevado aos mais altos cargos e criado cardeal em 1517. Quando a not\u00edcia de sua elei\u00e7\u00e3o como Bispo de Roma chegou at\u00e9 ele, primeiramente hesitou, mas por um senso de dever por fim aceitou.<\/p>\n<p style=\"text-align: justify;\">Segundo o Papa Francisco, &#8220;em seu breve pontificado, que durou pouco mais de um ano&#8221;, Adriano VI &#8220;procurou sobretudo a reconcilia\u00e7\u00e3o na Igreja e no mundo, pondo em pr\u00e1tica as palavras de S\u00e3o Paulo segundo as quais Deus confiou aos Ap\u00f3stolos o minist\u00e9rio da reconcilia\u00e7\u00e3o&#8221;. O Papa Adriano &#8220;enviou o N\u00fancio Chieregati \u00e0 Dieta de Nuremberg para reconciliar Lutero e seus seguidores com a Igreja, pedindo expressamente perd\u00e3o pelos pecados dos prelados da C\u00faria Romana&#8221;.<\/p>\n<h2 style=\"text-align: justify;\">Crescer na voca\u00e7\u00e3o de servos de Cristo<\/h2>\n<p style=\"text-align: justify;\">Francisco disse ainda em seu discurso que &#8220;na esfera pol\u00edtica, superando muita resist\u00eancia, ele se esfor\u00e7ou para chegar a um entendimento entre as duas pot\u00eancias vizinhas, o rei Francisco I da Fran\u00e7a e o imperador Carlos V de Habsburgo, tamb\u00e9m para que juntos pudessem deter os projetos cada vez mais amea\u00e7adores de conquista pelo ex\u00e9rcito otomano. Infelizmente, o Papa Adriano, devido \u00e0 sua morte prematura, n\u00e3o conseguiu concluir nenhum desses projetos. No entanto, seu testemunho de trabalhador destemido e incans\u00e1vel pela f\u00e9, justi\u00e7a e paz permanece vivo na mem\u00f3ria da Igreja&#8221;.<\/p>\n<p style=\"text-align: justify;\"><i>Queridos irm\u00e3os e irm\u00e3s, que o exemplo da vida e do trabalho do Papa Adriano os estimule a crescer em sua voca\u00e7\u00e3o de servos de Cristo. Que o Senhor os sustente em seu minist\u00e9rio e os leve a uma f\u00e9 cada vez mais enraizada em seu amor, vivida com alegria e dedica\u00e7\u00e3o.<\/i><\/p>\n<h2 style=\"text-align: justify;\">O trabalho do confessor \u00e9 perdoar, n\u00e3o torturar<\/h2>\n<p style=\"text-align: justify;\">Pensando na preocupa\u00e7\u00e3o do Papa Adriano VI com a promo\u00e7\u00e3o da conc\u00f3rdia e da reconcilia\u00e7\u00e3o, Francisco exortou os membros do Pontif\u00edcio Instituto Teut\u00f4nico de Nossa Senhora da Alma a seguirem seus passos, especialmente no serem ministros do Sacramento da Penit\u00eancia.<\/p>\n<p style=\"text-align: justify;\"><i>Isto \u00e9 importante: o trabalho do confessor \u00e9 perdoar, n\u00e3o torturar. Sejam misericordiosos, grandes perdoadores, a Igreja quer voc\u00eas assim. Isto significa dedicar tempo para ouvir as confiss\u00f5es, e faz\u00ea-lo bem, com amor, com sabedoria, com muita miseric\u00f3rdia. Mas n\u00e3o apenas isso. Este minist\u00e9rio tamb\u00e9m envolve prega\u00e7\u00e3o, catequese, acompanhamento espiritual; e requer, antes de tudo &#8211; como sempre &#8211; testemunho. Para ser um bom servo do perd\u00e3o de Cristo, um sacerdote deve saber perdoar os outros, deve ser misericordioso em seus relacionamentos, ser um homem de paz, de comunh\u00e3o. Que Nossa Senhora os ajude nisso.<\/i><\/p>\n<\/div>\n","protected":false},"excerpt":{"rendered":"<p>Quinhentos anos ap\u00f3s a elei\u00e7\u00e3o do Papa Adriano VI, Francisco recordou seu exemplo de vida, falando \u00e0 comunidade do Pontif\u00edcio Instituto Teut\u00f4nico de Nossa Senhora da Alma, em Roma. Recordando o trabalho de seu predecessor exortou: o sacerdote deve ser misericordioso e homem de paz. Mariangela Jaguraba &#8211; Vatican News O Papa Francisco recebeu em [&hellip;]<\/p>\n","protected":false},"author":1,"featured_media":73304,"comment_status":"open","ping_status":"closed","sticky":false,"template":"","format":"standard","meta":{"footnotes":""},"categories":[13,3],"tags":[],"class_list":["post-73303","post","type-post","status-publish","format-standard","has-post-thumbnail","hentry","category-featured","category-vaticano"],"_links":{"self":[{"href":"https:\/\/catolicanet.net\/wp-cnet\/wp-json\/wp\/v2\/posts\/73303","targetHints":{"allow":["GET"]}}],"collection":[{"href":"https:\/\/catolicanet.net\/wp-cnet\/wp-json\/wp\/v2\/posts"}],"about":[{"href":"https:\/\/catolicanet.net\/wp-cnet\/wp-json\/wp\/v2\/types\/post"}],"author":[{"embeddable":true,"href":"https:\/\/catolicanet.net\/wp-cnet\/wp-json\/wp\/v2\/users\/1"}],"replies":[{"embeddable":true,"href":"https:\/\/catolicanet.net\/wp-cnet\/wp-json\/wp\/v2\/comments?post=73303"}],"version-history":[{"count":1,"href":"https:\/\/catolicanet.net\/wp-cnet\/wp-json\/wp\/v2\/posts\/73303\/revisions"}],"predecessor-version":[{"id":73305,"href":"https:\/\/catolicanet.net\/wp-cnet\/wp-json\/wp\/v2\/posts\/73303\/revisions\/73305"}],"wp:featuredmedia":[{"embeddable":true,"href":"https:\/\/catolicanet.net\/wp-cnet\/wp-json\/wp\/v2\/media\/73304"}],"wp:attachment":[{"href":"https:\/\/catolicanet.net\/wp-cnet\/wp-json\/wp\/v2\/media?parent=73303"}],"wp:term":[{"taxonomy":"category","embeddable":true,"href":"https:\/\/catolicanet.net\/wp-cnet\/wp-json\/wp\/v2\/categories?post=73303"},{"taxonomy":"post_tag","embeddable":true,"href":"https:\/\/catolicanet.net\/wp-cnet\/wp-json\/wp\/v2\/tags?post=73303"}],"curies":[{"name":"wp","href":"https:\/\/api.w.org\/{rel}","templated":true}]}}