{"id":73250,"date":"2022-04-01T09:26:39","date_gmt":"2022-04-01T12:26:39","guid":{"rendered":"https:\/\/catolicanet.net\/wp-cnet\/?p=73250"},"modified":"2022-04-01T18:28:16","modified_gmt":"2022-04-01T21:28:16","slug":"comissao-da-amazonia-e-repam-brasil-promovem-coletiva-de-lancamento-do-iv-encontro-da-igreja-catolica-na-amazonia-legal","status":"publish","type":"post","link":"https:\/\/catolicanet.net\/wp-cnet\/comissao-da-amazonia-e-repam-brasil-promovem-coletiva-de-lancamento-do-iv-encontro-da-igreja-catolica-na-amazonia-legal\/","title":{"rendered":"COMISS\u00c3O DA AMAZ\u00d4NIA E REPAM-BRASIL PROMOVEM COLETIVA DE LAN\u00c7AMENTO DO IV ENCONTRO DA IGREJA CAT\u00d3LICA NA AMAZ\u00d4NIA LEGAL"},"content":{"rendered":"<div class=\"elementor-element elementor-element-3a087bd2 elementor-widget elementor-widget-theme-post-content\" data-id=\"3a087bd2\" data-element_type=\"widget\" data-widget_type=\"theme-post-content.default\">\n<div class=\"elementor-widget-container\">\n<p style=\"text-align: justify;\"><img loading=\"lazy\" decoding=\"async\" class=\"size-full wp-image-866655 alignright lazyloaded\" src=\"https:\/\/eadn-wc02-718006.nxedge.io\/cdn\/wp-content\/uploads\/2022\/04\/50-Anos-de-Santarem.jpg\" alt=\"\" width=\"300\" height=\"252\" data-src=\"https:\/\/eadn-wc02-718006.nxedge.io\/cdn\/wp-content\/uploads\/2022\/04\/50-Anos-de-Santarem.jpg\" \/>A Comiss\u00e3o Episcopal Especial para a Amaz\u00f4nia da Confer\u00eancia Nacional dos Bispos do Brasil (CNBB), a Rede Eclesial Pan-Amaz\u00f4nica (Repam \u2013 Brasil) e a arquidiocese de Santar\u00e9m (PA) convidam os ve\u00edculos de imprensa para uma coletiva no dia 5 de abril, ter\u00e7a-feira, \u00e0s 9h (hor\u00e1rio de Bras\u00edlia), no semin\u00e1rio S\u00e3o Pio X, em Santar\u00e9m (PA). O evento tem como objetivo o lan\u00e7ar o IV Encontro da Igreja Cat\u00f3lica na Amaz\u00f4nia Legal \u2013 50 anos do Encontro de Santar\u00e9m (1972 \u2013 2022).<\/p>\n<p style=\"text-align: justify;\">Na coletiva estar\u00e3o presentes o arcebispo de Porto Velho (RO) e membro da Comiss\u00e3o Episcopal Especial para a Amaz\u00f4nia da CNBB, dom Roque Paloschi, o arcebispo de Manaus e membro da Comiss\u00e3o Episcopal Especial para a Amaz\u00f4nia da CNBB, dom Leonardo Steiner, a arcebispo de Santar\u00e9m (PA) e Bispo Referencial da Pastoral do Turismo da CNBB, dom Irineu Roman, e a assessora da Repam-Brasil e professora da Universidade Federal de Roraima, professora M\u00e1rcia Maria de Oliveira.<\/p>\n<p style=\"text-align: justify;\">A coletiva ser\u00e1 transmitida pelo Sistema de Comunica\u00e7\u00e3o da Arquidiocese de Santar\u00e9m (TV Encontro Canal 26.1, R\u00e1dio Rural \u2013 AM 710, Facebook: @encontrotv e Youtube: https:\/\/www.youtube.com\/c\/TVEncontro). Os jornalistas tamb\u00e9m podem enviar suas perguntas pelo chat do Youtube ou Facebook da TV Encontro.<\/p>\n<h3 style=\"text-align: justify;\">Sobre o IV Encontro da Igreja Cat\u00f3lica na Amaz\u00f4nia Legal<\/h3>\n<p style=\"text-align: justify;\">Em 2022 completam-se os 50 anos da realiza\u00e7\u00e3o do IV Encontro da Pastoral da Amaz\u00f4nia, realizado de 24 a 30 de maio de 1972 em Santar\u00e9m (PA), no semin\u00e1rio S\u00e3o Pio X, com a presen\u00e7a de v\u00e1rios bispos e administradores diocesanos da regi\u00e3o. Este encontro culminou no conhecido \u201cDocumento de Santar\u00e9m\u201d, que tra\u00e7ou as linhas priorit\u00e1rias da Pastoral da Amaz\u00f4nia.<\/p>\n<p style=\"text-align: justify;\">Para celebrar o encontro de 1972, os bispos das prelazias, dioceses e arquidioceses de toda a Amaz\u00f4nia Legal, al\u00e9m de sacerdotes, leigos e religiosos e religiosas, estar\u00e3o em Santar\u00e9m, se encontrar\u00e3o tamb\u00e9m no semin\u00e1rio S\u00e3o Pio X, de 6 a 9 de junho deste ano, para o IV Encontro da Igreja Cat\u00f3lica na Amaz\u00f4nia Legal.<\/p>\n<p style=\"text-align: justify;\">H\u00e1 10 anos, tamb\u00e9m em Santar\u00e9m, os bispos dos tr\u00eas regionais da CNBB na regi\u00e3o amaz\u00f4nica, na \u00e9poca, Norte 1, Norte 2 e Noroeste (depois foi criado o Regional Norte 3), estiveram reunidos para celebrar os 40 anos do Documento de Santar\u00e9m e refletir a a\u00e7\u00e3o evangelizadora da Igreja na Amaz\u00f4nia com refer\u00eancia ao Documento de 1972.<\/p>\n<h3 style=\"text-align: justify;\">Documento de Santar\u00e9m<\/h3>\n<p style=\"text-align: justify;\">O Documento de Santar\u00e9m, publicado em 1972, traz em suas linhas priorit\u00e1rias a Realidade Amaz\u00f4nica com duas diretrizes b\u00e1sicas: a Encarna\u00e7\u00e3o na Realidade e a Evangeliza\u00e7\u00e3o Libertadora. Tamb\u00e9m se preocupa com a Comunidade Crist\u00e3 de Base ao assegurar que a cria\u00e7\u00e3o delas \u201ctem que ser um dos objetivos prim\u00e1rios da Pastoral Amaz\u00f4nica\u201d. Um ponto a ressaltar no documento \u00e9 quanto a Pastoral Ind\u00edgena ao afirmar que \u201ca Igreja na Amaz\u00f4nia, sem favor algum, tornou-se historicamente a maior respons\u00e1vel pelo \u00edndio. Esta posi\u00e7\u00e3o \u00e9 simples consequ\u00eancia de sua presen\u00e7a multissecular entre os silv\u00edcolas\u201d.<\/p>\n<p style=\"text-align: justify;\">As Linhas Priorit\u00e1rias tamb\u00e9m acrescentam sobre os \u201cMeios de Comunica\u00e7\u00e3o Social\u201d, ao garantir que \u00e9 uma preocupa\u00e7\u00e3o fundamental da Igreja \u201ca integra\u00e7\u00e3o dos meios de comunica\u00e7\u00e3o na pastoral org\u00e2nica da Amaz\u00f4nia, para a realiza\u00e7\u00e3o de suas linhas de a\u00e7\u00e3o\u201d. O documento encerra destacando uma frase dita pelo Papa Paulo VI: \u201cCristo aponta para a Amaz\u00f4nia\u201d.<\/p>\n<p style=\"text-align: justify;\"><strong>Conhe\u00e7a a \u00edntegra do Documento:\u00a0<\/strong>O documento de 1972 est\u00e1 dispon\u00edvel neste link (<a href=\"https:\/\/repam.org.br\/wp-content\/uploads\/2022\/03\/Desafio-Missionario-coletanea_REVISAO-FINAL-1.pdf\" target=\"_blank\" rel=\"noopener\">aqui<\/a>)<\/p>\n<p style=\"text-align: justify;\"><strong>Servi\u00e7o:<br \/>\n<\/strong>Coletiva de Imprensa de lan\u00e7amento do IV Encontro da Igreja Cat\u00f3lica na Amaz\u00f4nia Legal<br \/>\nLocal: Semin\u00e1rio S\u00e3o Pio X \u2013 Transmiss\u00e3o pelo Sistema Arquidiocesano de Comunica\u00e7\u00e3o (TV Encontro Canal 26.1, R\u00e1dio Rural \u2013 AM 710, Facebook: @encontrotv e Youtube da TV Encontro: https:\/\/www.youtube.com\/c\/TVEncontro)<\/p>\n<p style=\"text-align: justify;\"><strong>Contato:<\/strong><br \/>\nAna Caroline Lira \u2013\u00a0(61) 98595-5278 \u2013 E-mail: comunicacao@repam.org.br<\/p>\n<\/div>\n<\/div>\n","protected":false},"excerpt":{"rendered":"<p>A Comiss\u00e3o Episcopal Especial para a Amaz\u00f4nia da Confer\u00eancia Nacional dos Bispos do Brasil (CNBB), a Rede Eclesial Pan-Amaz\u00f4nica (Repam \u2013 Brasil) e a arquidiocese de Santar\u00e9m (PA) convidam os ve\u00edculos de imprensa para uma coletiva no dia 5 de abril, ter\u00e7a-feira, \u00e0s 9h (hor\u00e1rio de Bras\u00edlia), no semin\u00e1rio S\u00e3o Pio X, em Santar\u00e9m (PA). [&hellip;]<\/p>\n","protected":false},"author":1,"featured_media":73251,"comment_status":"open","ping_status":"closed","sticky":false,"template":"","format":"standard","meta":{"footnotes":""},"categories":[7],"tags":[],"class_list":["post-73250","post","type-post","status-publish","format-standard","has-post-thumbnail","hentry","category-cnbb"],"_links":{"self":[{"href":"https:\/\/catolicanet.net\/wp-cnet\/wp-json\/wp\/v2\/posts\/73250","targetHints":{"allow":["GET"]}}],"collection":[{"href":"https:\/\/catolicanet.net\/wp-cnet\/wp-json\/wp\/v2\/posts"}],"about":[{"href":"https:\/\/catolicanet.net\/wp-cnet\/wp-json\/wp\/v2\/types\/post"}],"author":[{"embeddable":true,"href":"https:\/\/catolicanet.net\/wp-cnet\/wp-json\/wp\/v2\/users\/1"}],"replies":[{"embeddable":true,"href":"https:\/\/catolicanet.net\/wp-cnet\/wp-json\/wp\/v2\/comments?post=73250"}],"version-history":[{"count":1,"href":"https:\/\/catolicanet.net\/wp-cnet\/wp-json\/wp\/v2\/posts\/73250\/revisions"}],"predecessor-version":[{"id":73252,"href":"https:\/\/catolicanet.net\/wp-cnet\/wp-json\/wp\/v2\/posts\/73250\/revisions\/73252"}],"wp:featuredmedia":[{"embeddable":true,"href":"https:\/\/catolicanet.net\/wp-cnet\/wp-json\/wp\/v2\/media\/73251"}],"wp:attachment":[{"href":"https:\/\/catolicanet.net\/wp-cnet\/wp-json\/wp\/v2\/media?parent=73250"}],"wp:term":[{"taxonomy":"category","embeddable":true,"href":"https:\/\/catolicanet.net\/wp-cnet\/wp-json\/wp\/v2\/categories?post=73250"},{"taxonomy":"post_tag","embeddable":true,"href":"https:\/\/catolicanet.net\/wp-cnet\/wp-json\/wp\/v2\/tags?post=73250"}],"curies":[{"name":"wp","href":"https:\/\/api.w.org\/{rel}","templated":true}]}}