{"id":73174,"date":"2022-03-28T09:55:18","date_gmt":"2022-03-28T12:55:18","guid":{"rendered":"https:\/\/catolicanet.net\/wp-cnet\/?p=73174"},"modified":"2022-03-28T16:57:07","modified_gmt":"2022-03-28T19:57:07","slug":"marco-mes-de-acontecimentos-importantes-ao-longo-do-pontificado-de-francisco","status":"publish","type":"post","link":"https:\/\/catolicanet.net\/wp-cnet\/marco-mes-de-acontecimentos-importantes-ao-longo-do-pontificado-de-francisco\/","title":{"rendered":"Mar\u00e7o: m\u00eas de acontecimentos importantes ao longo do pontificado de Francisco"},"content":{"rendered":"<h2 class=\"subtitle\" style=\"text-align: justify;\">Pelo menos tr\u00eas fatos que ocorreram no m\u00eas de S\u00e3o Jos\u00e9 em anos diferentes marcaram o atual papado e a hist\u00f3ria da Igreja<\/h2>\n<p style=\"text-align: justify;\">Nos \u00faltimos anos, alguns fatos que marcaram o pontificado de Francisco e j\u00e1 entraram para a hist\u00f3ria recente da Igreja aconteceram em mar\u00e7o de anos diferentes.<\/p>\n<p style=\"text-align: justify;\">Para come\u00e7ar, o cardeal argentino Jorge Mario Bergoglio foi eleito Papa e iniciou o minist\u00e9rio petrino em um m\u00eas de mar\u00e7o (respectivamente nos dias 13 e 19 de mar\u00e7o de 2013).<\/p>\n<p style=\"text-align: justify;\">Era a primeira vez que um representante da Am\u00e9rica e do hemisf\u00e9rio sul subia ao Trono de Pedro. Foi tamb\u00e9m a primeira vez que um pont\u00edfice adotou o nome \u201cFrancisco\u201d, al\u00e9m de ter sido o primeiro Papa jesu\u00edta da hist\u00f3ria.<\/p>\n<p style=\"text-align: justify;\">Na\u00a0<a href=\"https:\/\/www.vatican.va\/content\/francesco\/pt\/homilies\/2013\/documents\/papa-francesco_20130319_omelia-inizio-pontificato.html\" target=\"_blank\" rel=\"noopener\">homilia da Missa<\/a>\u00a0solene de in\u00edcio do minist\u00e9rio, o 266.\u00ba Sumo Pont\u00edfice da Igreja Cat\u00f3lica bradou:<\/p>\n<blockquote class=\"wp-block-quote\"><p>\u201cDou gra\u00e7as ao Senhor por poder celebrar esta Santa\u00a0Missa\u00a0de come\u00e7o do minist\u00e9rio petrino na Solenidade de S\u00e3o Jos\u00e9, esposo da\u00a0Virgem Maria\u00a0e patrono da Igreja universal: \u00e9 uma coincid\u00eancia muito rica de significado\u201d.<\/p><\/blockquote>\n<div class=\"wp-block-aleteia-read-also read-also\" style=\"text-align: justify;\" data-category=\"Espiritualidade\" data-category-english=\"spirituality\">\n<figure><img decoding=\"async\" src=\"https:\/\/wp.pt.aleteia.org\/wp-content\/uploads\/sites\/5\/2018\/03\/web3-saint-joseph-statue-shutterstock_604784360.jpg?w=300&amp;h=169&amp;crop=1\" alt=\"SAINT JOSEPH STATUE\" \/><\/figure>\n<div class=\"read-also-inner\"><em>Leia tamb\u00e9m:<\/em><a href=\"https:\/\/pt.aleteia.org\/2018\/03\/19\/por-que-o-papa-francisco-escolheu-o-dia-de-sao-jose-para-iniciar-seu-pontificado\/\" target=\"_self\" rel=\"noopener\">Por que o Papa Francisco escolheu o dia de S\u00e3o Jos\u00e9 para iniciar seu pontificado?<\/a><\/div>\n<\/div>\n<div class=\"wp-block-aleteia-heading3\" style=\"text-align: justify;\">\n<h3>27 de mar\u00e7o de 2020<\/h3>\n<\/div>\n<div id=\"aleteia-welcome\" style=\"text-align: justify;\"><\/div>\n<p style=\"text-align: justify;\">Francisco enfrentou \u2013 e enfrenta- v\u00e1rios desafios como l\u00edder da Igreja Cat\u00f3lica. Quest\u00f5es internas e outras que nem mesmo ele poderia imaginar. Quem pensaria que o mundo enfrentaria, por exemplo, uma terr\u00edvel crise provocada por uma pandemia?<\/p>\n<div class=\"nativo-inread\" style=\"text-align: justify;\"><\/div>\n<p style=\"text-align: justify;\">Pois isso aconteceu. E, naquele momento, um ato do Santo Padre foi fundamental para reacender a esperan\u00e7a em todo o planeta: a hist\u00f3rica\u00a0<a href=\"https:\/\/www.vatican.va\/content\/francesco\/pt\/messages\/urbi\/documents\/papa-francesco_20200327_urbi-et-orbi-epidemia.html\" target=\"_blank\" rel=\"noopener\">ora\u00e7\u00e3o pelo fim da pandemia do coronav\u00edrus<\/a>, que aconteceu em 27 de mar\u00e7o de 2020.<\/p>\n<p style=\"text-align: justify;\">De fato, o mundo vivia a ang\u00fastia e a incerteza provocadas pela Covid-19, que foi marcada por medidas de isolamento, quarentena, desemprego, hospitais lotados e muitas mortes.<\/p>\n<p style=\"text-align: justify;\">De forma extraordin\u00e1ria, o Papa Francisco atravessou a Pra\u00e7a S\u00e3o Pedro vazia e chuvosa para rezar e transmitir uma forte mensagem de f\u00e9 ao mundo.<\/p>\n<p style=\"text-align: justify;\">Naquele cen\u00e1rio desolador, Francisco lembrou o Evangelho de S\u00e3o Marcos, em que Jesus, diante da tempestade, pergunta aos disc\u00edpulos: \u201c<em>Por que sois t\u00e3o medrosos? Ainda n\u00e3o tendes f\u00e9<\/em>?\u201d (Marcos 4,40).<\/p>\n<p style=\"text-align: justify;\">Os registros daquele momento ainda est\u00e3o \u2013 e permanecer\u00e3o \u2013 na mente de milh\u00f5es de pessoas.<\/p>\n<div class=\"wp-block-aleteia-slideshow\" style=\"text-align: justify;\"><img decoding=\"async\" src=\"https:\/\/wp.pt.aleteia.org\/wp-content\/uploads\/sites\/5\/2020\/03\/papa-urbi-et-orbi.jpeg?w=620&amp;h=310&amp;crop=1\" alt=\"Urbi et Orbi 27 de mar\u00e7o de 2020\" \/><a href=\"https:\/\/pt.aleteia.org\/slideshow\/slideshow-urbi-et-orbi-27-de-marco-de-2020\/\" target=\"_self\" rel=\"noopener\">Abrir a galeria de fotos<\/a><\/div>\n<p style=\"text-align: justify;\">Ao final do momento de ora\u00e7\u00e3o, o Papa Francisco invocou a cura, a esperan\u00e7a e o consolo para todo o planeta:<\/p>\n<blockquote class=\"wp-block-quote\"><p>\u201cQueridos irm\u00e3os e irm\u00e3s, deste lugar que atesta a f\u00e9 rochosa de Pedro, gostaria nesta tarde de vos confiar a todos ao Senhor, pela intercess\u00e3o de Nossa Senhora, sa\u00fade do seu povo, estrela do mar em tempestade. Desta colunata que abra\u00e7a Roma e o mundo des\u00e7a sobre v\u00f3s, como um abra\u00e7o consolador, a b\u00ean\u00e7\u00e3o de Deus. Senhor, aben\u00e7oa o mundo, d\u00e1 sa\u00fade aos corpos e conforto aos cora\u00e7\u00f5es! Pedes-nos para n\u00e3o ter medo; a nossa f\u00e9, por\u00e9m, \u00e9 fraca e sentimo-nos temerosos. Mas Tu, Senhor, n\u00e3o nos deixes \u00e0 merc\u00ea da tempestade. Continua a repetir-nos: \u00abN\u00e3o tenhais medo!\u00bb (<em>Mt<\/em>\u00a014, 27). E n\u00f3s, juntamente com Pedro, \u00abconfiamos-Te todas as nossas preocupa\u00e7\u00f5es, porque Tu tens cuidado de n\u00f3s\u00bb (cf.\u00a0<em>1 Ped<\/em>\u00a05, 7).\u201d<\/p><\/blockquote>\n<div class=\"wp-block-aleteia-heading3\" style=\"text-align: justify;\">\n<h3>25 de mar\u00e7o de 2022<\/h3>\n<\/div>\n<p style=\"text-align: justify;\">Al\u00e9m da pandemia, o pontificado de Francisco aconteceu concomitantemente a guerras. Entre elas, a invas\u00e3o russa na Ucr\u00e2nia.<\/p>\n<p style=\"text-align: justify;\">Depois de um m\u00eas do referido conflito, o Papa convocou sacerdotes e bispos do mundo todo a se juntarem a ele na consagra\u00e7\u00e3o da humanidade, em especial da R\u00fassia e da Ucr\u00e2nia, ao Imaculado Cora\u00e7\u00e3o de Maria.<\/p>\n<p style=\"text-align: justify;\">\u00c9 preciso lembrar que a consagra\u00e7\u00e3o da R\u00fassia foi um\u00a0<a href=\"https:\/\/pt.aleteia.org\/2022\/03\/15\/por-que-nossa-senhora-de-fatima-mencionou-a-russia-em-suas-mensagens\/\" target=\"_self\" rel=\"noopener\">pedido de Nossa Senhoravrevelado aos pastorinhos de F\u00e1tima<\/a>.<\/p>\n<p style=\"text-align: justify;\">Segundo a Irm\u00e3 L\u00facia, uma das videntes de F\u00e1tima,\u00a0<a href=\"https:\/\/pt.aleteia.org\/2022\/03\/17\/4-vezes-que-a-russia-foi-consagrada-ao-imaculado-coracao-de-maria\/\" target=\"_self\" rel=\"noopener\">a consagra\u00e7\u00e3o tal como Nossa Senhora lhe pediu foi realizada em 1984 por Jo\u00e3o Paulo II<\/a>. Por\u00e9m, muitos se recusaram a aceitar que a consagra\u00e7\u00e3o da R\u00fassia tivesse, de fato, acontecido.<\/p>\n<p style=\"text-align: justify;\">Para religiosos e especialistas, a consagra\u00e7\u00e3o feita pelo Papa Francisco foi hist\u00f3rica porque mencionou expressamente a R\u00fassia.<\/p>\n<p style=\"text-align: justify;\">No Ato de Consagra\u00e7\u00e3o de 25 de mar\u00e7o de 2022, Francisco rezou diante da r\u00e9plica de F\u00e1tima na Bas\u00edlica de S\u00e3o Pedro:<\/p>\n<p style=\"text-align: justify;\">\u201c\u00d3 M\u00e3e de Deus e nossa, solenemente confiamos e consagramos ao vosso Imaculado Cora\u00e7\u00e3o n\u00f3s mesmos, a Igreja e a humanidade inteira, de modo especial a R\u00fassia e a Ucr\u00e2nia. Acolhei este nosso ato que realizamos com confian\u00e7a e amor, fazei que cesse a guerra, providenciai ao mundo a paz. O sim que brotou do vosso Cora\u00e7\u00e3o abriu as portas da hist\u00f3ria ao Pr\u00edncipe da Paz; confiamos que mais uma vez, por meio do vosso Cora\u00e7\u00e3o, vir\u00e1 a paz. Assim a V\u00f3s consagramos o futuro da fam\u00edlia humana inteira, as necessidades e os anseios dos povos, as ang\u00fastias e as esperan\u00e7as do mundo.\u201d<\/p>\n","protected":false},"excerpt":{"rendered":"<p>Pelo menos tr\u00eas fatos que ocorreram no m\u00eas de S\u00e3o Jos\u00e9 em anos diferentes marcaram o atual papado e a hist\u00f3ria da Igreja Nos \u00faltimos anos, alguns fatos que marcaram o pontificado de Francisco e j\u00e1 entraram para a hist\u00f3ria recente da Igreja aconteceram em mar\u00e7o de anos diferentes. Para come\u00e7ar, o cardeal argentino Jorge [&hellip;]<\/p>\n","protected":false},"author":1,"featured_media":73175,"comment_status":"open","ping_status":"closed","sticky":false,"template":"","format":"standard","meta":{"footnotes":""},"categories":[4,13],"tags":[],"class_list":["post-73174","post","type-post","status-publish","format-standard","has-post-thumbnail","hentry","category-cotidiano","category-featured"],"_links":{"self":[{"href":"https:\/\/catolicanet.net\/wp-cnet\/wp-json\/wp\/v2\/posts\/73174","targetHints":{"allow":["GET"]}}],"collection":[{"href":"https:\/\/catolicanet.net\/wp-cnet\/wp-json\/wp\/v2\/posts"}],"about":[{"href":"https:\/\/catolicanet.net\/wp-cnet\/wp-json\/wp\/v2\/types\/post"}],"author":[{"embeddable":true,"href":"https:\/\/catolicanet.net\/wp-cnet\/wp-json\/wp\/v2\/users\/1"}],"replies":[{"embeddable":true,"href":"https:\/\/catolicanet.net\/wp-cnet\/wp-json\/wp\/v2\/comments?post=73174"}],"version-history":[{"count":1,"href":"https:\/\/catolicanet.net\/wp-cnet\/wp-json\/wp\/v2\/posts\/73174\/revisions"}],"predecessor-version":[{"id":73176,"href":"https:\/\/catolicanet.net\/wp-cnet\/wp-json\/wp\/v2\/posts\/73174\/revisions\/73176"}],"wp:featuredmedia":[{"embeddable":true,"href":"https:\/\/catolicanet.net\/wp-cnet\/wp-json\/wp\/v2\/media\/73175"}],"wp:attachment":[{"href":"https:\/\/catolicanet.net\/wp-cnet\/wp-json\/wp\/v2\/media?parent=73174"}],"wp:term":[{"taxonomy":"category","embeddable":true,"href":"https:\/\/catolicanet.net\/wp-cnet\/wp-json\/wp\/v2\/categories?post=73174"},{"taxonomy":"post_tag","embeddable":true,"href":"https:\/\/catolicanet.net\/wp-cnet\/wp-json\/wp\/v2\/tags?post=73174"}],"curies":[{"name":"wp","href":"https:\/\/api.w.org\/{rel}","templated":true}]}}