{"id":73171,"date":"2022-03-28T09:50:13","date_gmt":"2022-03-28T12:50:13","guid":{"rendered":"https:\/\/catolicanet.net\/wp-cnet\/?p=73171"},"modified":"2022-03-28T16:51:42","modified_gmt":"2022-03-28T19:51:42","slug":"conic-disponibiliza-e-book-gratuito-preparatorio-a-semana-de-oracao-pela-unidade-crista-2022","status":"publish","type":"post","link":"https:\/\/catolicanet.net\/wp-cnet\/conic-disponibiliza-e-book-gratuito-preparatorio-a-semana-de-oracao-pela-unidade-crista-2022\/","title":{"rendered":"CONIC DISPONIBILIZA E-BOOK GRATUITO PREPARAT\u00d3RIO \u00c0 SEMANA DE ORA\u00c7\u00c3O PELA UNIDADE CRIST\u00c3 2022"},"content":{"rendered":"<div id=\"ImagagemDestacada\" class=\"elementor-element elementor-element-1fe4726 elementor-widget elementor-widget-theme-post-featured-image elementor-widget-image\" data-id=\"1fe4726\" data-element_type=\"widget\" data-widget_type=\"theme-post-featured-image.default\">\n<div class=\"elementor-widget-container\">\n<div class=\"elementor-image\"><\/div>\n<\/div>\n<\/div>\n<div class=\"elementor-element elementor-element-3a087bd2 elementor-widget elementor-widget-theme-post-content\" data-id=\"3a087bd2\" data-element_type=\"widget\" data-widget_type=\"theme-post-content.default\">\n<div class=\"elementor-widget-container\">\n<p style=\"text-align: justify;\"><img loading=\"lazy\" decoding=\"async\" class=\"alignleft wp-image-866331 size-medium lazyloaded\" src=\"https:\/\/eadn-wc02-718006.nxedge.io\/cdn\/wp-content\/uploads\/2022\/03\/Subsidio-SOUC-2022-230x300.png\" sizes=\"auto, (max-width: 230px) 100vw, 230px\" srcset=\"https:\/\/eadn-wc02-718006.nxedge.io\/cdn\/wp-content\/uploads\/2022\/03\/Subsidio-SOUC-2022-230x300.png 230w, https:\/\/eadn-wc02-718006.nxedge.io\/cdn\/wp-content\/uploads\/2022\/03\/Subsidio-SOUC-2022.png 455w\" alt=\"\" width=\"230\" height=\"300\" data-srcset=\"https:\/\/eadn-wc02-718006.nxedge.io\/cdn\/wp-content\/uploads\/2022\/03\/Subsidio-SOUC-2022-230x300.png 230w, https:\/\/eadn-wc02-718006.nxedge.io\/cdn\/wp-content\/uploads\/2022\/03\/Subsidio-SOUC-2022.png 455w\" data-src=\"https:\/\/eadn-wc02-718006.nxedge.io\/cdn\/wp-content\/uploads\/2022\/03\/Subsidio-SOUC-2022-230x300.png\" data-sizes=\"(max-width: 230px) 100vw, 230px\" \/>O Conselho Nacional de Igrejas Crist\u00e3s (Conic) disponibilizou um e-book com as celebra\u00e7\u00f5es da Semana de Ora\u00e7\u00e3o pela Unidade Crist\u00e3 (SOUC), edi\u00e7\u00e3o 2022, de 29 de maio a 5 de junho.<\/p>\n<p style=\"text-align: justify;\">A SOUC deste ano tem o tema: \u201cVimos o seu astro no oriente e viemos prestar-lhe homenagem\u201d, tendo como base o vers\u00edculo 2, do cap\u00edtulo 2, do Evangelho de Mateus.<\/p>\n<p style=\"text-align: justify;\">O material escrito pelo Conselho de Igrejas do Oriente M\u00e9dio foi adaptado \u00e0 realidade brasileira pelo Conic Agreste (Pernambuco).<\/p>\n<h3 style=\"text-align: justify;\">Instrumento de reflex\u00e3o e celebra\u00e7\u00e3o<\/h3>\n<p style=\"text-align: justify;\">Como em 2021, todos os materiais alusivos \u00e0 SOUC ser\u00e3o distribu\u00eddos exclusivamente de modo virtual em raz\u00e3o do compromisso do Conic de diminuir a pegada de carbono.\u00a0Trata-se de um instrumento de reflex\u00e3o e celebra\u00e7\u00e3o do caminho para a unidade crist\u00e3.<\/p>\n<blockquote><p>\u201cCremos que este caminho exige o testemunho das Igrejas-membro, bem como dos membros fraternos, dos n\u00facleos estaduais e regionais e dos grupos de viv\u00eancia ecum\u00eanica e de todas as pessoas que professam a f\u00e9 em Jesus Cristo. Este testemunho se expressa na constru\u00e7\u00e3o da Justi\u00e7a de Deus, que une f\u00e9 e vida, culto e caridade, e promove a realidade definida por Jesus como pr\u00e9-requisitos para a proximidade do Reino\u201d, diz a apresenta\u00e7\u00e3o do documento.<\/p><\/blockquote>\n<p style=\"text-align: justify;\">Na capa da publica\u00e7\u00e3o consta a arte vencedora do concurso realizado pelo Conic para o cartaz da SOUC 2022 de autoria de Alexandre Amorim. Baseada na t\u00e9cnica da xilogravura, a pe\u00e7a representa os tr\u00eas reis magos indo ao encontro do menino Jesus que, com Jos\u00e9 e Maria, estavam na tenda de Bel\u00e9m.<\/p>\n<p style=\"text-align: justify;\">O autor tem 22 anos e \u00e9 natural de S\u00e3o Jo\u00e3o Batista, Santa Catarina. \u00c9 seminarista diocesano do terceiro ano da etapa configuradora (teol\u00f3gica) da arquidiocese de Florian\u00f3polis.<\/p>\n<p style=\"text-align: justify;\"><strong>Fa\u00e7a download aqui<\/strong>:<a href=\"https:\/\/www.conic.org.br\/portal\/images\/2022\/documentos\/ebook_souc_2022.pdf\" target=\"_blank\" rel=\"noopener\">\u00a0www.conic.org.br<\/a><\/p>\n<\/div>\n<\/div>\n","protected":false},"excerpt":{"rendered":"<p>O Conselho Nacional de Igrejas Crist\u00e3s (Conic) disponibilizou um e-book com as celebra\u00e7\u00f5es da Semana de Ora\u00e7\u00e3o pela Unidade Crist\u00e3 (SOUC), edi\u00e7\u00e3o 2022, de 29 de maio a 5 de junho. A SOUC deste ano tem o tema: \u201cVimos o seu astro no oriente e viemos prestar-lhe homenagem\u201d, tendo como base o vers\u00edculo 2, do [&hellip;]<\/p>\n","protected":false},"author":1,"featured_media":73172,"comment_status":"open","ping_status":"closed","sticky":false,"template":"","format":"standard","meta":{"footnotes":""},"categories":[7],"tags":[],"class_list":["post-73171","post","type-post","status-publish","format-standard","has-post-thumbnail","hentry","category-cnbb"],"_links":{"self":[{"href":"https:\/\/catolicanet.net\/wp-cnet\/wp-json\/wp\/v2\/posts\/73171","targetHints":{"allow":["GET"]}}],"collection":[{"href":"https:\/\/catolicanet.net\/wp-cnet\/wp-json\/wp\/v2\/posts"}],"about":[{"href":"https:\/\/catolicanet.net\/wp-cnet\/wp-json\/wp\/v2\/types\/post"}],"author":[{"embeddable":true,"href":"https:\/\/catolicanet.net\/wp-cnet\/wp-json\/wp\/v2\/users\/1"}],"replies":[{"embeddable":true,"href":"https:\/\/catolicanet.net\/wp-cnet\/wp-json\/wp\/v2\/comments?post=73171"}],"version-history":[{"count":1,"href":"https:\/\/catolicanet.net\/wp-cnet\/wp-json\/wp\/v2\/posts\/73171\/revisions"}],"predecessor-version":[{"id":73173,"href":"https:\/\/catolicanet.net\/wp-cnet\/wp-json\/wp\/v2\/posts\/73171\/revisions\/73173"}],"wp:featuredmedia":[{"embeddable":true,"href":"https:\/\/catolicanet.net\/wp-cnet\/wp-json\/wp\/v2\/media\/73172"}],"wp:attachment":[{"href":"https:\/\/catolicanet.net\/wp-cnet\/wp-json\/wp\/v2\/media?parent=73171"}],"wp:term":[{"taxonomy":"category","embeddable":true,"href":"https:\/\/catolicanet.net\/wp-cnet\/wp-json\/wp\/v2\/categories?post=73171"},{"taxonomy":"post_tag","embeddable":true,"href":"https:\/\/catolicanet.net\/wp-cnet\/wp-json\/wp\/v2\/tags?post=73171"}],"curies":[{"name":"wp","href":"https:\/\/api.w.org\/{rel}","templated":true}]}}