{"id":73165,"date":"2022-03-28T09:46:55","date_gmt":"2022-03-28T12:46:55","guid":{"rendered":"https:\/\/catolicanet.net\/wp-cnet\/?p=73165"},"modified":"2022-03-28T16:47:51","modified_gmt":"2022-03-28T19:47:51","slug":"a-conferencia-eclesial-da-amazonia-elegeu-nova-presidencia-para-os-proximos-quatro-anos","status":"publish","type":"post","link":"https:\/\/catolicanet.net\/wp-cnet\/a-conferencia-eclesial-da-amazonia-elegeu-nova-presidencia-para-os-proximos-quatro-anos\/","title":{"rendered":"A CONFER\u00caNCIA ECLESIAL DA AMAZ\u00d4NIA ELEGEU NOVA PRESID\u00caNCIA PARA OS PR\u00d3XIMOS QUATRO ANOS"},"content":{"rendered":"<p style=\"text-align: justify;\">A Confer\u00eancia Eclesial da Amaz\u00f4nia (CEAMA) reuniu-se em assembleia ordin\u00e1ria nos dias 26 e 27 de mar\u00e7o, com parte dos participantes de maneira presencial em S\u00e3o Paulo (SP) e outra parte de modo virtual.<\/p>\n<p style=\"text-align: justify;\">Durante a reuni\u00e3o, os participantes refletiram sobre o caminho realizado nos \u00faltimos anos e os desafios que est\u00e3o por vir na implementa\u00e7\u00e3o dos encaminhamentos do S\u00ednodo Amaz\u00f4nico, atrav\u00e9s dos N\u00facleos Tem\u00e1ticos.<\/p>\n<p style=\"text-align: justify;\">Tamb\u00e9m foi apresentado um plano para a reforma dos Estatutos que contribuir\u00e1 para o fortalecimento e consolida\u00e7\u00e3o da CEAMA no esp\u00edrito de sinodalidade, da Assembleia Eclesial e como servi\u00e7o \u00e0s jurisdi\u00e7\u00f5es eclesi\u00e1sticas da Amaz\u00f4nia.<\/p>\n<h3 style=\"text-align: justify;\">Ren\u00fancia do cardeal Cl\u00e1udio Hummes<\/h3>\n<p style=\"text-align: justify;\"><img loading=\"lazy\" decoding=\"async\" class=\"wp-image-866284 size-medium alignleft lazyloaded\" src=\"https:\/\/eadn-wc02-718006.nxedge.io\/cdn\/wp-content\/uploads\/2022\/03\/Dom-Claudio-Hummes-300x169.jpeg\" sizes=\"auto, (max-width: 300px) 100vw, 300px\" srcset=\"https:\/\/eadn-wc02-718006.nxedge.io\/cdn\/wp-content\/uploads\/2022\/03\/Dom-Claudio-Hummes-300x169.jpeg 300w, https:\/\/eadn-wc02-718006.nxedge.io\/cdn\/wp-content\/uploads\/2022\/03\/Dom-Claudio-Hummes-500x281.jpeg 500w, https:\/\/eadn-wc02-718006.nxedge.io\/cdn\/wp-content\/uploads\/2022\/03\/Dom-Claudio-Hummes.jpeg 750w\" alt=\"\" width=\"300\" height=\"169\" data-srcset=\"https:\/\/eadn-wc02-718006.nxedge.io\/cdn\/wp-content\/uploads\/2022\/03\/Dom-Claudio-Hummes-300x169.jpeg 300w, https:\/\/eadn-wc02-718006.nxedge.io\/cdn\/wp-content\/uploads\/2022\/03\/Dom-Claudio-Hummes-500x281.jpeg 500w, https:\/\/eadn-wc02-718006.nxedge.io\/cdn\/wp-content\/uploads\/2022\/03\/Dom-Claudio-Hummes.jpeg 750w\" data-src=\"https:\/\/eadn-wc02-718006.nxedge.io\/cdn\/wp-content\/uploads\/2022\/03\/Dom-Claudio-Hummes-300x169.jpeg\" data-sizes=\"(max-width: 300px) 100vw, 300px\" \/>Em\u00a0<a href=\"https:\/\/www.vaticannews.va\/pt\/igreja\/news\/2022-03\/dom-claudio-hummes-renunciou-presidencia-da-ceama.html\" target=\"_blank\" rel=\"noopener\">discurso de sauda\u00e7\u00e3o no in\u00edcio da Confer\u00eancia<\/a>, dia 26 de mar\u00e7o, o seu atual presidente, o cardeal Cl\u00e1udio Hummes, apresentou um pedido de ren\u00fancia ao cargo alegando quest\u00f5es ligadas \u00e0 sa\u00fade.<\/p>\n<p style=\"text-align: justify;\">\u201c<i>Os gritos da realidade atual, os da sociedade e da Igreja, e tudo o que vos apresento como presidente da nossa CEAMA, convidam-nos a tecer uma estrat\u00e9gia de maior encarna\u00e7\u00e3o territorial que reforce os caminhos da Ceama. Isto implica um tempo e um esfor\u00e7o que, dadas as minhas atuais condi\u00e7\u00f5es de sa\u00fade, n\u00e3o estou em condi\u00e7\u00f5es de enfrentar, de modo a assegurar que o que vemos claramente no horizonte possa ser realizado com toda a for\u00e7a necess\u00e1ria\u201d, justificou.\u00a0<\/i><\/p>\n<p style=\"text-align: justify;\">O cardeal Cl\u00e1udio escreveu uma carta ao Santo Padre comunicando sua decis\u00e3o. \u201cEstou profundamente grato pela compreens\u00e3o do nosso amado Francisco, bem como de todos v\u00f3s, e deveis saber que continuarei inteiramente dispon\u00edvel, como a minha for\u00e7a permite, para servir e acompanhar no que for necess\u00e1rio neste projeto que nos d\u00e1 tanta esperan\u00e7a\u201d, disse.<\/p>\n<h3 style=\"text-align: justify;\">Nova presid\u00eancia da CEAMA<\/h3>\n<p style=\"text-align: justify;\">Ap\u00f3s a ren\u00fancia de seu presidente, o arcebispo em\u00e9rito de S\u00e3o Paulo, cardeal Cl\u00e1udio Hummes, e dos demais membros da presid\u00eancia, ocorreu a elei\u00e7\u00e3o de novos dignit\u00e1rios da CEAMA.\u00a0\u00a0O arcebispo de Huancayo (Peru) e atual presidente da Rede Eclesial Pan-Amaz\u00f4nica \u2013 REPAM, cardeal Pedro Barreto, foi eleito presidente da Confer\u00eancia.<\/p>\n<p style=\"text-align: justify;\">O arcebispo de Manaus (AM), dom Leonardo Steiner, foi eleito como primeiro vice-presidente, e o coordenador do Centro de Redes e A\u00e7\u00e3o Pastoral do CELAM (Equador), Mauricio L\u00f3pez, como segundo vice-presidente. O bispo de Pando (Bol\u00edvia), dom Eugenio Coter, foi ratificado como representante dos bispos amaz\u00f4nicos na presid\u00eancia da CEAMA.<\/p>\n<p style=\"text-align: justify;\">O cardeal Pedro Barreto expressou sua gratid\u00e3o ao cardeal Claudio Hummes por seu trabalho, nos \u00faltimos anos, para consolidar a REPAM e a CEAMA. \u201cA for\u00e7a do Esp\u00edrito Santo nos encoraja a continuar neste caminho, com uma estrat\u00e9gia de encarna\u00e7\u00e3o no territ\u00f3rio amaz\u00f4nico na complementaridade entre a CEAMA e a REPAM nesta tarefa. Que os povos origin\u00e1rios e as comunidades tradicionais da Amaz\u00f4nia se sintam parte da Igreja e na defesa da vida na Amaz\u00f4nia\u201d.<\/p>\n<pre>Com informa\u00e7\u00f5es da CEAMA e Repam<\/pre>\n","protected":false},"excerpt":{"rendered":"<p>A Confer\u00eancia Eclesial da Amaz\u00f4nia (CEAMA) reuniu-se em assembleia ordin\u00e1ria nos dias 26 e 27 de mar\u00e7o, com parte dos participantes de maneira presencial em S\u00e3o Paulo (SP) e outra parte de modo virtual. Durante a reuni\u00e3o, os participantes refletiram sobre o caminho realizado nos \u00faltimos anos e os desafios que est\u00e3o por vir na [&hellip;]<\/p>\n","protected":false},"author":1,"featured_media":73166,"comment_status":"open","ping_status":"closed","sticky":false,"template":"","format":"standard","meta":{"footnotes":""},"categories":[7],"tags":[],"class_list":["post-73165","post","type-post","status-publish","format-standard","has-post-thumbnail","hentry","category-cnbb"],"_links":{"self":[{"href":"https:\/\/catolicanet.net\/wp-cnet\/wp-json\/wp\/v2\/posts\/73165","targetHints":{"allow":["GET"]}}],"collection":[{"href":"https:\/\/catolicanet.net\/wp-cnet\/wp-json\/wp\/v2\/posts"}],"about":[{"href":"https:\/\/catolicanet.net\/wp-cnet\/wp-json\/wp\/v2\/types\/post"}],"author":[{"embeddable":true,"href":"https:\/\/catolicanet.net\/wp-cnet\/wp-json\/wp\/v2\/users\/1"}],"replies":[{"embeddable":true,"href":"https:\/\/catolicanet.net\/wp-cnet\/wp-json\/wp\/v2\/comments?post=73165"}],"version-history":[{"count":1,"href":"https:\/\/catolicanet.net\/wp-cnet\/wp-json\/wp\/v2\/posts\/73165\/revisions"}],"predecessor-version":[{"id":73167,"href":"https:\/\/catolicanet.net\/wp-cnet\/wp-json\/wp\/v2\/posts\/73165\/revisions\/73167"}],"wp:featuredmedia":[{"embeddable":true,"href":"https:\/\/catolicanet.net\/wp-cnet\/wp-json\/wp\/v2\/media\/73166"}],"wp:attachment":[{"href":"https:\/\/catolicanet.net\/wp-cnet\/wp-json\/wp\/v2\/media?parent=73165"}],"wp:term":[{"taxonomy":"category","embeddable":true,"href":"https:\/\/catolicanet.net\/wp-cnet\/wp-json\/wp\/v2\/categories?post=73165"},{"taxonomy":"post_tag","embeddable":true,"href":"https:\/\/catolicanet.net\/wp-cnet\/wp-json\/wp\/v2\/tags?post=73165"}],"curies":[{"name":"wp","href":"https:\/\/api.w.org\/{rel}","templated":true}]}}