{"id":73156,"date":"2022-03-28T09:34:20","date_gmt":"2022-03-28T12:34:20","guid":{"rendered":"https:\/\/catolicanet.net\/wp-cnet\/?p=73156"},"modified":"2022-03-28T16:36:17","modified_gmt":"2022-03-28T19:36:17","slug":"falece-aos-87-anos-patriarca-emerito-da-igreja-catolica-copta","status":"publish","type":"post","link":"https:\/\/catolicanet.net\/wp-cnet\/falece-aos-87-anos-patriarca-emerito-da-igreja-catolica-copta\/","title":{"rendered":"Falece aos 87 anos patriarca em\u00e9rito da Igreja Cat\u00f3lica Copta"},"content":{"rendered":"<figure class=\"article__image\" style=\"text-align: justify;\"><span class=\"didascalia_img\">Cardeal Antonios Naguib, Patriarca em\u00e9rito de Alexandria dos cat\u00f3licos coptas \u00a0<\/span><\/figure>\n<div class=\"article__meta \" data-mediatype=\"\">\n<div class=\"article__subTitle\" style=\"text-align: justify;\">Antonios Naguib faleceu na noite de 27 para 28 de mar\u00e7o. Como Patriarca, recebeu a &#8220;Ecclesiastica Communio&#8221; do Papa Bento XVI em 7 de abril de 2006. Em outubro de 2010, o Pont\u00edfice o nomeou Relator Geral da Assembleia Especial para o Oriente M\u00e9dio do S\u00ednodo dos Bispos. Foi criado cardeal no Consit\u00f3rio de 20 de novembro de 2010.<\/div>\n<div class=\"title__separator\" style=\"text-align: justify;\"><\/div>\n<div class=\"article__text \">\n<p style=\"text-align: justify;\">\u201cEle foi para todos n\u00f3s um bom pastor. E para mim tamb\u00e9m um pai. Ordenou-me sacerdote e fui o primeiro a receber dele a ordena\u00e7\u00e3o episcopal em junho de 1978, quando era bispo h\u00e1 alguns meses\u201d.<\/p>\n<p style=\"text-align: justify;\">Palavras do bispo cat\u00f3lico copta em\u00e9rito de Guizeh, Anba Antonios Aziz Mina, ao recordar com emo\u00e7\u00e3o o cardeal eg\u00edpcio Antonios Naguib, patriarca em\u00e9rito da Igreja Cat\u00f3lica Copta, falecido na noite de 27 para 28 de mar\u00e7o, aos 87 anos.<\/p>\n<p style=\"text-align: justify;\">\u201cEle os havia completado h\u00e1 alguns dias, em 18 de mar\u00e7o passado\u201d, confidencia \u00e0 Ag\u00eancia Fides Anba Antonios Aziz Mina \u201ce naquele dia pude ouvi-lo pela \u00faltima vez ao telefone, para felicit\u00e1-lo. Hoje, embora entristecido pela sua morte, agrade\u00e7o ao Senhor o dom de ter percorrido boa parte do meu caminho ao seu lado\u201d.<\/p>\n<p style=\"text-align: justify;\">O cardeal e patriarca eg\u00edpcio faleceu no hospital italiano do Cairo, onde estava internado na unidade de terapia intensiva devido \u00e0 deteriora\u00e7\u00e3o de suas condi\u00e7\u00f5es de sa\u00fade. A primeira informa\u00e7\u00e3o que circulou sobre a causa da morte refere-se ao agravamento da insufici\u00eancia renal de que sofria h\u00e1 algum tempo.<\/p>\n<p style=\"text-align: justify;\">A hist\u00f3ria pessoal de Antonios Naguib se entrela\u00e7a com o caminho percorrido pela Igreja Cat\u00f3lica Copta &#8211; comunidade eclesial \u00e0 qual pertencem cerca de 250 mil batizados &#8211; junto com as demais comunidades crist\u00e3s, a come\u00e7ar pela preponderante Igreja Copa Ortodoxa, ao longo das \u00faltimas d\u00e9cadas da hist\u00f3ria eg\u00edpcia, repleto de momentos conturbados.<\/p>\n<p style=\"text-align: justify;\">Nascido em 1935 em Samalut, na Prov\u00edncia de Minya, estudou no semin\u00e1rio inter-ritual de Maadi, no Cairo, e depois em Roma, na Pontif\u00edcia Universidade Urbaniana. Ordenado sacerdote em 1960, ap\u00f3s obter a Licenciatura em Teologia e Sagrada Escritura, contribuiu com um grupo de te\u00f3logos copta-ortodoxos e protestantes na prepara\u00e7\u00e3o de uma tradu\u00e7\u00e3o \u00e1rabe da B\u00edblia.<\/p>\n<p style=\"text-align: justify;\">Tendo sido nomeado bispo cat\u00f3lico copta de Minya em setembro de 1977, trabalhou com solicitude na promo\u00e7\u00e3o das atividades pastorais e catequ\u00e9ticas diocesanas.<\/p>\n<p style=\"text-align: justify;\">Foi eleito Patriarca de Alexandria dos coptas cat\u00f3licos em 30 de mar\u00e7o de 2006, depois que seu antecessor St\u00e9fanos II Ghattas se aposentou por motivos relacionados \u00e0 idade e sa\u00fade.<\/p>\n<p style=\"text-align: justify;\">Como Patriarca, Antonios Naguib recebeu a &#8220;Ecclesiastica Communio&#8221; do Papa Bento XVI em 7 de abril de 2006. Em outubro de 2010, o Pont\u00edfice o nomeou Relator Geral da Assembleia Especial para o Oriente M\u00e9dio do S\u00ednodo dos Bispos.<\/p>\n<p style=\"text-align: justify;\">Criado cardeal por Bento XVI no Consist\u00f3rio de 20 de novembro de 2010, Antonios Naguib renunciou ao cargo patriarcal em janeiro de 2013, por problemas de sa\u00fade, mas mesmo assim participou do Conclave de mar\u00e7o de 2013, que elegeu o Papa Francisco como Romano Pont\u00edfice.<\/p>\n<p style=\"text-align: justify;\">A perspic\u00e1cia pastoral e a atitude de discernimento espiritual de Antonios Naguib surgiram tamb\u00e9m nos anos conturbados vividos pelo Egito e pelas comunidades crist\u00e3s eg\u00edpcias entre 2010 e 2013. Uma \u00e9poca tamb\u00e9m marcada pelo in\u00edcio das chamadas &#8220;Primaveras \u00c1rabes&#8221;, que viu a expuls\u00e3o de presidente Hosni Mubarak e depois a temporada de governo liderada pela Irmandade Mu\u00e7ulmana.<\/p>\n<p style=\"text-align: justify;\">Esse per\u00edodo foi indelevelmente marcado pelo massacre de crist\u00e3os ocorrido na Igreja copta ortodoxa dos Santos, em Alexandria, Egito, em 31 de dezembro de 2010.<\/p>\n<p style=\"text-align: justify;\">Em entrevista \u00e0 revista 30Giorni em janeiro de 2011, o Patriarca Naguib, ao falar sobre o tr\u00e1gico epis\u00f3dio, recordou tamb\u00e9m &#8220;a hip\u00f3tese, particularmente difundida entre os crist\u00e3os, segundo a qual o pr\u00f3prio ministro do Interior (do governo que ainda respondia ao presidente Mubarak, ed.) teria planeado o massacre em Alexandria, para justificar um refor\u00e7o dos controles policiais&#8221;.<\/p>\n<p style=\"text-align: justify;\">Na mesma entrevista, o Patriarca Naguib delineou em detalhes sugestivos os la\u00e7os espirituais dos coptas cat\u00f3licos com os irm\u00e3os da Igreja Ortodoxa Copta.<\/p>\n<p style=\"text-align: justify;\">\u201cN\u00f3s, coptas cat\u00f3licos &#8211; observou o cardeal eg\u00edpcio, entre outras coisas, &#8211; distinguimos entre o patrim\u00f4nio espiritual asc\u00e9tico-mon\u00e1stico e o patrim\u00f4nio teol\u00f3gico-dogm\u00e1tico. Enquanto para eles a teologia coincide com a Sagrada Escritura, com os Padres da Igreja e com a rica tradi\u00e7\u00e3o espiritual mon\u00e1stica. Assim, tudo permanece igual no in\u00edcio; n\u00e3o existe aquela diferencia\u00e7\u00e3o que temos testemunhado na Igreja Cat\u00f3lica ao longo dos s\u00e9culos. E devo dizer que para n\u00f3s, cat\u00f3licos coptas, a proximidade de nossos irm\u00e3os coptas ortodoxos a esta realidade \u00e9 uma ajuda, porque nossa forma\u00e7\u00e3o no estilo &#8216;ocidental&#8217; cont\u00e9m um risco de intelectualismo. Enquanto a partir deles tudo \u00e9 muito mais simples e essencial.\u201d<\/p>\n<p style=\"text-align: justify;\">\u201cO ponto que nos une a todos \u00e9 a liturgia \u2013 observou ainda o purpurado na ocasi\u00e3o. Devemos dizer que a f\u00e9 no Egito foi preservada e transmitida n\u00e3o pela teologia, pela cultura civil, pelos grandes pregadores, mas pelo apego visceral \u00e0 liturgia vivida pelos crist\u00e3os de nossas partes. Nossa verdadeira p\u00e1tria espiritual \u00e9 a liturgia\u201d.<\/p>\n<p style=\"text-align: justify;\">Na mesma entrevista, o Patriarca Naguib tamb\u00e9m expressou claros ju\u00edzos sobre as campanhas e mobiliza\u00e7\u00f5es geopol\u00edticas que tomam como pretexto o sofrimento e as tribula\u00e7\u00f5es das comunidades crist\u00e3s: &#8220;Como crist\u00e3os do Egito &#8211; sublinhou o cardeal eg\u00edpcio na \u00e9poca &#8211; vemos que cada apelo \u00e0 press\u00e3o diplom\u00e1tica, a iniciativas punitivas ou a san\u00e7\u00f5es econ\u00f4micas dirigidas ao Egito pelos acontecimentos que preocupam os crist\u00e3os eg\u00edpcios, \u00e9 o dano mais grave que pode ser causado aos pr\u00f3prios crist\u00e3os\u201d.<\/p>\n<p style=\"text-align: justify;\"><i>*Com Ag\u00eancia Fides<\/i><\/p>\n<\/div>\n<\/div>\n","protected":false},"excerpt":{"rendered":"<p>Cardeal Antonios Naguib, Patriarca em\u00e9rito de Alexandria dos cat\u00f3licos coptas \u00a0 Antonios Naguib faleceu na noite de 27 para 28 de mar\u00e7o. Como Patriarca, recebeu a &#8220;Ecclesiastica Communio&#8221; do Papa Bento XVI em 7 de abril de 2006. Em outubro de 2010, o Pont\u00edfice o nomeou Relator Geral da Assembleia Especial para o Oriente M\u00e9dio [&hellip;]<\/p>\n","protected":false},"author":1,"featured_media":73157,"comment_status":"open","ping_status":"closed","sticky":false,"template":"","format":"standard","meta":{"footnotes":""},"categories":[3],"tags":[],"class_list":["post-73156","post","type-post","status-publish","format-standard","has-post-thumbnail","hentry","category-vaticano"],"_links":{"self":[{"href":"https:\/\/catolicanet.net\/wp-cnet\/wp-json\/wp\/v2\/posts\/73156","targetHints":{"allow":["GET"]}}],"collection":[{"href":"https:\/\/catolicanet.net\/wp-cnet\/wp-json\/wp\/v2\/posts"}],"about":[{"href":"https:\/\/catolicanet.net\/wp-cnet\/wp-json\/wp\/v2\/types\/post"}],"author":[{"embeddable":true,"href":"https:\/\/catolicanet.net\/wp-cnet\/wp-json\/wp\/v2\/users\/1"}],"replies":[{"embeddable":true,"href":"https:\/\/catolicanet.net\/wp-cnet\/wp-json\/wp\/v2\/comments?post=73156"}],"version-history":[{"count":1,"href":"https:\/\/catolicanet.net\/wp-cnet\/wp-json\/wp\/v2\/posts\/73156\/revisions"}],"predecessor-version":[{"id":73158,"href":"https:\/\/catolicanet.net\/wp-cnet\/wp-json\/wp\/v2\/posts\/73156\/revisions\/73158"}],"wp:featuredmedia":[{"embeddable":true,"href":"https:\/\/catolicanet.net\/wp-cnet\/wp-json\/wp\/v2\/media\/73157"}],"wp:attachment":[{"href":"https:\/\/catolicanet.net\/wp-cnet\/wp-json\/wp\/v2\/media?parent=73156"}],"wp:term":[{"taxonomy":"category","embeddable":true,"href":"https:\/\/catolicanet.net\/wp-cnet\/wp-json\/wp\/v2\/categories?post=73156"},{"taxonomy":"post_tag","embeddable":true,"href":"https:\/\/catolicanet.net\/wp-cnet\/wp-json\/wp\/v2\/tags?post=73156"}],"curies":[{"name":"wp","href":"https:\/\/api.w.org\/{rel}","templated":true}]}}