{"id":73146,"date":"2022-03-28T09:15:33","date_gmt":"2022-03-28T12:15:33","guid":{"rendered":"https:\/\/catolicanet.net\/wp-cnet\/?p=73146"},"modified":"2022-03-28T16:25:58","modified_gmt":"2022-03-28T19:25:58","slug":"o-papa-encontra-uma-delegacao-de-indigenas-do-canada-ele-escutou-nossa-dor","status":"publish","type":"post","link":"https:\/\/catolicanet.net\/wp-cnet\/o-papa-encontra-uma-delegacao-de-indigenas-do-canada-ele-escutou-nossa-dor\/","title":{"rendered":"O Papa encontra uma delega\u00e7\u00e3o de ind\u00edgenas do Canad\u00e1: &#8220;Ele escutou nossa dor&#8221;"},"content":{"rendered":"<div class=\"article__subTitle\" style=\"text-align: justify;\">Francisco encontrou-se com os representantes dos povos ind\u00edgenas M\u00e9tis e Inuit, e manifestou o desejo de ouvir as hist\u00f3rias dos sobreviventes. Os membros do conselho dos M\u00e9tis na Pra\u00e7a S\u00e3o Pedro: &#8220;Juntos com Francisco por um percurso de verdade, justi\u00e7a e reconcilia\u00e7\u00e3o&#8221;.<\/div>\n<div class=\"title__separator\" style=\"text-align: justify;\"><\/div>\n<div class=\"article__text \">\n<p style=\"text-align: justify;\"><b>Salvatore Cernuzio\/Mariangela Jaguraba<\/b><\/p>\n<p style=\"text-align: justify;\">O Papa Francisco recebeu, ao longo de duas audi\u00eancias sucessivas, na manh\u00e3 desta segunda-feira (28\/03), na Biblioteca Apost\u00f3lica, no Vaticano, dois grupos de representantes dos povos ind\u00edgenas canadenses, cerca de 10 delegados dos M\u00e9tis e cerca de 8 dos Inuit, acompanhados por alguns bispos da Confer\u00eancia Episcopal do Canad\u00e1.<\/p>\n<div style=\"text-align: justify;\">\n<div class=\"article__embed article__embed--unwrap article__embed--dark\">\n<div class=\"article__innerTitle\">Ou\u00e7a e compartilhe<\/div>\n<div><\/div>\n<\/div>\n<\/div>\n<p style=\"text-align: justify;\">Segundo a nota da Sala de Imprensa da Santa S\u00e9, &#8220;cada encontro durou cerca de uma hora e foi marcado pelo desejo do Papa de ouvir e dar espa\u00e7o \u00e0s hist\u00f3rias dolorosas contadas pelos sobreviventes. Os encontros e a escuta continuar\u00e3o nos pr\u00f3ximos dias de acordo com as informa\u00e7\u00f5es j\u00e1 fornecidas&#8221;.<\/p>\n<h2 style=\"text-align: justify;\">Um percurso de reconcilia\u00e7\u00e3o<\/h2>\n<p style=\"text-align: justify;\">Foi durante o Angelus em 6 de junho de 2020 que o Pont\u00edfice compartilhou com o mundo a consterna\u00e7\u00e3o com as dram\u00e1ticas not\u00edcias, que chegaram algumas semanas antes, da descoberta no Canad\u00e1 de uma vala comum numa escola, a Escola Residencial Ind\u00edgena Kamloops (Kamloops Indian Residential School, com mais de 200 restos humanos de nativos canadenses. Uma descoberta chocante, s\u00edmbolo de um passado de crueldade residencial no pa\u00eds, quando, de 1880 \u00e0s \u00faltimas d\u00e9cadas do s\u00e9culo XX, em institui\u00e7\u00f5es financiadas pelo governo e administradas majoritariamente por organiza\u00e7\u00f5es crist\u00e3s, o objetivo era educar e converter os ind\u00edgenas jovens e assimil\u00e1-los na sociedade canadense tradicional, atrav\u00e9s de abusos sistem\u00e1ticos. A descoberta em junho (que foi seguida por outras) fez com que o episcopado canadense fizesse um imediato &#8220;mea culpa&#8221; e ativasse uma s\u00e9rie de projetos de apoio \u00e0s comunidades ind\u00edgenas, num processo de reconcilia\u00e7\u00e3o cujo \u00e1pice agora \u00e9 representado pela disponibilidade do Papa de receber as comunidades no Vaticano, nesta segunda-feira, 28, e 31 de mar\u00e7o, tamb\u00e9m em vista de uma futura viagem apost\u00f3lica, anunciada, mas n\u00e3o confirmada, ao pa\u00eds norte-americano. Em 1\u00ba de abril, Francisco receber\u00e1 em audi\u00eancia, na Sala Clementina, as v\u00e1rias delega\u00e7\u00f5es e a Confer\u00eancia Episcopal Canadense.<\/p>\n<div style=\"text-align: justify;\">\n<div class=\"article__embed article__embed--unwrap article__embed--dark\">\n<div class=\"embed-container\"><iframe id=\"795254130\" src=\"https:\/\/www.youtube.com\/embed\/VXmGWKJP2z0?wmode=opaque&amp;rel=0&amp;autohide=1&amp;showinfo=0&amp;wmode=transparent&amp;modestbranding=1&amp;enablejsapi=1&amp;origin=https:\/\/www.vaticannews.va&amp;start=&amp;end=\" allowfullscreen=\"allowfullscreen\" data-gtm-yt-inspected-7781034_9=\"true\" data-mce-fragment=\"1\"><\/iframe><\/div>\n<div class=\"article__innerTitle\">A audi\u00eancia do Papa com as delega\u00e7\u00f5es ind\u00edgenas do Canad\u00e1<\/div>\n<\/div>\n<\/div>\n<h2 style=\"text-align: justify;\">&#8220;Nunca \u00e9 tarde para fazer a coisa certa&#8221;<\/h2>\n<p style=\"text-align: justify;\">Primeiro, esta manh\u00e3, Francesco recebeu os membros do Conselho Nacional M\u00e9tis. Um encontro pontuado por palavras, hist\u00f3rias e recorda\u00e7\u00f5es, mas tamb\u00e9m muitos gestos: do Papa e dos pr\u00f3prios ind\u00edgenas que se viram percorrendo um caminho comum. O da &#8220;verdade, justi\u00e7a, cura e reconcilia\u00e7\u00e3o&#8221;.<\/p>\n<p style=\"text-align: justify;\">Saindo da Resid\u00eancia Apost\u00f3lica ao som de dois violinos, s\u00edmbolo de sua cultura e identidade, os ind\u00edgenas se encontraram com a imprensa internacional do lado de fora da Pra\u00e7a S\u00e3o Pedro para contar os detalhes do evento encontro com o Papa esta manh\u00e3. Cassidy Caron, jovem presidente dos M\u00e9tis, foi porta-voz, atrav\u00e9s da leitura de um comunicado, do \u201cn\u00famero incalcul\u00e1vel de pessoas que nos deixaram sem que sua verdade jamais tivesse sido ouvida e sua dor reconhecida. Sem nunca receber a humanidade e a cuidado b\u00e1sico que mereciam\u201d. &#8220;O reconhecimento, as desculpas, estou muito atrasado, mas nunca \u00e9 tarde demais para fazer a coisa certa&#8221;, disse ele.<\/p>\n<div style=\"text-align: justify;\">\n<div class=\"article__embed article__embed--unwrap article__embed--photo\">\n<figure><picture><img decoding=\"async\" class=\"loaded\" src=\"https:\/\/www.vaticannews.va\/content\/dam\/vaticannews\/multimedia\/2022\/03\/28\/WhatsApp-Image-2022-03-28-at-12.43.35.jpg\/_jcr_content\/renditions\/cq5dam.thumbnail.cropped.750.422.jpeg\" alt=\"Os membros do &quot;Conselho Nacional M\u00e9tis&quot; do Canad\u00e1 na Pra\u00e7a S\u00e3o Pedro\" data-original=\"\/content\/dam\/vaticannews\/multimedia\/2022\/03\/28\/WhatsApp-Image-2022-03-28-at-12.43.35.jpg\/_jcr_content\/renditions\/cq5dam.thumbnail.cropped.750.422.jpeg\" data-was-processed=\"true\" \/><\/picture><\/figure>\n<div class=\"photo_embed--Title\">Os membros do &#8220;Conselho Nacional M\u00e9tis&#8221; do Canad\u00e1 na Pra\u00e7a S\u00e3o Pedro<\/div>\n<\/div>\n<\/div>\n<h2 style=\"text-align: justify;\">A dor de Francisco<\/h2>\n<p style=\"text-align: justify;\">Um &#8220;trabalho dif\u00edcil, mas essencial&#8221; de ouvir e compreender as v\u00edtimas e suas fam\u00edlias foi iniciado pela Na\u00e7\u00e3o M\u00e9tis. O que foi coletado foi apresentado a Francisco hoje: \u201cEle se sentou e ouviu, acenou com a cabe\u00e7a quando nossos sobreviventes contaram suas hist\u00f3rias. Senti dor em suas rea\u00e7\u00f5es quando se tratava de crian\u00e7as. Os sobreviventes fizeram um trabalho incr\u00edvel ao contar suas verdades, eles foram muito corajosos\u2026\u201d.<\/p>\n<p style=\"text-align: justify;\">\u201cFizemos um trabalho dif\u00edcil de prepara\u00e7\u00e3o para nossa viagem e o encontro com o Papa. Traduzimos nossas palavras com aquelas que ele teria entendido\u201d, continuou Caron. A esperan\u00e7a \u00e9 que o Pont\u00edfice e a Igreja no mundo prossigam agora com um trabalho de &#8220;tradu\u00e7\u00e3o&#8221;: traduzir as palavras ouvidas &#8220;em a\u00e7\u00f5es reais pela verdade&#8221;. &#8220;Quando convidamos o Papa Francisco para se unir a n\u00f3s, ele nos respondeu em sua l\u00edngua e repetiu &#8216;verdade, justi\u00e7a, cura e reconcilia\u00e7\u00e3o&#8217;. Tomamos isso como um compromisso pessoal&#8221;.<\/p>\n<p style=\"text-align: justify;\">V\u00e1rias vezes o presidente dos M\u00e9tis repetiu a palavra \u201corgulho\u201d: \u201cEstamos orgulhosos de estar aqui, junto com os Inuit e as Primeiras Na\u00e7\u00f5es. Temos orgulho da nossa hist\u00f3ria e cultura\u201d. Ele tamb\u00e9m informou que havia apresentado um pedido de acesso a documentos mantidos no Vaticano sobre as escolas residenciais: \u201cContinuamos e continuaremos apoiando tudo o que a na\u00e7\u00e3o M\u00e9tis precisa para entender a verdade plena. Falaremos sobre os documentos com o Papa na audi\u00eancia de sexta-feira\u201d.<\/p>\n<div style=\"text-align: justify;\">\n<div class=\"article__embed article__embed--unwrap article__embed--photo\">\n<figure><picture><img decoding=\"async\" class=\"loaded\" src=\"https:\/\/www.vaticannews.va\/content\/dam\/vaticannews\/multimedia\/2022\/03\/28\/WhatsApp-Image-2022-03-28-at-12.13.11.jpg\/_jcr_content\/renditions\/cq5dam.thumbnail.cropped.750.422.jpeg\" alt=\"Angie Carer, 85 anos, sobrevivente\" data-original=\"\/content\/dam\/vaticannews\/multimedia\/2022\/03\/28\/WhatsApp-Image-2022-03-28-at-12.13.11.jpg\/_jcr_content\/renditions\/cq5dam.thumbnail.cropped.750.422.jpeg\" data-was-processed=\"true\" \/><\/picture><\/figure>\n<div class=\"photo_embed--Title\">Angie Carer, 85 anos, sobrevivente<\/div>\n<\/div>\n<\/div>\n<h2 style=\"text-align: justify;\">O testemunho de Angie<\/h2>\n<p style=\"text-align: justify;\">Angie Crerar, 85 anos, tamb\u00e9m estava presente no grupo na Pra\u00e7acS\u00e3o Pedro. Cabelo curto, \u00f3culos escuros, uma faixa multicolorida sobre um vestido preto, ela chegou numa cadeira de rodas, mas se levantou ao compartilhar trechos de sua hist\u00f3ria. A mesma que contou ao Papa. Assim os mais de dez anos passados \u200b\u200bcom suas irm\u00e3zinhas numa escola residencial nos territ\u00f3rios do Noroeste em 1947, onde &#8220;perdemos tudo, tudo, tudo, menos a l\u00edngua&#8221;, disse ela. &#8220;Quando partimos, levei mais de 45 anos para recuperar o que perdi.&#8221; Angie, por\u00e9m, diz que n\u00e3o quer ser esmagada pelas lembran\u00e7as do passado, mas olha para o presente: \u201cAgora estamos mais fortes. Eles n\u00e3o nos quebraram, ainda estamos aqui. Esperamos muito tempo, mas parece que todos trabalhar\u00e3o conosco agora. Para mim \u00e9 uma vit\u00f3ria, a vit\u00f3ria do nosso povo por todos os anos perdidos\u201d.<\/p>\n<p style=\"text-align: justify;\">Na audi\u00eancia de hoje com Francisco, ela revelou que chegou ao Vaticano &#8220;muito nervosa&#8221;, mas que encontrou &#8220;a pessoa mais d\u00f3cil e gentil que j\u00e1 conheceu&#8221;. O Papa tamb\u00e9m lhe deu um abra\u00e7o que, segundo ela, apagou d\u00e9cadas de sofrimento: \u201cEu estava ao lado dele. Tiveram que me afastar (risos). Foi maravilhoso. Eu estava muito nervosa, mas depois que ele falou comigo, mesmo que eu n\u00e3o entendesse tudo o que ele dizia, seu sorriso, suas rea\u00e7\u00f5es, sua linguagem corporal, me fizeram sentir esse homem amigo\u201d.<\/p>\n<\/div>\n","protected":false},"excerpt":{"rendered":"<p>Francisco encontrou-se com os representantes dos povos ind\u00edgenas M\u00e9tis e Inuit, e manifestou o desejo de ouvir as hist\u00f3rias dos sobreviventes. Os membros do conselho dos M\u00e9tis na Pra\u00e7a S\u00e3o Pedro: &#8220;Juntos com Francisco por um percurso de verdade, justi\u00e7a e reconcilia\u00e7\u00e3o&#8221;. Salvatore Cernuzio\/Mariangela Jaguraba O Papa Francisco recebeu, ao longo de duas audi\u00eancias sucessivas, [&hellip;]<\/p>\n","protected":false},"author":1,"featured_media":0,"comment_status":"open","ping_status":"closed","sticky":false,"template":"","format":"standard","meta":{"footnotes":""},"categories":[13,3],"tags":[],"class_list":["post-73146","post","type-post","status-publish","format-standard","hentry","category-featured","category-vaticano"],"_links":{"self":[{"href":"https:\/\/catolicanet.net\/wp-cnet\/wp-json\/wp\/v2\/posts\/73146","targetHints":{"allow":["GET"]}}],"collection":[{"href":"https:\/\/catolicanet.net\/wp-cnet\/wp-json\/wp\/v2\/posts"}],"about":[{"href":"https:\/\/catolicanet.net\/wp-cnet\/wp-json\/wp\/v2\/types\/post"}],"author":[{"embeddable":true,"href":"https:\/\/catolicanet.net\/wp-cnet\/wp-json\/wp\/v2\/users\/1"}],"replies":[{"embeddable":true,"href":"https:\/\/catolicanet.net\/wp-cnet\/wp-json\/wp\/v2\/comments?post=73146"}],"version-history":[{"count":1,"href":"https:\/\/catolicanet.net\/wp-cnet\/wp-json\/wp\/v2\/posts\/73146\/revisions"}],"predecessor-version":[{"id":73147,"href":"https:\/\/catolicanet.net\/wp-cnet\/wp-json\/wp\/v2\/posts\/73146\/revisions\/73147"}],"wp:attachment":[{"href":"https:\/\/catolicanet.net\/wp-cnet\/wp-json\/wp\/v2\/media?parent=73146"}],"wp:term":[{"taxonomy":"category","embeddable":true,"href":"https:\/\/catolicanet.net\/wp-cnet\/wp-json\/wp\/v2\/categories?post=73146"},{"taxonomy":"post_tag","embeddable":true,"href":"https:\/\/catolicanet.net\/wp-cnet\/wp-json\/wp\/v2\/tags?post=73146"}],"curies":[{"name":"wp","href":"https:\/\/api.w.org\/{rel}","templated":true}]}}