{"id":73123,"date":"2022-03-24T08:56:21","date_gmt":"2022-03-24T11:56:21","guid":{"rendered":"https:\/\/catolicanet.net\/wp-cnet\/?p=73123"},"modified":"2022-03-24T12:59:57","modified_gmt":"2022-03-24T15:59:57","slug":"papa-aos-maristas-educacao-espiritual-e-a-base-do-crescimento-integral","status":"publish","type":"post","link":"https:\/\/catolicanet.net\/wp-cnet\/papa-aos-maristas-educacao-espiritual-e-a-base-do-crescimento-integral\/","title":{"rendered":"Papa aos Maristas: educa\u00e7\u00e3o espiritual \u00e9 a base do crescimento integral"},"content":{"rendered":"<div class=\"article__subTitle\" style=\"text-align: justify;\">\u201cA educa\u00e7\u00e3o espiritual \u00e9 a base para o crescimento integral. Jesus Cristo \u00e9 o Mestre de vida e de verdade, o caminho a ser seguido para se tornar homens e mulheres em sua plenitude, e o Esp\u00edrito Santo \u00e9 o Mestre interior que forma Cristo em n\u00f3s\u201d. Palavras do Papa Francisco no encontro com os Irm\u00e3os Maristas por ocasi\u00e3o da Confer\u00eancia Geral da Ordem nesta quinta-feira (24) no Vaticano<\/div>\n<div class=\"title__separator\" style=\"text-align: justify;\"><\/div>\n<div class=\"article__text \">\n<p style=\"text-align: justify;\"><b>Jane Nogara &#8211; Vatican News<\/b><\/p>\n<p style=\"text-align: justify;\">Na manh\u00e3 desta quinta-feira (24) o Papa Francisco recebeu os Irm\u00e3os Maristas que participam da Confer\u00eancia Geral da Ordem, na ocasi\u00e3o recordou aos presentes que nestes momentos de reflex\u00f5es e verifica\u00e7\u00f5es todos devem se recordar de sempre olhar em frente \u201ccom as indica\u00e7\u00f5es dos Cap\u00edtulos\u201d. Referindo-se a tais indica\u00e7\u00f5es o Papa salientou algumas delas tendo como base, \u201ca Palavra de Deus\u201d.\u00a0\u201c\u00c9 f\u00e1cil de dizer, mas n\u00e3o \u00e9 f\u00e1cil fazer! \u2013 continuou Francisco &#8211; Especialmente quando a Palavra nos pede para \u2018olhar al\u00e9m\u2019, \u2018olhar para o al\u00e9m\u2019, como diz o t\u00edtulo de sua Confer\u00eancia\u201d. E completa: \u201cAl\u00e9m da mentalidade mundana, al\u00e9m de interesses m\u00edopes, al\u00e9m de uma perspectiva parcial, a fim de abrir-se para o horizonte de uma fraternidade universal\u201d.<\/p>\n<h2 style=\"text-align: justify;\"><b>Fam\u00edlia dos Irm\u00e3os Maristas<\/b><\/h2>\n<p style=\"text-align: justify;\">Descrevendo os Irm\u00e3os Maristas como uma fam\u00edlia multicultura e multi\u00e9tnica, Francisco exortou os presentes a \u201csuperar fronteiras, n\u00e3o tanto geogr\u00e1ficas, mas de mentalidade. Isso n\u00e3o significa abandonar suas pr\u00f3prias ra\u00edzes, absolutamente n\u00e3o!\u201d.<\/p>\n<p style=\"text-align: justify;\">Afirmando em seguida:<\/p>\n<div>\n<div class=\"article__embed article__embed--border embed_style\">\n<blockquote><p>\u201cN\u00e3o h\u00e1 contradi\u00e7\u00e3o entre a fidelidade \u00e0s pr\u00f3prias ra\u00edzes e a abertura universal. Pelo contr\u00e1rio, segundo o modelo de Cristo Senhor, \u00e9 precisamente permanecendo fi\u00e9is at\u00e9 o fim ao pacto de amor com o povo a n\u00f3s confiado, que nosso servi\u00e7o se torna fecundo para todos, atrav\u00e9s do poder da gra\u00e7a de Deus\u201d<\/p><\/blockquote>\n<\/div>\n<\/div>\n<h2 style=\"text-align: justify;\"><b>Marcelino Champagnat<\/b><\/h2>\n<p style=\"text-align: justify;\">\u201cPara os Irm\u00e3os Maristas \u2013 continuou &#8211; isto significa permanecer fi\u00e9is ao servi\u00e7o de educa\u00e7\u00e3o e de evangeliza\u00e7\u00e3o dos jovens, de acordo com o carisma de S\u00e3o Marcelino Champagnat. Ele sabia como \u2018olhar al\u00e9m\u2019, e como ensinar os jovens a \u2018olhar al\u00e9m\u2019, a abrir-se a Deus, aos horizontes do amor segundo o Evangelho\u201d.\u00a0Francisco recordou tamb\u00e9m que os ensinamentos de Champagnat eram guiados pelo exemplo da Virgem Maria, a \u201cboa M\u00e3e\u201d, a mulher simples que olhava \u201cal\u00e9m\u201d, para o \u201chorizonte do Reino de Deus\u201d e isso transparece no\u00a0<i>Magnificat<\/i>. E o Papa sugeriu:<\/p>\n<div>\n<div class=\"article__embed article__embed--border embed_style\">\n<blockquote><p>\u201cO que poderia ser mais belo, mais eficaz do que o Magnificat para educar uma jovem ou um jovem a se abrir a Deus e a seu plano de amor? O Magnificat cont\u00e9m uma vis\u00e3o da vida e da hist\u00f3ria; \u00e9 uma escola de f\u00e9 e de ora\u00e7\u00e3o, que liberta do fechamento de si mesmo e de todo espiritualismo, e mostra a alegria de crer, esperar e amar de acordo com o Evangelho de Cristo\u201d<\/p><\/blockquote>\n<\/div>\n<\/div>\n<h2 style=\"text-align: justify;\"><b>Educa\u00e7\u00e3o Integral<\/b><\/h2>\n<p style=\"text-align: justify;\">Em seguida o Papa falou sobre a educa\u00e7\u00e3o e ensinamentos dos maristas, que deve ser conjugado com a realidade que muda, sugerindo ainda: \u201cOs jovens est\u00e3o demonstrando sensibilidade e interesse pela ecologia. Aqui existe um grande campo para a educa\u00e7\u00e3o, porque infelizmente a mentalidade mundana &#8211; permitam-me o trocadilho &#8211; tamb\u00e9m polui a ecologia, a reduz, torna-a ideol\u00f3gica e superficial. Em vez disso \u2013 advertiu &#8211; o horizonte de Deus \u00e9 o de uma ecologia integral, que mant\u00e9m sempre unidas as dimens\u00f5es ambiental e social, o grito da Terra e o grito dos pobres&#8230;.<\/p>\n<p style=\"text-align: justify;\">Recordando em seguida aos Irm\u00e3os Maristas que as crian\u00e7as e jovens est\u00e3o \u201cpredispostos a se tornarem guardi\u00f5es da cria\u00e7\u00e3o, mas precisam aprender que isto n\u00e3o \u00e9 apenas um slogan, n\u00e3o apenas uma den\u00fancia, mas um modo de vida, exigindo paci\u00eancia, fortaleza, temperan\u00e7a, justi\u00e7a. Em resumo, n\u00e3o se nasce um guardi\u00e3o da cria\u00e7\u00e3o, mas se torna um atrav\u00e9s de um caminho educacional\u201d.<\/p>\n<p style=\"text-align: justify;\">Por fim, Francisco disse aos presentes que o exemplo da ecologia \u201cpode ser aplicado a outros campos, tais como o compromisso social e pol\u00edtico, como o campo da comunica\u00e7\u00e3o, ou mesmo antes do campo do estudo e do trabalho, visto sob a perspectiva da promo\u00e7\u00e3o integral da pessoa&#8221;.<\/p>\n<div>\n<div class=\"article__embed article__embed--border embed_style\">\n<blockquote><p>\u201cMas acima de tudo, cabe a voc\u00eas como religiosos, a educa\u00e7\u00e3o espiritual, que \u00e9 a base para o crescimento integral. Jesus Cristo \u00e9 o Mestre de vida e de verdade, o caminho a ser seguido para se tornar homens e mulheres em sua plenitude, e o Esp\u00edrito Santo \u00e9 o Mestre interior que forma Cristo em n\u00f3s\u201d<\/p><\/blockquote>\n<\/div>\n<\/div>\n<\/div>\n","protected":false},"excerpt":{"rendered":"<p>\u201cA educa\u00e7\u00e3o espiritual \u00e9 a base para o crescimento integral. Jesus Cristo \u00e9 o Mestre de vida e de verdade, o caminho a ser seguido para se tornar homens e mulheres em sua plenitude, e o Esp\u00edrito Santo \u00e9 o Mestre interior que forma Cristo em n\u00f3s\u201d. Palavras do Papa Francisco no encontro com os [&hellip;]<\/p>\n","protected":false},"author":1,"featured_media":73124,"comment_status":"open","ping_status":"closed","sticky":false,"template":"","format":"standard","meta":{"footnotes":""},"categories":[3],"tags":[],"class_list":["post-73123","post","type-post","status-publish","format-standard","has-post-thumbnail","hentry","category-vaticano"],"_links":{"self":[{"href":"https:\/\/catolicanet.net\/wp-cnet\/wp-json\/wp\/v2\/posts\/73123","targetHints":{"allow":["GET"]}}],"collection":[{"href":"https:\/\/catolicanet.net\/wp-cnet\/wp-json\/wp\/v2\/posts"}],"about":[{"href":"https:\/\/catolicanet.net\/wp-cnet\/wp-json\/wp\/v2\/types\/post"}],"author":[{"embeddable":true,"href":"https:\/\/catolicanet.net\/wp-cnet\/wp-json\/wp\/v2\/users\/1"}],"replies":[{"embeddable":true,"href":"https:\/\/catolicanet.net\/wp-cnet\/wp-json\/wp\/v2\/comments?post=73123"}],"version-history":[{"count":1,"href":"https:\/\/catolicanet.net\/wp-cnet\/wp-json\/wp\/v2\/posts\/73123\/revisions"}],"predecessor-version":[{"id":73125,"href":"https:\/\/catolicanet.net\/wp-cnet\/wp-json\/wp\/v2\/posts\/73123\/revisions\/73125"}],"wp:featuredmedia":[{"embeddable":true,"href":"https:\/\/catolicanet.net\/wp-cnet\/wp-json\/wp\/v2\/media\/73124"}],"wp:attachment":[{"href":"https:\/\/catolicanet.net\/wp-cnet\/wp-json\/wp\/v2\/media?parent=73123"}],"wp:term":[{"taxonomy":"category","embeddable":true,"href":"https:\/\/catolicanet.net\/wp-cnet\/wp-json\/wp\/v2\/categories?post=73123"},{"taxonomy":"post_tag","embeddable":true,"href":"https:\/\/catolicanet.net\/wp-cnet\/wp-json\/wp\/v2\/tags?post=73123"}],"curies":[{"name":"wp","href":"https:\/\/api.w.org\/{rel}","templated":true}]}}