{"id":73083,"date":"2022-03-18T09:07:15","date_gmt":"2022-03-18T12:07:15","guid":{"rendered":"https:\/\/catolicanet.net\/wp-cnet\/?p=73083"},"modified":"2022-03-21T14:08:18","modified_gmt":"2022-03-21T17:08:18","slug":"coleta-da-solidariedade-3","status":"publish","type":"post","link":"https:\/\/catolicanet.net\/wp-cnet\/coleta-da-solidariedade-3\/","title":{"rendered":"Coleta da Solidariedade"},"content":{"rendered":"<p style=\"text-align: justify;\">No Domingo de Ramos, dia 10 de abril, a Igreja no Brasil, pela Confer\u00eancia Nacional dos Bispos do Brasil \u2013 a CNBB \u2013 realiza a Coleta da Solidariedade. Como gesto concreto da Campanha da Fraternidade, a Coleta da Solidariedade \u00e9 um gesto concreto daquilo que voc\u00ea deixou de gastar fruto de seu jejum e da sua abstin\u00eancia de carne durante a Quaresma. A coleta da solidariedade \u00e9 sempre realizada no Domingo de Ramos, por isso, a data varia a cada ano.<\/p>\n<p style=\"text-align: justify;\">O dinheiro arrecadado na Coleta da Solidariedade pelas par\u00f3quias de todo o Brasil vai para os fundos diocesanos e Nacional de Solidariedade que t\u00eam contribu\u00eddo, sobretudo, para a promo\u00e7\u00e3o da dignidade humana, o compromisso com os pobres e a vida plena.<\/p>\n<p style=\"text-align: justify;\">O tema da Campanha da Fraternidade desse ano foi sobre a educa\u00e7\u00e3o: <em>\u201cFala com sabedoria, ensina com amor\u201d<\/em>, e como lema: <em>\u201cFraternidade e educa\u00e7\u00e3o\u201d. <\/em>O dinheiro arrecadado nas missas do Domingo de Ramos vai para ajudar a Igreja a socorrer as necessidades das pessoas e financiar projetos sociais. A \u00eanfase dos projetos \u00e9 de acordo com o tema anual, neste ano, sobre a Educa\u00e7\u00e3o.<\/p>\n<p style=\"text-align: justify;\">O Tempo da Quaresma \u00e9 um per\u00edodo prop\u00edcio para a convers\u00e3o do cora\u00e7\u00e3o. A Campanha da Fraternidade \u00e9 realizada no Brasil desde 1964, promovida pela CNBB. A Campanha da Fraternidade \u00e9 fruto do Conc\u00edlio Ecum\u00eanico Vaticano II e tem um cunho social, ou seja, favorece a convers\u00e3o do cora\u00e7\u00e3o e a mudan\u00e7a de postura das pessoas diante de algum fato relevante da sociedade.<\/p>\n<p style=\"text-align: justify;\">Ao longo desses anos, tivemos outros temas relevantes referente \u00e0 Campanha da Fraternidade, que chamaram a aten\u00e7\u00e3o da popula\u00e7\u00e3o em geral e, sobretudo, dos cat\u00f3licos. J\u00e1 tivemos campanhas referentes \u00e0 Amaz\u00f4nia, \u00e1gua, educa\u00e7\u00e3o, deficientes entre outros. Sempre com o intuito de converter o cora\u00e7\u00e3o das pessoas e chamar a aten\u00e7\u00e3o para a realidade que os cercam.<\/p>\n<p style=\"text-align: justify;\">Nesse ano de 2022, ser\u00e1 a terceira vez que a Igreja no Brasil ir\u00e1 refletir sobre o tema da educa\u00e7\u00e3o. Normalmente, na Quarta-Feira de Cinzas o Papa Francisco enviou sua mensagem para a Quaresma, direto do Vaticano, onde menciona e apoia a Campanha da Fraternidade que acontece no Brasil. Existem muitas campanhas parecidas pelo mundo nas diversas confer\u00eancias episcopais nacionais.<\/p>\n<p style=\"text-align: justify;\">Desta vez, a reflex\u00e3o ser\u00e1 impulsionada pelo Pacto Educativo Global, convocado pelo Papa Francisco. <em>\u201c<\/em><em>Ao longo da caminhada quaresmal, em que a convers\u00e3o se faz meta primeira, recebemos o convite para busca os motivos de nossas escolhas em todas as a\u00e7\u00f5es e, por certo, naquelas que dizem respeito mais diretamente ao mundo da educa\u00e7\u00e3o\u201d, <\/em>convida a presid\u00eancia da CNBB.<\/p>\n<p style=\"text-align: justify;\">\u00a0\u00a0\u00a0\u00a0\u00a0\u00a0\u00a0\u00a0 A convers\u00e3o \u00e9 nossa meta e, sobretudo na Quaresma desse ano, deve nos conscientizar a ajudar a promover uma educa\u00e7\u00e3o de qualidade para todas as crian\u00e7as. A Campanha da Fraternidade ainda tem o intuito de conscientizar os governantes a promover para todas as crian\u00e7as e adolescentes o direito \u00e0 educa\u00e7\u00e3o.<\/p>\n<p style=\"text-align: justify;\">\u00a0\u00a0\u00a0\u00a0\u00a0\u00a0\u00a0\u00a0 Por isso, \u00e9 t\u00e3o importante termos a consci\u00eancia da import\u00e2ncia de nossa ajuda na Coleta da Solidariedade. Pensarmos que o dinheiro que vamos dar na coleta nesse dia ser\u00e1 para ajudar a Igreja a sustentar projetos sociais, sobretudo, da educa\u00e7\u00e3o. N\u00e3o pensar que ser\u00e1 somente mais uma forma de arrecada\u00e7\u00e3o de dinheiro, mas que o nosso dinheiro ser\u00e1 usado para algo muito importante, que \u00e9 garantir a educa\u00e7\u00e3o de qualidade para muitas crian\u00e7as.<\/p>\n<p style=\"text-align: justify;\">\u00a0\u00a0\u00a0\u00a0\u00a0\u00a0\u00a0\u00a0 A Campanha da Fraternidade de 2022 convida a promover di\u00e1logos, a partir da realidade educativa do Brasil, \u00e0 luz da f\u00e9 crist\u00e3, propondo caminhos em favor do humanismo integral e solid\u00e1rio. A dignidade humana deve ser respeitada desde o nascimento at\u00e9 a morte. A dignidade humana deve se dar em todas as etapas da vida. Vem desde uma moradia digna, em um lar amoroso e respeitoso, e uma educa\u00e7\u00e3o mais solid\u00e1ria e digna.<\/p>\n<p style=\"text-align: justify;\">\u00a0\u00a0\u00a0\u00a0\u00a0\u00a0\u00a0\u00a0 Do total arrecadado na coleta da solidariedade, 60% ficam na pr\u00f3pria diocese e \u00e9 gerido pelo Fundo Diocesano de Solidariedade (FDS), com o objetivo de apoiar iniciativas e projetos locais. Os outros 40% pertencem ao Fundo Nacional de Solidariedade (FNS) que usa o dinheiro arrecadado para apoiar projetos referentes \u00e0 campanha realizada no ano vigente.<\/p>\n<p style=\"text-align: justify;\">\u00a0\u00a0\u00a0\u00a0\u00a0\u00a0\u00a0\u00a0 Os bispos, padres, di\u00e1conos, religiosos e religiosas, leigos e leigas devem promover a Campanha da Fraternidade em suas dioceses, par\u00f3quias, bairro, col\u00e9gios e trabalho. Algumas pessoas n\u00e3o d\u00e3o a devida aten\u00e7\u00e3o \u00e0 Campanha da Fraternidade e outras muitas vezes nem conhecem. \u00c9 importante fazer com que as pessoas conhe\u00e7am a Campanha da Fraternidade e possam de alguma forma contribuir para a constru\u00e7\u00e3o de uma sociedade mais justa e fraterna.<\/p>\n<p style=\"text-align: justify;\">\u00a0\u00a0\u00a0\u00a0\u00a0\u00a0\u00a0\u00a0 Dessa forma, cabem \u00e0s lideran\u00e7as da Igreja promoverem a Campanha da Fraternidade, e fazer com que a Campanha seja do interesse de todos e que de alguma forma se envolvam em pol\u00edticas p\u00fablicas para que o tema proposto da Campanha da Fraternidade seja posto em pr\u00e1tica.<\/p>\n<p style=\"text-align: justify;\">Trilhemos esse caminho de convers\u00e3o durante esse tempo quaresmal, e participemos ativamente da Campanha da Fraternidade e que possamos contribuir com a Coleta da Solidariedade para que todas as crian\u00e7as possam ter uma educa\u00e7\u00e3o de qualidade. Fa\u00e7amos o nosso gesto concreto da Quaresma, pois a coleta da solidariedade \u00e9 um gesto concreto de tudo aquilo que exercemos durante o tempo quaresmal.<\/p>\n<p style=\"text-align: justify;\">Que Deus nos ajude nesse caminho quaresmal, de penit\u00eancia, ora\u00e7\u00e3o e jejum e que a nossa solidariedade seja concreta. Am\u00e9m.<\/p>\n","protected":false},"excerpt":{"rendered":"<p>No Domingo de Ramos, dia 10 de abril, a Igreja no Brasil, pela Confer\u00eancia Nacional dos Bispos do Brasil \u2013 a CNBB \u2013 realiza a Coleta da Solidariedade. Como gesto concreto da Campanha da Fraternidade, a Coleta da Solidariedade \u00e9 um gesto concreto daquilo que voc\u00ea deixou de gastar fruto de seu jejum e da [&hellip;]<\/p>\n","protected":false},"author":5,"featured_media":55819,"comment_status":"open","ping_status":"closed","sticky":false,"template":"","format":"standard","meta":{"footnotes":""},"categories":[9],"tags":[],"class_list":["post-73083","post","type-post","status-publish","format-standard","has-post-thumbnail","hentry","category-artigos"],"_links":{"self":[{"href":"https:\/\/catolicanet.net\/wp-cnet\/wp-json\/wp\/v2\/posts\/73083","targetHints":{"allow":["GET"]}}],"collection":[{"href":"https:\/\/catolicanet.net\/wp-cnet\/wp-json\/wp\/v2\/posts"}],"about":[{"href":"https:\/\/catolicanet.net\/wp-cnet\/wp-json\/wp\/v2\/types\/post"}],"author":[{"embeddable":true,"href":"https:\/\/catolicanet.net\/wp-cnet\/wp-json\/wp\/v2\/users\/5"}],"replies":[{"embeddable":true,"href":"https:\/\/catolicanet.net\/wp-cnet\/wp-json\/wp\/v2\/comments?post=73083"}],"version-history":[{"count":1,"href":"https:\/\/catolicanet.net\/wp-cnet\/wp-json\/wp\/v2\/posts\/73083\/revisions"}],"predecessor-version":[{"id":73084,"href":"https:\/\/catolicanet.net\/wp-cnet\/wp-json\/wp\/v2\/posts\/73083\/revisions\/73084"}],"wp:featuredmedia":[{"embeddable":true,"href":"https:\/\/catolicanet.net\/wp-cnet\/wp-json\/wp\/v2\/media\/55819"}],"wp:attachment":[{"href":"https:\/\/catolicanet.net\/wp-cnet\/wp-json\/wp\/v2\/media?parent=73083"}],"wp:term":[{"taxonomy":"category","embeddable":true,"href":"https:\/\/catolicanet.net\/wp-cnet\/wp-json\/wp\/v2\/categories?post=73083"},{"taxonomy":"post_tag","embeddable":true,"href":"https:\/\/catolicanet.net\/wp-cnet\/wp-json\/wp\/v2\/tags?post=73083"}],"curies":[{"name":"wp","href":"https:\/\/api.w.org\/{rel}","templated":true}]}}