{"id":73077,"date":"2022-03-19T09:01:13","date_gmt":"2022-03-19T12:01:13","guid":{"rendered":"https:\/\/catolicanet.net\/wp-cnet\/?p=73077"},"modified":"2022-03-21T14:02:29","modified_gmt":"2022-03-21T17:02:29","slug":"sao-jose-3","status":"publish","type":"post","link":"https:\/\/catolicanet.net\/wp-cnet\/sao-jose-3\/","title":{"rendered":"S\u00e3o Jos\u00e9"},"content":{"rendered":"<p style=\"text-align: justify;\">No dia 19 de mar\u00e7o, celebramos a Solenidade de S\u00e3o Jos\u00e9, Esposo de Maria e Patrono da Igreja universal. \u00c9 um dia especial para o nosso Semin\u00e1rio S\u00e3o Jos\u00e9. S\u00e3o Jos\u00e9 merece todo o nosso reconhecimento e a nossa devo\u00e7\u00e3o pois, ele soube proteger a Virgem Santa e o Filho Jesus. O ser guardi\u00e3o \u00e9 a caracter\u00edstica de Jos\u00e9: \u00e9 a sua grande miss\u00e3o, ser guardi\u00e3o. \u00c9 nisso que ele expressa o seu amor a sua esposa e ao seu Filho adotivo.<\/p>\n<p style=\"text-align: justify;\">\u00a0\u00a0\u00a0\u00a0\u00a0\u00a0\u00a0\u00a0 S\u00e3o Jos\u00e9 \u00e9 chamado de \u201co pr\u00edncipe de Nazar\u00e9\u201d. Mas \u00e9, tamb\u00e9m, o pr\u00edncipe da Igreja.\u00a0 Pois, \u00e9 padroeiro universal da Igreja Cat\u00f3lica, presente no mundo inteiro. Porque raz\u00e3o S\u00e3o Jos\u00e9 se tornou um santo querido e com muita venera\u00e7\u00e3o popular? Por que ele foi escolhido pelo Pai Eterno para ser o guarda fiel e providente dos seus maiores tesouros: o Filho de Deus e a Virgem Maria. Esta miss\u00e3o ele a cumpriu com muita dedica\u00e7\u00e3o e fidelidade.<\/p>\n<p style=\"text-align: justify;\">\u00a0\u00a0\u00a0\u00a0\u00a0\u00a0\u00a0\u00a0 A primeira li\u00e7\u00e3o \u00e9 a proximidade com menino Jesus. Jos\u00e9 carregou Jesus, Filho de Deus, nos bra\u00e7os! Esta proximidade e intimidade com Jesus, do qual \u00e9 Pai adotivo, o transformou num grande santo. Podemos dizer que a santidade de Jesus \u00e9 transferida para Jos\u00e9.\u00a0\u00a0A segunda\u00a0li\u00e7\u00e3o que podemos aprender com S\u00e3o Jos\u00e9 \u00e9 do sil\u00eancio. Jos\u00e9 \u00e9 chamado o santo do sil\u00eancio. O Evangelho n\u00e3o registra nenhuma palavra dita por ele. Construiu sua santidade na simplicidade, na humildade e no sil\u00eancio de Nazar\u00e9. Precisamos, hoje, cultivar a estima pelo sil\u00eancio, essa admir\u00e1vel e indispens\u00e1vel condi\u00e7\u00e3o do esp\u00edrito. Somos hoje, assediados por tantos clamores, ru\u00eddos e gritos da vida moderna barulhenta e estressante.<\/p>\n<p style=\"text-align: justify;\">\u00a0\u00a0\u00a0\u00a0\u00a0\u00a0\u00a0\u00a0 O sil\u00eancio de Nazar\u00e9 ensina-nos o sentido do recolhimento, da interioridade e da disposi\u00e7\u00e3o para escutar a Deus e aos irm\u00e3os.\u00a0\u00a0Assim como nos capacitamos para falar bem, devemos, tamb\u00e9m, nos capacitar para escutar bem as pessoas. \u00c9 o que n\u00f3s chamamos de escuta emp\u00e1tica: sentir o que outro sente.\u00a0 S\u00e3o Jos\u00e9, o homem do sil\u00eancio! Aquele que mal \u00e9 tocado pela palavra. O Evangelho s\u00f3 nos diz isto dele: Era um homem justo. Sempre s\u00f3brio em palavras, o Evangelho \u00e9 ainda mais s\u00f3brio do que de costume ao falar de S\u00e3o Jos\u00e9. Dir-se-ia que este homem, envolto em sil\u00eancio, inspira sil\u00eancio. O sil\u00eancio de S\u00e3o Jos\u00e9 produz sil\u00eancio ao redor de S\u00e3o Jos\u00e9.<\/p>\n<p style=\"text-align: justify;\">\u00a0\u00a0\u00a0\u00a0\u00a0\u00a0\u00a0\u00a0 A terceira li\u00e7\u00e3o \u00e9 a vida familiar. Notamos em\u00a0Jos\u00e9 uma presen\u00e7a atenta, carinhosa e permanente junto de Maria e o Menino Jesus. Era sua miss\u00e3o: proteger e guardar com fidelidade a Sagrada Fam\u00edlia. Foi admir\u00e1vel a coragem de Jos\u00e9 em deixar tudo e seguir para o Egito a fim de proteger o Menino Jesus.<\/p>\n<p style=\"text-align: justify;\">\u00a0\u00a0\u00a0\u00a0\u00a0\u00a0\u00a0\u00a0 S\u00e3o Jos\u00e9 \u00e9 o protetor da Igreja, que peregrina em todo o orbe. Devemos ter uma profunda devo\u00e7\u00e3o por ele, afinal, protegeu Maria e Jesus e \u00e9 modelo de todas as virtudes.\u00a0Se confiamos aos seus cuidados \u00e0 unidade da Igreja, as ordens e os movimentos religiosos, as fam\u00edlias, ele as guardar\u00e1; e ainda muitos outros como os jovens e as crian\u00e7as para que n\u00e3o sejam arrastados pela maldade do mundo, mas caminhem segundo os planos de Deus.<\/p>\n<p style=\"text-align: justify;\">\u00a0\u00a0\u00a0\u00a0\u00a0\u00a0\u00a0\u00a0 Na hist\u00f3ria da salva\u00e7\u00e3o coube a S\u00e3o Jos\u00e9 dar a Jesus um nome, fazendo-O descendente da linhagem de Davi, como era necess\u00e1rio para cumprir as promessas divinas. A Jos\u00e9 coube a honra e a gl\u00f3ria de dar o nome a Jesus na Sua circuncis\u00e3o. O Anjo disse-lhe: \u201cEla dar\u00e1 \u00e0 luz um filho e tu o chamar\u00e1s com o nome de Jesus, pois ele salvar\u00e1 o seu povo dos seus pecados\u201d (Mt 1,21).<\/p>\n<p style=\"text-align: justify;\">\u00a0\u00a0\u00a0\u00a0\u00a0\u00a0\u00a0\u00a0 S\u00e3o Jos\u00e9, tal como a Virgem Maria, com o seu \u201csim\u201d a Deus, no meio da noite, preparou a chegada do Salvador. Deus Pai contou com ele e n\u00e3o foi decepcionado. Que o Alt\u00edssimo possa contar tamb\u00e9m conosco! Cada um de n\u00f3s tamb\u00e9m tem uma miss\u00e3o a cumprir no plano divino. E o mais importante \u00e9 dizer \u201csim\u201d a Deus como S\u00e3o Jos\u00e9. \u201cDespertando, Jos\u00e9 fez como o anjo do Senhor lhe havia mandado\u201d (Mt 1,24).<\/p>\n<p style=\"text-align: justify;\">\u00a0\u00a0\u00a0\u00a0\u00a0\u00a0\u00a0\u00a0 Quanto a morte de S\u00e3o Jos\u00e9, n\u00e3o se sabe quando. A identidade de Jos\u00e9 foi o trabalho. Por isso, \u00e9 patrono dos Artes\u00e3os e daqueles que ganham o p\u00e3o com o suor do rosto. Este apelido de Jos\u00e9 nos lembra de que o trabalho \u00e9 parte da identidade humana. Somos conhecidos pelo que fazemos.<\/p>\n<p style=\"text-align: justify;\">\u00a0\u00a0\u00a0\u00a0\u00a0\u00a0\u00a0\u00a0 O trabalho dignifica o homem e aperfei\u00e7oa a obra criadora de Deus. O amor ao trabalho ajuda moldar o car\u00e1ter das pessoas. Por isso, precisamos imprimir nas pessoas a cultura do trabalho! Deus criou o homem \u00e0 sua imagem e semelhan\u00e7a e o colocou no mundo para ser o senhor da cria\u00e7\u00e3o e administr\u00e1-la com seu trabalho. Neste sentido o trabalho \u00e9 instrumento de santifica\u00e7\u00e3o do homem, transforma\u00e7\u00e3o do mundo e glorifica\u00e7\u00e3o de Deus. Lembrai-vos de n\u00f3s, S\u00e3o Jos\u00e9, intercedei com ora\u00e7\u00f5es junto de vosso filho adotivo, para que n\u00e3o faltem postos de trabalho e vida\u00a0para todos!<\/p>\n<p style=\"text-align: justify;\">\u00a0\u00a0\u00a0\u00a0\u00a0\u00a0\u00a0\u00a0 Celebrar a festa de S\u00e3o Jos\u00e9 \u00e9 celebrar a santidade, a espiritualidade, o sil\u00eancio profundo e f\u00e9rtil. O pai adotivo de Jesus silencioso que nos deixou o Salvador pronto para come\u00e7ar a Sua miss\u00e3o. \u00c9 como algu\u00e9m destacou: \u201cO servo que faz muito sem dizer nada; o especial agente secreto de Deus\u201d. Rogamos a S\u00e3o Jos\u00e9 pelo fim da pandemia da COVID-19 e da insana e sangrenta Guerra envolvendo a R\u00fassia e Ucr\u00e2nia.<\/p>\n","protected":false},"excerpt":{"rendered":"<p>No dia 19 de mar\u00e7o, celebramos a Solenidade de S\u00e3o Jos\u00e9, Esposo de Maria e Patrono da Igreja universal. \u00c9 um dia especial para o nosso Semin\u00e1rio S\u00e3o Jos\u00e9. S\u00e3o Jos\u00e9 merece todo o nosso reconhecimento e a nossa devo\u00e7\u00e3o pois, ele soube proteger a Virgem Santa e o Filho Jesus. O ser guardi\u00e3o \u00e9 [&hellip;]<\/p>\n","protected":false},"author":5,"featured_media":55819,"comment_status":"open","ping_status":"closed","sticky":false,"template":"","format":"standard","meta":{"footnotes":""},"categories":[9],"tags":[],"class_list":["post-73077","post","type-post","status-publish","format-standard","has-post-thumbnail","hentry","category-artigos"],"_links":{"self":[{"href":"https:\/\/catolicanet.net\/wp-cnet\/wp-json\/wp\/v2\/posts\/73077","targetHints":{"allow":["GET"]}}],"collection":[{"href":"https:\/\/catolicanet.net\/wp-cnet\/wp-json\/wp\/v2\/posts"}],"about":[{"href":"https:\/\/catolicanet.net\/wp-cnet\/wp-json\/wp\/v2\/types\/post"}],"author":[{"embeddable":true,"href":"https:\/\/catolicanet.net\/wp-cnet\/wp-json\/wp\/v2\/users\/5"}],"replies":[{"embeddable":true,"href":"https:\/\/catolicanet.net\/wp-cnet\/wp-json\/wp\/v2\/comments?post=73077"}],"version-history":[{"count":1,"href":"https:\/\/catolicanet.net\/wp-cnet\/wp-json\/wp\/v2\/posts\/73077\/revisions"}],"predecessor-version":[{"id":73078,"href":"https:\/\/catolicanet.net\/wp-cnet\/wp-json\/wp\/v2\/posts\/73077\/revisions\/73078"}],"wp:featuredmedia":[{"embeddable":true,"href":"https:\/\/catolicanet.net\/wp-cnet\/wp-json\/wp\/v2\/media\/55819"}],"wp:attachment":[{"href":"https:\/\/catolicanet.net\/wp-cnet\/wp-json\/wp\/v2\/media?parent=73077"}],"wp:term":[{"taxonomy":"category","embeddable":true,"href":"https:\/\/catolicanet.net\/wp-cnet\/wp-json\/wp\/v2\/categories?post=73077"},{"taxonomy":"post_tag","embeddable":true,"href":"https:\/\/catolicanet.net\/wp-cnet\/wp-json\/wp\/v2\/tags?post=73077"}],"curies":[{"name":"wp","href":"https:\/\/api.w.org\/{rel}","templated":true}]}}