{"id":72996,"date":"2022-03-11T09:54:39","date_gmt":"2022-03-11T12:54:39","guid":{"rendered":"https:\/\/catolicanet.net\/wp-cnet\/?p=72996"},"modified":"2022-03-15T17:55:54","modified_gmt":"2022-03-15T20:55:54","slug":"2o-domingo-da-quaresma-de-2022","status":"publish","type":"post","link":"https:\/\/catolicanet.net\/wp-cnet\/2o-domingo-da-quaresma-de-2022\/","title":{"rendered":"2\u00ba Domingo da quaresma de 2022."},"content":{"rendered":"<p style=\"text-align: justify;\">Jesus subiu ao Monte, para falar com o Pai (orar), para descendo levar a Boa Nova aos irm\u00e3os e irm\u00e3s. Tendo vencido a Satan\u00e1s, come\u00e7ou colocar aos disc\u00edpulos base do Reino.<\/p>\n<p style=\"text-align: justify;\">Outrora, Jesus levou consigo tr\u00eas disc\u00edpulos. Hoje, no entanto, quer levar a todos n\u00f3s, para transformar-nos em verdadeiros disc\u00edpulos e discipulas.<\/p>\n<p style=\"text-align: justify;\">Os ap\u00f3stolos estavam tristes, medrosos e com sono, pois Jesus acabara de falar-lhes, do seu sofrimento e morte n\u00e3o distantes. Eles n\u00e3o conseguiam aceitar um Messias sofredor, nem t\u00e3o pouco, as condi\u00e7\u00f5es, n\u00e3o f\u00e1ceis, para segui-lo <em>Cf(Lc9,23-26):<\/em> nutriam outros sonhos. Talvez, como n\u00f3s, hoje.<\/p>\n<p style=\"text-align: justify;\">Estavam, repito, com sono e medo, apresentando alternativas pessoais a Jesus. Toda vez, que nos s\u00e3o apresentadas exig\u00eancias ou condi\u00e7\u00f5es, para o seguimento, tamb\u00e9m n\u00f3s hoje, ficamos com medo e sonolentos, quando n\u00e3o desanimados. Mudou muito, de ent\u00e3o, para hoje?<\/p>\n<p style=\"text-align: justify;\">Jesus subiu ao monte para orar. Transformou-se, e foi glorificado diante deles. Mois\u00e9s e Elias (Profetas e Lei) vieram confirmar Sua op\u00e7\u00e3o. O Pai interveio, tamb\u00e9m, dizendo: \u00e9 meu Filho, amado e mandou obedecer-lhe. No cristianismo, a gl\u00f3ria vem pela fidelidade e a vit\u00f3ria sobre o mal. N\u00e3o podemos ter pressa.<\/p>\n<p>&nbsp;<\/p>\n<p style=\"text-align: center;\"><strong>+Carmo Jo\u00e3o Rhoden, SCJ<\/strong><\/p>\n<p style=\"text-align: center;\"><strong>Bispo Em\u00e9rito de Taubat\u00e9-SP<\/strong><\/p>\n<p style=\"text-align: center;\"><strong>Presidente da Pr\u00f3 Sa\u00fade.<\/strong><\/p>\n","protected":false},"excerpt":{"rendered":"<p>Jesus subiu ao Monte, para falar com o Pai (orar), para descendo levar a Boa Nova aos irm\u00e3os e irm\u00e3s. Tendo vencido a Satan\u00e1s, come\u00e7ou colocar aos disc\u00edpulos base do Reino. Outrora, Jesus levou consigo tr\u00eas disc\u00edpulos. Hoje, no entanto, quer levar a todos n\u00f3s, para transformar-nos em verdadeiros disc\u00edpulos e discipulas. Os ap\u00f3stolos estavam [&hellip;]<\/p>\n","protected":false},"author":1,"featured_media":55814,"comment_status":"open","ping_status":"closed","sticky":false,"template":"","format":"standard","meta":{"footnotes":""},"categories":[9],"tags":[],"class_list":["post-72996","post","type-post","status-publish","format-standard","has-post-thumbnail","hentry","category-artigos"],"_links":{"self":[{"href":"https:\/\/catolicanet.net\/wp-cnet\/wp-json\/wp\/v2\/posts\/72996","targetHints":{"allow":["GET"]}}],"collection":[{"href":"https:\/\/catolicanet.net\/wp-cnet\/wp-json\/wp\/v2\/posts"}],"about":[{"href":"https:\/\/catolicanet.net\/wp-cnet\/wp-json\/wp\/v2\/types\/post"}],"author":[{"embeddable":true,"href":"https:\/\/catolicanet.net\/wp-cnet\/wp-json\/wp\/v2\/users\/1"}],"replies":[{"embeddable":true,"href":"https:\/\/catolicanet.net\/wp-cnet\/wp-json\/wp\/v2\/comments?post=72996"}],"version-history":[{"count":1,"href":"https:\/\/catolicanet.net\/wp-cnet\/wp-json\/wp\/v2\/posts\/72996\/revisions"}],"predecessor-version":[{"id":72997,"href":"https:\/\/catolicanet.net\/wp-cnet\/wp-json\/wp\/v2\/posts\/72996\/revisions\/72997"}],"wp:featuredmedia":[{"embeddable":true,"href":"https:\/\/catolicanet.net\/wp-cnet\/wp-json\/wp\/v2\/media\/55814"}],"wp:attachment":[{"href":"https:\/\/catolicanet.net\/wp-cnet\/wp-json\/wp\/v2\/media?parent=72996"}],"wp:term":[{"taxonomy":"category","embeddable":true,"href":"https:\/\/catolicanet.net\/wp-cnet\/wp-json\/wp\/v2\/categories?post=72996"},{"taxonomy":"post_tag","embeddable":true,"href":"https:\/\/catolicanet.net\/wp-cnet\/wp-json\/wp\/v2\/tags?post=72996"}],"curies":[{"name":"wp","href":"https:\/\/api.w.org\/{rel}","templated":true}]}}