{"id":72954,"date":"2022-03-15T09:31:20","date_gmt":"2022-03-15T12:31:20","guid":{"rendered":"https:\/\/catolicanet.net\/wp-cnet\/?p=72954"},"modified":"2022-03-15T12:57:23","modified_gmt":"2022-03-15T15:57:23","slug":"religioes-e-paz-cardeal-ayuso-guixot-as-fronteiras-nao-podem-se-tornar-muros","status":"publish","type":"post","link":"https:\/\/catolicanet.net\/wp-cnet\/religioes-e-paz-cardeal-ayuso-guixot-as-fronteiras-nao-podem-se-tornar-muros\/","title":{"rendered":"Religi\u00f5es e paz. Cardeal Ayuso Guixot: &#8220;as fronteiras n\u00e3o podem se tornar muros&#8221;"},"content":{"rendered":"<p style=\"text-align: justify;\">Presidente do Pontif\u00edcio Conselho para o Di\u00e1logo Inter-religioso, cardeal Miguel Angel Ayuso Guixot<\/p>\n<div class=\"article__subTitle\" style=\"text-align: justify;\">&#8220;Somente uma Europa mais unida e solid\u00e1ria pode enfrentar os desafios da globaliza\u00e7\u00e3o. Uma Europa mais forte ajuda n\u00e3o s\u00f3 os europeus: \u00e9 tamb\u00e9m um grande impulso para desenvolver a globaliza\u00e7\u00e3o da solidariedade da qual o Papa fala.&#8221; Trata-se, diz o presidente do Pontif\u00edcio Conselho para o Di\u00e1logo Inter-religioso, de &#8220;uma grande tarefa na qual o papel das religi\u00f5es e das Igrejas \u00e9 fundamental, para o bem dos povos europeus e do mundo inteiro, para combater os nacionalismos e para construir a paz&#8221;<\/div>\n<div class=\"title__separator\" style=\"text-align: justify;\"><\/div>\n<div class=\"article__text \">\n<p style=\"text-align: justify;\"><b>Vatican News<\/b><\/p>\n<div style=\"text-align: justify;\">\n<div class=\"article__embed article__embed--unwrap article__embed--dark\">\n<div class=\"article__innerTitle\">Ou\u00e7a a reportagem e compartilhe!<\/div>\n<\/div>\n<\/div>\n<p style=\"text-align: justify;\">&#8220;A fraternidade constitui, ao mesmo tempo, o m\u00e9todo e o objetivo a ser perseguido na constru\u00e7\u00e3o de sociedades pac\u00edficas e inclusivas. A fraternidade \u00e9 tamb\u00e9m a manifesta\u00e7\u00e3o de atos concretos, de integra\u00e7\u00e3o entre diferentes pessoas e entre pa\u00edses, e \u00e9 a afirma\u00e7\u00e3o de que o di\u00e1logo quando \u00e9 \u2018perseverante e corajoso n\u00e3o faz not\u00edcia como os confrontos e os conflitos, no entanto, ajuda discretamente o mundo a viver melhor, muito mais do que podemos perceber.&#8221;<\/p>\n<p style=\"text-align: justify;\">\u00c9 o que afirma, citando a\u00a0<b><a href=\"https:\/\/www.vatican.va\/content\/francesco\/pt\/encyclicals\/documents\/papa-francesco_20201003_enciclica-fratelli-tutti.html\" target=\"_blank\" rel=\"external noopener\">Carta enc\u00edclica Fratelli tutti<\/a><\/b>, o presidente do Pontif\u00edcio Conselho para o Di\u00e1logo Inter-religioso, cardeal Miguel \u00c1ngel Ayuso Guixot, no discurso de abertura preparado para o Dies academicus da Faculdade de Teologia do Triveneto, realizado esta ter\u00e7a-feira (15\/03) em P\u00e1dua, norte da It\u00e1lia.<\/p>\n<p style=\"text-align: justify;\">No texto, intitulado &#8220;Religi\u00f5es e fraternidade na Europa, hoje. A exorta\u00e7\u00e3o da enc\u00edclica Fratelli tutti&#8221;, lida pelo secret\u00e1rio geral da Faculdade, padre Gaudenzio Zambon, devido ao fato de o cardeal n\u00e3o poder estar presente por raz\u00f5es pessoais, Guixot ressalta: &#8220;O homem compartilha com seus irm\u00e3os n\u00e3o apenas uma origem e uma descend\u00eancia comum, mas tamb\u00e9m um destino comum, o de criaturas fr\u00e1geis e vulner\u00e1veis em sa\u00fade e destino, como o per\u00edodo hist\u00f3rico que estamos vivendo claramente demonstrou&#8221;.<\/p>\n<h2 style=\"text-align: justify;\">Somos exortados a ter esperan\u00e7a e responsabilidade<\/h2>\n<p style=\"text-align: justify;\">N\u00e3o podemos &#8220;ficar indiferentes, somos exortados a ter esperan\u00e7a e responsabilidade, com base na par\u00e1bola do Bom Samaritano, paradigma da necessidade de uma cultura do cuidado uns com os outros, e n\u00e3o da indiferen\u00e7a&#8221;. &#8220;As fronteiras existem, mas n\u00e3o podem se tornar muros ou moldar o futuro&#8221;, adverte o cardeal, segundo o qual &#8220;os que creem as superam com o olhar do cora\u00e7\u00e3o e a palavra do di\u00e1logo&#8221;.<\/p>\n<p style=\"text-align: justify;\">&#8220;Na aus\u00eancia de vis\u00f5es amplas &#8211; observa o purpurado espanhol -, h\u00e1 um ressurgimento de perspectivas nacionais antag\u00f4nicas ou nacionalistas em face de uma globaliza\u00e7\u00e3o que parece amea\u00e7adora&#8221;.<\/p>\n<h2 style=\"text-align: justify;\">Combater os nacionalismos e construir a paz<\/h2>\n<p style=\"text-align: justify;\">Diante deste cen\u00e1rio, &#8220;\u00e9 necess\u00e1rio n\u00e3o menos Europa, mas mais Europa: somente uma Europa mais unida e solid\u00e1ria pode enfrentar os desafios da globaliza\u00e7\u00e3o. Uma Europa mais forte ajuda n\u00e3o s\u00f3 os europeus: \u00e9 tamb\u00e9m um grande impulso para desenvolver a globaliza\u00e7\u00e3o da solidariedade da qual o Papa Francisco fala&#8221;.<\/p>\n<p style=\"text-align: justify;\">Trata-se, conclui o presidente do referido Dicast\u00e9rio vaticano, de &#8220;uma grande tarefa na qual o papel das religi\u00f5es e das Igrejas \u00e9 fundamental, para o bem dos povos europeus e do mundo inteiro, para combater os nacionalismos e para construir a paz&#8221;.<\/p>\n<p style=\"text-align: justify;\">(com Sir)<\/p>\n<\/div>\n","protected":false},"excerpt":{"rendered":"<p>Presidente do Pontif\u00edcio Conselho para o Di\u00e1logo Inter-religioso, cardeal Miguel Angel Ayuso Guixot &#8220;Somente uma Europa mais unida e solid\u00e1ria pode enfrentar os desafios da globaliza\u00e7\u00e3o. Uma Europa mais forte ajuda n\u00e3o s\u00f3 os europeus: \u00e9 tamb\u00e9m um grande impulso para desenvolver a globaliza\u00e7\u00e3o da solidariedade da qual o Papa fala.&#8221; Trata-se, diz o presidente [&hellip;]<\/p>\n","protected":false},"author":1,"featured_media":72955,"comment_status":"open","ping_status":"closed","sticky":false,"template":"","format":"standard","meta":{"footnotes":""},"categories":[3],"tags":[],"class_list":["post-72954","post","type-post","status-publish","format-standard","has-post-thumbnail","hentry","category-vaticano"],"_links":{"self":[{"href":"https:\/\/catolicanet.net\/wp-cnet\/wp-json\/wp\/v2\/posts\/72954","targetHints":{"allow":["GET"]}}],"collection":[{"href":"https:\/\/catolicanet.net\/wp-cnet\/wp-json\/wp\/v2\/posts"}],"about":[{"href":"https:\/\/catolicanet.net\/wp-cnet\/wp-json\/wp\/v2\/types\/post"}],"author":[{"embeddable":true,"href":"https:\/\/catolicanet.net\/wp-cnet\/wp-json\/wp\/v2\/users\/1"}],"replies":[{"embeddable":true,"href":"https:\/\/catolicanet.net\/wp-cnet\/wp-json\/wp\/v2\/comments?post=72954"}],"version-history":[{"count":1,"href":"https:\/\/catolicanet.net\/wp-cnet\/wp-json\/wp\/v2\/posts\/72954\/revisions"}],"predecessor-version":[{"id":72956,"href":"https:\/\/catolicanet.net\/wp-cnet\/wp-json\/wp\/v2\/posts\/72954\/revisions\/72956"}],"wp:featuredmedia":[{"embeddable":true,"href":"https:\/\/catolicanet.net\/wp-cnet\/wp-json\/wp\/v2\/media\/72955"}],"wp:attachment":[{"href":"https:\/\/catolicanet.net\/wp-cnet\/wp-json\/wp\/v2\/media?parent=72954"}],"wp:term":[{"taxonomy":"category","embeddable":true,"href":"https:\/\/catolicanet.net\/wp-cnet\/wp-json\/wp\/v2\/categories?post=72954"},{"taxonomy":"post_tag","embeddable":true,"href":"https:\/\/catolicanet.net\/wp-cnet\/wp-json\/wp\/v2\/tags?post=72954"}],"curies":[{"name":"wp","href":"https:\/\/api.w.org\/{rel}","templated":true}]}}