{"id":72948,"date":"2022-03-15T09:29:36","date_gmt":"2022-03-15T12:29:36","guid":{"rendered":"https:\/\/catolicanet.net\/wp-cnet\/?p=72948"},"modified":"2022-03-15T12:51:19","modified_gmt":"2022-03-15T15:51:19","slug":"dom-vincenzo-paglia-da-guerra-na-ucrania-possa-nascer-uma-europa-inclusiva","status":"publish","type":"post","link":"https:\/\/catolicanet.net\/wp-cnet\/dom-vincenzo-paglia-da-guerra-na-ucrania-possa-nascer-uma-europa-inclusiva\/","title":{"rendered":"Dom Vincenzo Paglia: da guerra na Ucr\u00e2nia possa nascer uma Europa inclusiva"},"content":{"rendered":"<figure class=\"article__image\" style=\"text-align: justify;\"><span class=\"didascalia_img\">A destrui\u00e7\u00e3o de uma casa no distrito de Osokorky nesta ter\u00e7a-feira (15)\u00a0 (AFP or licensors)<\/span><\/figure>\n<div class=\"article__meta \" data-mediatype=\"\">\n<div class=\"article__subTitle\" style=\"text-align: justify;\">O presidente da Pontif\u00edcia Academia para a Vida, dom Vincenzo Paglia, divulga em edi\u00e7\u00e3o de jornal italiano desta ter\u00e7a-feira (15) uma reflex\u00e3o sobre o conflito na Ucr\u00e2nia, reiterando o n\u00e3o \u00e0 guerra do Papa Francisco e exortando a negocia\u00e7\u00f5es. &#8220;Uma pol\u00edtica clarividente ser\u00e1 capaz de indicar um caminho para toda a humanidade&#8221;, escreveu ele no \u201cIl Riformista\u201d.<\/div>\n<div class=\"title__separator\" style=\"text-align: justify;\"><\/div>\n<div class=\"article__text \">\n<p style=\"text-align: justify;\"><b>Tiziana Campisi &#8211; Vatican News<\/b><\/p>\n<p style=\"text-align: justify;\">\u00c9 preciso imaginar e construir um futuro diferente para que este conflito seja o \u00faltimo e sirva de exemplo para a busca e a identifica\u00e7\u00e3o de novas formas de conviv\u00eancia entre os povos, escreve dom Vincenzo Paglia, presidente da Pontif\u00edcia Academia para a Vida, numa reflex\u00e3o sobre a guerra na Ucr\u00e2nia publicada nesta ter\u00e7a-feira (15) pelo jornal italiano &#8220;Il Riformista&#8221;. No artigo, ele reitera o grito do Papa Francisco do \u00faltimo domingo (13) no Angelus: &#8220;Parem a guerra, em nome de Deus&#8221;!<\/p>\n<p style=\"text-align: justify;\">O prelado afirma que &#8220;se faz necess\u00e1ria uma clarivid\u00eancia pol\u00edtica eficaz e efetiva para que possamos sair desta prova\u00e7\u00e3o com um desenho europeu renovado, s\u00e1bio e duradouro&#8221;. Dom Paglia diz que, para ele, parece n\u00e3o existir alternativas: \u201ca Europa \u00e9 uma s\u00f3; tem dois pulm\u00f5es, certamente, Oriente e Ocidente t\u00eam caracter\u00edsticas comuns e caracter\u00edsticas diferentes, mas \u00e9 sempre a Europa&#8221;. Ele acredita que devemos &#8220;falar de Europa judaico-crist\u00e3&#8221;, como dizia insistentemente Jo\u00e3o Paulo II.<\/p>\n<h2 style=\"text-align: justify;\">A necessidade de solu\u00e7\u00e3o pol\u00edtica justa<\/h2>\n<p style=\"text-align: justify;\">Para o presidente da Academia Pontif\u00edcia para a Vida, &#8220;\u00e9 essencial redesenhar um futuro que abrace a Europa desde o Atl\u00e2ntico at\u00e9 os Urais&#8221; e &#8220;a Europa da OTAN, da Uni\u00e3o Europeia, do G-7 que por vezes se torna G-8, deve ser redesenhada, inventando uma solu\u00e7\u00e3o pol\u00edtica diferente, com um projeto de inclus\u00e3o pol\u00edtica, econ\u00f4mica, financeira e cultural de todos os pa\u00edses, ningu\u00e9m exclu\u00eddo&#8221;. Uma Europa dos povos do futuro precisa de uma &#8220;solu\u00e7\u00e3o pol\u00edtica que seja justa, real, respeitadora do direito internacional e dos direitos&#8221;, salienta dom Paglia no artigo do jornal, ao relan\u00e7ar a proposta do Papa, no Angelus do \u00faltimo domingo (13): &#8220;devemos realmente e decididamente nos concentrar nas negocia\u00e7\u00f5es&#8221;.<\/p>\n<p style=\"text-align: justify;\">Para o prelado, este \u00e9 &#8220;o instrumento que a hist\u00f3ria da humanidade foi capaz de utilizar para chegar a solu\u00e7\u00f5es&#8221; e \u00e9 &#8220;uma pol\u00edtica clarividente&#8221; que &#8220;ser\u00e1 capaz de apontar o caminho para toda a humanidade&#8221;. Dom Paglia prossegue dizendo que o mundo est\u00e1 vivendo &#8220;uma pandemia que ainda n\u00e3o foi derrotada&#8221;, &#8220;uma crise ambiental e clim\u00e1tica&#8221; que ter\u00e1 consequ\u00eancias para todos e &#8220;uma mudan\u00e7a de \u00e9poca em termos de novas tecnologias que afetam a pr\u00f3pria humanidade&#8221;. O prefeito conclui a sua reflex\u00e3o ao jornal italiano afirmando que n\u00e3o s\u00e3o as armas e a guerra que ir\u00e3o resolver os problemas.<\/p>\n<\/div>\n<\/div>\n","protected":false},"excerpt":{"rendered":"<p>A destrui\u00e7\u00e3o de uma casa no distrito de Osokorky nesta ter\u00e7a-feira (15)\u00a0 (AFP or licensors) O presidente da Pontif\u00edcia Academia para a Vida, dom Vincenzo Paglia, divulga em edi\u00e7\u00e3o de jornal italiano desta ter\u00e7a-feira (15) uma reflex\u00e3o sobre o conflito na Ucr\u00e2nia, reiterando o n\u00e3o \u00e0 guerra do Papa Francisco e exortando a negocia\u00e7\u00f5es. &#8220;Uma [&hellip;]<\/p>\n","protected":false},"author":1,"featured_media":72949,"comment_status":"open","ping_status":"closed","sticky":false,"template":"","format":"standard","meta":{"footnotes":""},"categories":[13,3],"tags":[],"class_list":["post-72948","post","type-post","status-publish","format-standard","has-post-thumbnail","hentry","category-featured","category-vaticano"],"_links":{"self":[{"href":"https:\/\/catolicanet.net\/wp-cnet\/wp-json\/wp\/v2\/posts\/72948","targetHints":{"allow":["GET"]}}],"collection":[{"href":"https:\/\/catolicanet.net\/wp-cnet\/wp-json\/wp\/v2\/posts"}],"about":[{"href":"https:\/\/catolicanet.net\/wp-cnet\/wp-json\/wp\/v2\/types\/post"}],"author":[{"embeddable":true,"href":"https:\/\/catolicanet.net\/wp-cnet\/wp-json\/wp\/v2\/users\/1"}],"replies":[{"embeddable":true,"href":"https:\/\/catolicanet.net\/wp-cnet\/wp-json\/wp\/v2\/comments?post=72948"}],"version-history":[{"count":1,"href":"https:\/\/catolicanet.net\/wp-cnet\/wp-json\/wp\/v2\/posts\/72948\/revisions"}],"predecessor-version":[{"id":72950,"href":"https:\/\/catolicanet.net\/wp-cnet\/wp-json\/wp\/v2\/posts\/72948\/revisions\/72950"}],"wp:featuredmedia":[{"embeddable":true,"href":"https:\/\/catolicanet.net\/wp-cnet\/wp-json\/wp\/v2\/media\/72949"}],"wp:attachment":[{"href":"https:\/\/catolicanet.net\/wp-cnet\/wp-json\/wp\/v2\/media?parent=72948"}],"wp:term":[{"taxonomy":"category","embeddable":true,"href":"https:\/\/catolicanet.net\/wp-cnet\/wp-json\/wp\/v2\/categories?post=72948"},{"taxonomy":"post_tag","embeddable":true,"href":"https:\/\/catolicanet.net\/wp-cnet\/wp-json\/wp\/v2\/tags?post=72948"}],"curies":[{"name":"wp","href":"https:\/\/api.w.org\/{rel}","templated":true}]}}