{"id":72941,"date":"2022-03-11T09:31:52","date_gmt":"2022-03-11T12:31:52","guid":{"rendered":"https:\/\/catolicanet.net\/wp-cnet\/?p=72941"},"modified":"2022-03-11T16:04:09","modified_gmt":"2022-03-11T19:04:09","slug":"em-lviv-a-oracao-inter-religiosa-pela-paz-na-ucrania","status":"publish","type":"post","link":"https:\/\/catolicanet.net\/wp-cnet\/em-lviv-a-oracao-inter-religiosa-pela-paz-na-ucrania\/","title":{"rendered":"Em Lviv, a ora\u00e7\u00e3o inter-religiosa pela paz na Ucr\u00e2nia"},"content":{"rendered":"<div class=\"article__subTitle\" style=\"text-align: justify;\">A ora\u00e7\u00e3o foi presidida pelo enviado especial do Papa Francisco, o cardeal Konrad Krajewski.<\/div>\n<div class=\"title__separator\" style=\"text-align: justify;\"><\/div>\n<div class=\"article__text \">\n<p style=\"text-align: justify;\">Na quarta-feira, 10 de mar\u00e7o, foi realizada uma ora\u00e7\u00e3o pela Ucr\u00e2nia na catedral da Arquidiocese dos Latinos de Lviv, com a participa\u00e7\u00e3o de representantes de v\u00e1rias Igrejas e religi\u00f5es crist\u00e3s. A ora\u00e7\u00e3o foi presidida pelo enviado especial do Papa Francisco, o cardeal Konrad Krajewski.<\/p>\n<p style=\"text-align: justify;\">Sua Beatitude Sviatoslav Shevchuk, l\u00edder e Pai da Igreja Greco-Cat\u00f3lica Ucraniana, participou da ora\u00e7\u00e3o. Representantes de autoridades locais, regionais e municipais tamb\u00e9m estiveram presentes na ora\u00e7\u00e3o.<\/p>\n<p style=\"text-align: justify;\">\u201cNeste tempo tr\u00e1gico de guerra e sofrimento humano, momento de desespero pela perda de nossos entes queridos ou o abandono de nossas casas, desejamos dirigir uma sincera ora\u00e7\u00e3o comum ao nosso Pai Celestial em favor da paz. Por esta raz\u00e3o, representantes de diferentes religi\u00f5es e denomina\u00e7\u00f5es se reuniram na Catedral de Lviv&#8221;, afirmou o arcebispo Mieczyslaw Mokrzycki.<\/p>\n<p style=\"text-align: justify;\">Em seu discurso de boas-vindas, o arcebispo agradeceu ao cardeal Konrad Krajewski por sua presen\u00e7a na Ucr\u00e2nia durante esta guerra dif\u00edcil e perigosa.<\/p>\n<p style=\"text-align: justify;\">Durante a ora\u00e7\u00e3o comum, o l\u00edder da Igreja Greco-Cat\u00f3lica Ucraniana rezou pela Ucr\u00e2nia com as seguintes palavras:<\/p>\n<p style=\"text-align: justify;\">\u201cDeus, Pai Todo-Poderoso, Senhor, Filho unig\u00eanito, Jesus Cristo e o Esp\u00edrito Santo, \u00fanico Deus e \u00fanica for\u00e7a! Diante de Teus olhos colocamos hoje a dor e o sofrimento da Ucr\u00e2nia, montanhas de cad\u00e1veres, rios de sangue e mar de l\u00e1grimas. Rezamos por todos aqueles que deram suas vidas pela p\u00e1tria, por nossas for\u00e7as armadas, pelos filhos e filhas da Ucr\u00e2nia que com seus corpos defendem suas vidas do inimigo. Rezamos por todos os civis inocentes mortos na Ucr\u00e2nia: mulheres, crian\u00e7as, idosos. Rezamos pelas v\u00edtimas de Mariupol que s\u00e3o colocadas em grandes valas comuns sem uma sepultura digna e honra crist\u00e3. Aceite nossa ora\u00e7\u00e3o pelo descanso eterno deles!\u201d.<\/p>\n<p style=\"text-align: justify;\">Ap\u00f3s, cada representante da Igreja e da comunidade religiosa leu sua ora\u00e7\u00e3o pela paz na Ucr\u00e2nia.<\/p>\n<\/div>\n","protected":false},"excerpt":{"rendered":"<p>A ora\u00e7\u00e3o foi presidida pelo enviado especial do Papa Francisco, o cardeal Konrad Krajewski. Na quarta-feira, 10 de mar\u00e7o, foi realizada uma ora\u00e7\u00e3o pela Ucr\u00e2nia na catedral da Arquidiocese dos Latinos de Lviv, com a participa\u00e7\u00e3o de representantes de v\u00e1rias Igrejas e religi\u00f5es crist\u00e3s. A ora\u00e7\u00e3o foi presidida pelo enviado especial do Papa Francisco, o [&hellip;]<\/p>\n","protected":false},"author":1,"featured_media":72942,"comment_status":"open","ping_status":"closed","sticky":false,"template":"","format":"standard","meta":{"footnotes":""},"categories":[3],"tags":[],"class_list":["post-72941","post","type-post","status-publish","format-standard","has-post-thumbnail","hentry","category-vaticano"],"_links":{"self":[{"href":"https:\/\/catolicanet.net\/wp-cnet\/wp-json\/wp\/v2\/posts\/72941","targetHints":{"allow":["GET"]}}],"collection":[{"href":"https:\/\/catolicanet.net\/wp-cnet\/wp-json\/wp\/v2\/posts"}],"about":[{"href":"https:\/\/catolicanet.net\/wp-cnet\/wp-json\/wp\/v2\/types\/post"}],"author":[{"embeddable":true,"href":"https:\/\/catolicanet.net\/wp-cnet\/wp-json\/wp\/v2\/users\/1"}],"replies":[{"embeddable":true,"href":"https:\/\/catolicanet.net\/wp-cnet\/wp-json\/wp\/v2\/comments?post=72941"}],"version-history":[{"count":2,"href":"https:\/\/catolicanet.net\/wp-cnet\/wp-json\/wp\/v2\/posts\/72941\/revisions"}],"predecessor-version":[{"id":72944,"href":"https:\/\/catolicanet.net\/wp-cnet\/wp-json\/wp\/v2\/posts\/72941\/revisions\/72944"}],"wp:featuredmedia":[{"embeddable":true,"href":"https:\/\/catolicanet.net\/wp-cnet\/wp-json\/wp\/v2\/media\/72942"}],"wp:attachment":[{"href":"https:\/\/catolicanet.net\/wp-cnet\/wp-json\/wp\/v2\/media?parent=72941"}],"wp:term":[{"taxonomy":"category","embeddable":true,"href":"https:\/\/catolicanet.net\/wp-cnet\/wp-json\/wp\/v2\/categories?post=72941"},{"taxonomy":"post_tag","embeddable":true,"href":"https:\/\/catolicanet.net\/wp-cnet\/wp-json\/wp\/v2\/tags?post=72941"}],"curies":[{"name":"wp","href":"https:\/\/api.w.org\/{rel}","templated":true}]}}