{"id":72935,"date":"2022-03-11T09:17:32","date_gmt":"2022-03-11T12:17:32","guid":{"rendered":"https:\/\/catolicanet.net\/wp-cnet\/?p=72935"},"modified":"2022-03-11T15:52:20","modified_gmt":"2022-03-11T18:52:20","slug":"krajewski-levo-a-mensagem-de-paz-de-francisco-aos-lugares-de-guerra","status":"publish","type":"post","link":"https:\/\/catolicanet.net\/wp-cnet\/krajewski-levo-a-mensagem-de-paz-de-francisco-aos-lugares-de-guerra\/","title":{"rendered":"Krajewski: levo a mensagem de paz de Francisco aos lugares de guerra"},"content":{"rendered":"<figure class=\"article__image\"><span class=\"didascalia_img\">Cardeal Krajewski com dom Mokrzycki em Lviv, na Ucr\u00e2nia\u00a0<\/span><\/figure>\n<div class=\"article__meta videoInside\" data-mediatype=\"\">\n<div class=\"article__subTitle\" style=\"text-align: justify;\">O esmoleiro pontif\u00edcio fala aos jornalistas sobre sua miss\u00e3o na Ucr\u00e2nia, que se prepara para sair de Lviv para alcan\u00e7ar \u00e1reas mais internas. &#8220;Estou aqui com as tr\u00eas armas mais sofisticadas do Evangelho, ora\u00e7\u00e3o, jejum e esmola&#8221;.<\/div>\n<div class=\"title__separator\" style=\"text-align: justify;\"><\/div>\n<div class=\"article__text \">\n<p style=\"text-align: justify;\"><b>Vatican News<\/b><\/p>\n<p style=\"text-align: justify;\">Estar presente mesmo em cen\u00e1rios de guerra, levando ajuda e esperan\u00e7a no seguimento do Evangelho. Em um encontro com jornalistas em Lviv, o cardeal Konrad Krajewski, o enviado do Papa, leu desta maneira sobre a miss\u00e3o que Francisco lhe confiou, chegando at\u00e9 a Ucr\u00e2nia. O pa\u00eds \u00e9 hoje um lugar de dor, mas aqui \u00e9 necess\u00e1rio estar presente para fazer com que a proximidade de toda a Igreja seja sentida por uma popula\u00e7\u00e3o em s\u00e9rias dificuldades.<\/p>\n<p style=\"text-align: justify;\"><b>Qual \u00e9 o significado de sua presen\u00e7a?\u00a0<\/b><\/p>\n<p style=\"text-align: justify;\"><i>\u00c9 importante estar presente nesta na\u00e7\u00e3o atormentada, onde a presen\u00e7a \u00e9 o primeiro nome do amor. E, naturalmente, al\u00e9m da ajuda moral, al\u00e9m da f\u00e9 que carregamos conosco, tamb\u00e9m carregamos a esperan\u00e7a de sair desta terr\u00edvel situa\u00e7\u00e3o. H\u00e1 uma ajuda muito concreta para a Ucr\u00e2nia que vem atrav\u00e9s dos canais diplom\u00e1ticos, mas tamb\u00e9m localmente.<\/i><\/p>\n<p style=\"text-align: justify;\"><b>Emin\u00eancia, \u00e9 poss\u00edvel falar sobre as negocia\u00e7\u00f5es que est\u00e3o ocorrendo agora na Turquia, quando se bombarda hospitais, como ocorreu em Mariupol, e perto de Kiev?<\/b><\/p>\n<p style=\"text-align: justify;\"><i>Eu n\u00e3o sou um diplomata. Eu vim aqui com a l\u00f3gica do Evangelho. Era isso que Jesus faria: Ele estava sempre do lado das pessoas que sofriam. O Santo Padre tamb\u00e9m usa esta l\u00f3gica do Evangelho. \u00c9 por isso que estamos aqui, \u00e9 por isso que rezamos: porque nossa arma \u00e9 a f\u00e9, nossa arma tamb\u00e9m \u00e9 a esperan\u00e7a. Normalmente o Evangelho nos fala das tr\u00eas armas mais sofisticadas do mundo: ora\u00e7\u00e3o, jejum e esmola. Hoje, o mundo inteiro est\u00e1 dando esmolas para a Ucr\u00e2nia. Esmola significa algo que me machuca, que sofro porque tenho que me dividir com os outros &#8211; e isto j\u00e1 fazemos, mesmo na Europa pagamos boletos mais altos justamente por causa deste conflito que existe&#8230; Depois h\u00e1 a ora\u00e7\u00e3o, como ouvimos no Evangelho que acabamos de ler: quem bate finalmente encontrar\u00e1 a porta aberta, quem reza receber\u00e1, mas devemos ser constantes. Depois h\u00e1 a arma muito, muito forte, que \u00e9 o jejum. Jejum, isto \u00e9, convido Deus para dentro de mim mesmo, desejo Sua presen\u00e7a, atrav\u00e9s do jejum quero remover de mim tudo o que n\u00e3o lhe pertence para dar lugar a Ele. Estas s\u00e3o as armas que carregamos. Eu queria dizer mais uma coisa. A f\u00e9 pode mover montanhas, imagine uma est\u00fapida guerra! E esta \u00e9 tamb\u00e9m a for\u00e7a da Ucr\u00e2nia: com f\u00e9, com amor por sua p\u00e1tria, com amor por suas fam\u00edlias, eles conseguem resistir, conseguem salvar sua p\u00e1tria.<\/i><\/p>\n<p style=\"text-align: justify;\"><b>O senhor encontrou os refugiados, quer ir at\u00e9 Kiev &#8230;<\/b><\/p>\n<p style=\"text-align: justify;\"><i>At\u00e9 onde seja poss\u00edvel. Sim, estou me distanciando de Lviv e levo esta mensagem de paz do Santo Padre e a ora\u00e7\u00e3o como a ora\u00e7\u00e3o da qual participamos. Esta \u00e9 nossa arma forte, forte. Tamb\u00e9m pode ser assustadora para aqueles que atacam a Ucr\u00e2nia. Obrigado, obrigado pela presen\u00e7a de voc\u00eas. Voc\u00eas tamb\u00e9m fazem muito pela Ucr\u00e2nia.<\/i><\/p>\n<div>\n<div class=\"article__embed article__embed--unwrap article__embed--dark\">\n<div class=\"embed-container\"><iframe id=\"681171417\" src=\"https:\/\/www.youtube.com\/embed\/xxSu0SNJQTw?wmode=opaque&amp;rel=0&amp;autohide=1&amp;showinfo=0&amp;wmode=transparent&amp;modestbranding=1&amp;enablejsapi=1&amp;origin=https:\/\/www.vaticannews.va&amp;start=&amp;end=\" allowfullscreen=\"allowfullscreen\" data-gtm-yt-inspected-7781034_9=\"true\"><\/iframe><\/div>\n<div class=\"article__innerTitle\">V\u00eddeo em italiano<\/div>\n<\/div>\n<\/div>\n<\/div>\n<\/div>\n","protected":false},"excerpt":{"rendered":"<p>Cardeal Krajewski com dom Mokrzycki em Lviv, na Ucr\u00e2nia\u00a0 O esmoleiro pontif\u00edcio fala aos jornalistas sobre sua miss\u00e3o na Ucr\u00e2nia, que se prepara para sair de Lviv para alcan\u00e7ar \u00e1reas mais internas. &#8220;Estou aqui com as tr\u00eas armas mais sofisticadas do Evangelho, ora\u00e7\u00e3o, jejum e esmola&#8221;. Vatican News Estar presente mesmo em cen\u00e1rios de guerra, [&hellip;]<\/p>\n","protected":false},"author":1,"featured_media":72936,"comment_status":"open","ping_status":"closed","sticky":false,"template":"","format":"standard","meta":{"footnotes":""},"categories":[13,3],"tags":[],"class_list":["post-72935","post","type-post","status-publish","format-standard","has-post-thumbnail","hentry","category-featured","category-vaticano"],"_links":{"self":[{"href":"https:\/\/catolicanet.net\/wp-cnet\/wp-json\/wp\/v2\/posts\/72935","targetHints":{"allow":["GET"]}}],"collection":[{"href":"https:\/\/catolicanet.net\/wp-cnet\/wp-json\/wp\/v2\/posts"}],"about":[{"href":"https:\/\/catolicanet.net\/wp-cnet\/wp-json\/wp\/v2\/types\/post"}],"author":[{"embeddable":true,"href":"https:\/\/catolicanet.net\/wp-cnet\/wp-json\/wp\/v2\/users\/1"}],"replies":[{"embeddable":true,"href":"https:\/\/catolicanet.net\/wp-cnet\/wp-json\/wp\/v2\/comments?post=72935"}],"version-history":[{"count":1,"href":"https:\/\/catolicanet.net\/wp-cnet\/wp-json\/wp\/v2\/posts\/72935\/revisions"}],"predecessor-version":[{"id":72937,"href":"https:\/\/catolicanet.net\/wp-cnet\/wp-json\/wp\/v2\/posts\/72935\/revisions\/72937"}],"wp:featuredmedia":[{"embeddable":true,"href":"https:\/\/catolicanet.net\/wp-cnet\/wp-json\/wp\/v2\/media\/72936"}],"wp:attachment":[{"href":"https:\/\/catolicanet.net\/wp-cnet\/wp-json\/wp\/v2\/media?parent=72935"}],"wp:term":[{"taxonomy":"category","embeddable":true,"href":"https:\/\/catolicanet.net\/wp-cnet\/wp-json\/wp\/v2\/categories?post=72935"},{"taxonomy":"post_tag","embeddable":true,"href":"https:\/\/catolicanet.net\/wp-cnet\/wp-json\/wp\/v2\/tags?post=72935"}],"curies":[{"name":"wp","href":"https:\/\/api.w.org\/{rel}","templated":true}]}}