{"id":72917,"date":"2022-03-09T09:20:43","date_gmt":"2022-03-09T12:20:43","guid":{"rendered":"https:\/\/catolicanet.net\/wp-cnet\/?p=72917"},"modified":"2022-03-09T22:22:52","modified_gmt":"2022-03-10T01:22:52","slug":"jubileu-2025-percursos-distintos-para-peregrinos-e-turistas-na-basilica-de-sao-pedro","status":"publish","type":"post","link":"https:\/\/catolicanet.net\/wp-cnet\/jubileu-2025-percursos-distintos-para-peregrinos-e-turistas-na-basilica-de-sao-pedro\/","title":{"rendered":"Jubileu 2025: percursos distintos para peregrinos e turistas na Bas\u00edlica de S\u00e3o Pedro"},"content":{"rendered":"<figure class=\"article__image\" style=\"text-align: justify;\"><span class=\"didascalia_img\">Para o Jubileu em 2025, s\u00e3o esperados milh\u00f5es de peregrinos provenientes de todo o mundo\u00a0<\/span><\/figure>\n<div class=\"article__meta \" data-mediatype=\"\">\n<div class=\"article__subTitle\" style=\"text-align: justify;\">O cardeal arcipreste Mauro Gambetti explica a reorganiza\u00e7\u00e3o em curso na F\u00e1brica de S\u00e3o Pedro e na Bas\u00edlica: entrada facilitada para quem quiser rezar e se aproximar dos Sacramentos. As visitas tur\u00edsticas ser\u00e3o acompanhadas<\/div>\n<div class=\"title__separator\" style=\"text-align: justify;\"><\/div>\n<div class=\"article__text \">\n<p style=\"text-align: justify;\"><b>VATICAN NEWS<\/b><\/p>\n<p style=\"text-align: justify;\">Aproxima-se o Jubileu de 2025 e a Bas\u00edlica de S\u00e3o Pedro est\u00e1 se reorganizando para este grande evento de f\u00e9. O cardeal Mauro Gambetti, arcipreste da Bas\u00edlica do Vaticano, explica isso nesta entrevista \u00e0 m\u00eddia vaticana.<\/p>\n<p style=\"text-align: justify;\"><b>Emin\u00eancia, no dia 11 de fevereiro o Papa definiu o Ano Jubilar como um &#8220;dom de gra\u00e7a&#8221; a ser vivido por meio de &#8220;peregrina\u00e7\u00f5es, indulg\u00eancias, testemunhos vivos de f\u00e9&#8221;. Na carta ao arcebispo Fisichella, Francisco convida a comunidade crist\u00e3 a viver o Ano Santo &#8220;em todo o seu significado pastoral&#8221;. Como voc\u00eas se sentem envolvidos neste caminho?<\/b><\/p>\n<p style=\"text-align: justify;\">Tamb\u00e9m a Bas\u00edlica de S\u00e3o Pedro se sente chamada a acolher o convite do Papa para preparar na continuidade e inova\u00e7\u00e3o da sua miss\u00e3o o tri\u00eanio que nos separa do Ano Santo. Em particular, a Bas\u00edlica prepara-se para o grande Jubileu de 2025 no sinal do Ap\u00f3stolo Pedro que se dirige aos crentes da \u00c1sia Menor, na primeira das duas cartas que lhe s\u00e3o atribu\u00eddas, convidando-os antes de tudo a redescobrir as raz\u00f5es espirituais da esperan\u00e7a: &#8220;Bendito seja Deus, o Pai de nosso Senhor Jesus Cristo! Na sua grande miseric\u00f3rdia ele nos fez renascer pela Ressurrei\u00e7\u00e3o de Jesus Cristo dentre os mortos, para uma viva esperan\u00e7a&#8221;(1 Pd 1,3). Ao mostrar-se como um Santu\u00e1rio, a Bas\u00edlica de S\u00e3o Pedro quer continuar a ser o refrig\u00e9rio espiritual dos &#8216;peregrinos da esperan\u00e7a&#8217;, como os define o Papa Francisco, um lugar onde experimentar a reconcilia\u00e7\u00e3o que brota do encontro com Jesus e elevar uma un\u00edssona ora\u00e7\u00e3o para que Seu reino de justi\u00e7a e de paz se espalhe por toda a terra; mas a Bas\u00edlica tamb\u00e9m quer ser um lugar de encontro e de reflex\u00e3o sobre os temas da fraternidade e do ambiente escolhidos pelo Santo Padre para ajudar o mundo ferido ap\u00f3s a pandemia e pelas guerras em curso a um &#8216;renascimento do qual todos sentimos a urg\u00eancia&#8217;.<\/p>\n<p style=\"text-align: justify;\"><b>Como voc\u00eas est\u00e3o se preparando?<\/b><\/p>\n<p style=\"text-align: justify;\">A pastoral ordin\u00e1ria e extraordin\u00e1ria da Bas\u00edlica est\u00e1 sendo renovada para &#8216;manter acesa a tocha da esperan\u00e7a&#8217;. Em primeiro lugar, do ponto de vista espiritual, para oferecer a possibilidade de mergulhar na ora\u00e7\u00e3o e na adora\u00e7\u00e3o; depois, do ponto de vista eclesial, para favorecer o encontro com a espiritualidade petrina no lugar do seu t\u00famulo; por fim, do ponto de vista cultural para permitir a contempla\u00e7\u00e3o das obras de arte sacras da Bas\u00edlica. Em vista do Jubileu, a Bas\u00edlica prepara-se para acolher os milh\u00f5es de peregrinos que se prev\u00ea que venham de todo o mundo. A partir deste ano, s\u00e3o propostos alguns encontros articulados ao longo do tri\u00eanio em torno dos temas da proximidade e do cuidado (2022), da reconcilia\u00e7\u00e3o e da purifica\u00e7\u00e3o da mem\u00f3ria (2023) e do amor pol\u00edtico (2024); o caminho levar\u00e1 em 2025 \u00e0 experi\u00eancia jubilar da fraternidade (universal) dos &#8216;peregrinos da esperan\u00e7a&#8217;. As \u00e1reas tem\u00e1ticas escolhidas para o tri\u00eanio de prepara\u00e7\u00e3o acompanhar\u00e3o as propostas da Comiss\u00e3o para o Jubileu. Ao mesmo tempo, gra\u00e7as tamb\u00e9m ao novo impulso ligado \u00e0 anima\u00e7\u00e3o lit\u00fargica e \u00e0 pastoral da Bas\u00edlica, quer do Cap\u00edtulo Vaticano como da Par\u00f3quia de S\u00e3o Pedro, est\u00e3o sendo reorganizadas as celebra\u00e7\u00f5es lit\u00fargicas e as pr\u00e1ticas sacramentais e promovidas algumas propostas para favorecer a piedade popular e a dimens\u00e3o contemplativa da ora\u00e7\u00e3o. Referimo-nos, por exemplo, \u00e0 programa\u00e7\u00e3o e \u00e0 realiza\u00e7\u00e3o de momentos de reflex\u00e3o e de ora\u00e7\u00e3o vividos em forma processional dedicados a S\u00e3o Pedro e a Nossa Senhora, ao piedoso exerc\u00edcio da\u00a0<i>Via Crucis<\/i>, \u00e0 anima\u00e7\u00e3o da Adora\u00e7\u00e3o Eucar\u00edstica, \u00e0 narra\u00e7\u00e3o de a vida de Jesus e ao nascimento da Igreja, incluindo o testemunho do ap\u00f3stolo Pedro.<\/p>\n<p style=\"text-align: justify;\"><b>Como os visitantes ser\u00e3o recebidos?<\/b><\/p>\n<p style=\"text-align: justify;\">Est\u00e1 em curso um trabalho intenso e silencioso para delinear ainda mais claramente o papel do Santu\u00e1rio da Bas\u00edlica de S\u00e3o Pedro ao servi\u00e7o dos visitantes. O objetivo \u00e9 permitir que todos tenham uma experi\u00eancia de peregrina\u00e7\u00e3o, \u00edcone e met\u00e1fora da vida e experi\u00eancia que une crentes e n\u00e3o crentes. Para este fim, enquanto decorre a reorganiza\u00e7\u00e3o da acolhida, est\u00e1 sendo estudado um novo m\u00e9todo para acompanhar os turistas na descoberta dos tesouros e significados custodiados pela Bas\u00edlica. O primeiro passo ser\u00e1 distinguir, por meio de um ingresso facilitado, os caminhos dos fi\u00e9is que desejam se aproximar dos sacramentos ou viver um ato de f\u00e9 e devo\u00e7\u00e3o dentro do Santu\u00e1rio dos itiner\u00e1rios dos turistas aos quais ser\u00e1 proposta uma introdu\u00e7\u00e3o e um acompanhamento na visita para lhes proporcionar uma experi\u00eancia de beleza e de inspira\u00e7\u00e3o pessoal advinda da obra de arte. Ao mesmo tempo, no esp\u00edrito da miss\u00e3o que lhe \u00e9 pr\u00f3pria, a F\u00e1brica est\u00e1 se organizando para apoiar tal processo e oferecer aos fi\u00e9is e visitantes um lugar ainda mais acolhedor, seguro, utiliz\u00e1vel e ecol\u00f3gico.<\/p>\n<p style=\"text-align: justify;\"><b>Em que situa\u00e7\u00e3o econ\u00f4mica se encontra a F\u00e1brica de S\u00e3o Pedro?<\/b><\/p>\n<p style=\"text-align: justify;\">A atual administra\u00e7\u00e3o da F\u00e1brica herdou uma realidade consistente e bem preservada gra\u00e7as ao trabalho das gest\u00f5es anteriores, em particular \u00e0quela vinculada \u00e0 presid\u00eancia do cardeal Angelo Comastri. Embora a pandemia tenha provocado um desgaste significativo da estrutura e das pessoas, a nova administra\u00e7\u00e3o recebeu uma institui\u00e7\u00e3o com bases s\u00f3lidas para projetar os novos desafios que se avizinham para o futuro. Isso est\u00e1 permitindo que a F\u00e1brica se dedique a melhorar as atividades em algumas \u00e1reas que hoje s\u00e3o cruciais.<\/p>\n<p style=\"text-align: justify;\"><b>O senhor poderia dar alguns exemplos sobre isso?<\/b><\/p>\n<p style=\"text-align: justify;\">Vou responder com algumas palavras-chave.<\/p>\n<p style=\"text-align: justify;\">&#8211;\u00a0<b>Acolhida<\/b>. Est\u00e1 em constru\u00e7\u00e3o um novo site que funcionar\u00e1 como um portal virtual de ingresso na Bas\u00edlica, para conhec\u00ea-la e para planejar as visitas e a participa\u00e7\u00e3o em suas atividades; foi redesenhada a\u00a0<i>statio peregrinorum<\/i>, um escrit\u00f3rio dedicado \u00e0 acolhida dos peregrinos que chegam ao T\u00famulo do Ap\u00f3stolo depois de terem percorrido muitos quil\u00f4metros a p\u00e9 ou de bicicleta; est\u00e1 sendo planejada uma nova forma de promo\u00e7\u00e3o das peregrina\u00e7\u00f5es, para favorecer as pessoas que n\u00e3o t\u00eam condi\u00e7\u00f5es financeiras para realizar a viagem.<\/p>\n<p style=\"text-align: justify;\">&#8211;\u00a0<b>Seguran\u00e7a<\/b>. Foi iniciado o projeto para o levantamento s\u00edsmico do conjunto monumental, para a monitoriza\u00e7\u00e3o din\u00e2mica da estrutura e a monitoriza\u00e7\u00e3o de materiais p\u00e9treos e dos gessos de revestimento, em vista de interventos de melhoramento s\u00edsmico e de manuten\u00e7\u00e3o sistem\u00e1tica; est\u00e1 em fase de elabora\u00e7\u00e3o a planimetria dos percursos que ordenar\u00e3o mais os grupos de visitantes que acedem \u00e0 Bas\u00edlica, juntamente com o refinamento do sistema de videovigil\u00e2ncia.<\/p>\n<p style=\"text-align: justify;\">&#8211;\u00a0<b>Usabilidade.<\/b>\u00a0Est\u00e3o sendo elaborados novos itiner\u00e1rios tem\u00e1ticos de arte e f\u00e9, que permitem tamb\u00e9m a visita a locais situados nos pisos superiores da Bas\u00edlica at\u00e9 agora inacess\u00edveis; est\u00e1 em curso a remodela\u00e7\u00e3o da esplanada e dos s\u00f3t\u00e3os, bem como a reorganiza\u00e7\u00e3o de uma \u00e1rea para incentivar os visitantes a viver a hist\u00f3ria, a beleza e a espiritualidade; tamb\u00e9m est\u00e1 sendo planejada uma interven\u00e7\u00e3o para melhorar as liga\u00e7\u00f5es mec\u00e2nicas de subida e descida ao terra\u00e7o.<\/p>\n<p style=\"text-align: justify;\">&#8211;\u00a0<b>Sustentabilidade.<\/b>\u00a0Est\u00e1 se iniciando um processo que levar\u00e1 a Bas\u00edlica de S\u00e3o Pedro a um patamar de m\u00e1xima sustentabilidade ambiental e energ\u00e9tica, a fim de chegar ao Jubileu de 2025 com \u201cemiss\u00f5es zero\u201d do Santu\u00e1rio e do respectivo complexo de pr\u00e9dios; al\u00e9m disso, ser\u00e3o desenvolvidas ferramentas de informa\u00e7\u00e3o e apoio para uso dos visitantes e peregrinos para a divulga\u00e7\u00e3o de &#8220;Boas pr\u00e1ticas&#8221;; por fim, ser\u00e3o promovidas modalidades sustent\u00e1veis \u200b\u200bde organiza\u00e7\u00e3o e gest\u00e3o da log\u00edstica dos fluxos, em di\u00e1logo com as administra\u00e7\u00f5es competentes.<\/p>\n<p style=\"text-align: justify;\"><b>Como ser\u00e3o ordenados os fluxos de peregrinos?<\/b><\/p>\n<p style=\"text-align: justify;\">Para atingir os objetivos e continuar a inova\u00e7\u00e3o e adapta\u00e7\u00e3o \u00e0s mudan\u00e7as que a hist\u00f3ria exige ao longo do tempo, \u00e9 preciso reger a \u201crevolu\u00e7\u00e3o digital\u201d, apropriando-se das potencialidades que a tecnologia oferece e direcionando-as ao servi\u00e7o da gest\u00e3o e da acolhida. Por isso, foi criado um escrit\u00f3rio especial para sistemas de informa\u00e7\u00e3o\u201d. Da mesma forma, faz-se \u00fatil programar a &#8220;forma\u00e7\u00e3o permanente&#8221; dos agentes pastorais, dos ministrantes, das guias que acompanham os grupos, dos funcion\u00e1rios, dos &#8220;sampietrini&#8221; e trabalhadores em particular, para promover o desenvolvimento humano integral das pessoas e melhorar o minist\u00e9rio, o servi\u00e7o e a realiza\u00e7\u00e3o das obras e da miss\u00e3o. Para tal fim, a forma\u00e7\u00e3o interna prev\u00ea ainda um itiner\u00e1rio para animadores lit\u00fargicos, alguns cursos de especializa\u00e7\u00e3o para guias e uma escola de Artes e Of\u00edcios.<\/p>\n<p style=\"text-align: justify;\"><b>No final de 2021, o Papa criou a Funda\u00e7\u00e3o \u201cFratelli tutti\u201d. O que o senhor poderia falar sobre isso?<\/b><\/p>\n<p style=\"text-align: justify;\">A rec\u00e9m-criada Funda\u00e7\u00e3o\u00a0<i>Fratelli tutti<\/i>\u00a0tamb\u00e9m ajudar\u00e1 a F\u00e1brica de S\u00e3o Pedro rumo ao caminho jubilar nas \u00e1reas da forma\u00e7\u00e3o e no di\u00e1logo com a cultura, os povos e as religi\u00f5es. Esses e outros projetos requerem uma reestrutura\u00e7\u00e3o em termos de governan\u00e7a, de estrat\u00e9gia e de organiza\u00e7\u00e3o que comporta investimentos em pessoas &#8211; por meio do aprimoramento de compet\u00eancias profissionais internas, em parte redistribu\u00eddas e realocadas -, o envolvimento de profissionais com experi\u00eancia e compet\u00eancia comprovadas para a gest\u00e3o de setores-chave, e alguns incrementos em infraestrutura e equipamentos. Tudo isso parece alcan\u00e7\u00e1vel, tamb\u00e9m gra\u00e7as \u00e0s sinergias virtuosas com os outros \u00f3rg\u00e3os do Vaticano, os Dicast\u00e9rios e as Institui\u00e7\u00f5es ligadas \u00e0 Santa S\u00e9 e gra\u00e7as \u00e0 contribui\u00e7\u00e3o preciosa e gratuita de\u00a0<i>managers<\/i>\u00a0e cientistas de Sociedades com e sem fins lucrativos e da ajuda do Governo italiano para o Jubileu de 2025. Todos reconhecem na Bas\u00edlica de S\u00e3o Pedro o s\u00edmbolo do cristianismo e no Santo Padre a &#8216;estrela&#8217; capaz de mover e guiar os desejos mais profundos do homem para o destino esperado que est\u00e1 no centro de o ano do Jubileu.<\/p>\n<\/div>\n<\/div>\n","protected":false},"excerpt":{"rendered":"<p>Para o Jubileu em 2025, s\u00e3o esperados milh\u00f5es de peregrinos provenientes de todo o mundo\u00a0 O cardeal arcipreste Mauro Gambetti explica a reorganiza\u00e7\u00e3o em curso na F\u00e1brica de S\u00e3o Pedro e na Bas\u00edlica: entrada facilitada para quem quiser rezar e se aproximar dos Sacramentos. As visitas tur\u00edsticas ser\u00e3o acompanhadas VATICAN NEWS Aproxima-se o Jubileu de [&hellip;]<\/p>\n","protected":false},"author":1,"featured_media":72918,"comment_status":"open","ping_status":"closed","sticky":false,"template":"","format":"standard","meta":{"footnotes":""},"categories":[3],"tags":[],"class_list":["post-72917","post","type-post","status-publish","format-standard","has-post-thumbnail","hentry","category-vaticano"],"_links":{"self":[{"href":"https:\/\/catolicanet.net\/wp-cnet\/wp-json\/wp\/v2\/posts\/72917","targetHints":{"allow":["GET"]}}],"collection":[{"href":"https:\/\/catolicanet.net\/wp-cnet\/wp-json\/wp\/v2\/posts"}],"about":[{"href":"https:\/\/catolicanet.net\/wp-cnet\/wp-json\/wp\/v2\/types\/post"}],"author":[{"embeddable":true,"href":"https:\/\/catolicanet.net\/wp-cnet\/wp-json\/wp\/v2\/users\/1"}],"replies":[{"embeddable":true,"href":"https:\/\/catolicanet.net\/wp-cnet\/wp-json\/wp\/v2\/comments?post=72917"}],"version-history":[{"count":1,"href":"https:\/\/catolicanet.net\/wp-cnet\/wp-json\/wp\/v2\/posts\/72917\/revisions"}],"predecessor-version":[{"id":72919,"href":"https:\/\/catolicanet.net\/wp-cnet\/wp-json\/wp\/v2\/posts\/72917\/revisions\/72919"}],"wp:featuredmedia":[{"embeddable":true,"href":"https:\/\/catolicanet.net\/wp-cnet\/wp-json\/wp\/v2\/media\/72918"}],"wp:attachment":[{"href":"https:\/\/catolicanet.net\/wp-cnet\/wp-json\/wp\/v2\/media?parent=72917"}],"wp:term":[{"taxonomy":"category","embeddable":true,"href":"https:\/\/catolicanet.net\/wp-cnet\/wp-json\/wp\/v2\/categories?post=72917"},{"taxonomy":"post_tag","embeddable":true,"href":"https:\/\/catolicanet.net\/wp-cnet\/wp-json\/wp\/v2\/tags?post=72917"}],"curies":[{"name":"wp","href":"https:\/\/api.w.org\/{rel}","templated":true}]}}