{"id":72914,"date":"2022-03-09T09:49:44","date_gmt":"2022-03-09T12:49:44","guid":{"rendered":"https:\/\/catolicanet.net\/wp-cnet\/?p=72914"},"modified":"2022-03-09T22:16:54","modified_gmt":"2022-03-10T01:16:54","slug":"lviv-krajewski-refugiados-ucranianos-gratos-a-europa-pela-ajuda","status":"publish","type":"post","link":"https:\/\/catolicanet.net\/wp-cnet\/lviv-krajewski-refugiados-ucranianos-gratos-a-europa-pela-ajuda\/","title":{"rendered":"Lviv, Krajewski: refugiados ucranianos gratos \u00e0 Europa pela ajuda"},"content":{"rendered":"<div class=\"article__subTitle\" style=\"text-align: justify;\">O esmoleiro do Papa faz um balan\u00e7o da Ucr\u00e2nia, onde foi testemunhar o apoio espiritual e concreto de Francisco aos refugiados e a todo o pa\u00eds. Na quinta-feira, a Igreja local se une em ora\u00e7\u00e3o com os l\u00edderes de outras religi\u00f5es: &#8220;A f\u00e9 move montanhas, pode parar a guerra&#8221;.<\/div>\n<div class=\"title__separator\" style=\"text-align: justify;\"><\/div>\n<div class=\"article__text \">\n<p style=\"text-align: justify;\"><b>Alessandro De Carolis \u2013 Vatican News<\/b><\/p>\n<p style=\"text-align: justify;\">A solidariedade percorre as estradas que as bombas amea\u00e7am, onde levar caixas de alimento e pacotes de medicamentos pode ser uma viagem sem volta. \u00c9 a solidariedade sustentada pelo cora\u00e7\u00e3o de Francisco, que decidiu, numa \u00e1rea como a Ucr\u00e2nia, onde o combust\u00edvel come\u00e7a a custar uma fortuna, contribuir com as despesas dos grandes ve\u00edculos que v\u00e3o, carregados de ajuda, at\u00e9 onde uma carreta corre o risco de encontrar um tanque. A not\u00edcia vem das \u00e1reas ao redor de Lviv onde o &#8220;bra\u00e7o&#8221; desta proximidade, o cardeal Konrad Krajewski, chegou depois de sua parada na Pol\u00f4nia, em meio ao oceano de refugiados que continua aumentando. O esmoleiro pontif\u00edcio passou a fronteira ucraniana, viu e contou \u00e0 m\u00eddia vaticana o enorme esfor\u00e7o feito pela relativa seguran\u00e7a de Lviv para alcan\u00e7ar aqueles que ainda est\u00e3o sob as trajet\u00f3rias de m\u00edsseis e est\u00e3o lutando ou s\u00e3o impedidos de fugir pelos corredores humanit\u00e1rios que s\u00e3o ainda muito fr\u00e1geis.<\/p>\n<div style=\"text-align: justify;\">\n<div class=\"article__embed article__embed--unwrap article__embed--dark\">\n<div class=\"article__innerTitle\">Ou\u00e7a e compartilhe<\/div>\n<div>\n<audio class=\"wp-audio-shortcode\" id=\"audio-72914-1\" preload=\"none\" style=\"width: 100%;\" controls=\"controls\"><source type=\"audio\/mpeg\" src=\"https:\/\/media.vaticannews.va\/media\/audio\/s1\/2022\/03\/09\/16\/136467432_F136467432.mp3?_=1\" \/><a href=\"https:\/\/media.vaticannews.va\/media\/audio\/s1\/2022\/03\/09\/16\/136467432_F136467432.mp3\">https:\/\/media.vaticannews.va\/media\/audio\/s1\/2022\/03\/09\/16\/136467432_F136467432.mp3<\/a><\/audio>\n<\/div>\n<\/div>\n<\/div>\n<p style=\"text-align: justify;\">&#8220;Estou perto de Lviv e por raz\u00f5es de seguran\u00e7a n\u00e3o direi onde&#8221;, disse o cardeal. &#8220;Aqui chegam as grandes quantidades de ajuda da Comunidade Europeia atrav\u00e9s da Pol\u00f4nia. Tudo \u00e9 descarregado em grandes dep\u00f3sitos e daqui as carretas partem para Kiev, para Odessa, em dire\u00e7\u00e3o ao sul do pa\u00eds&#8221;. A boa not\u00edcia, disse o cardeal Krajewski com satisfa\u00e7\u00e3o, \u00e9 que &#8220;toda essa ajuda ainda chega ao seu destino, apesar dos bombardeios&#8221;. Isto foi confirmado pelos bispos de Kiev, de Odessa e de Karkhiv e pelo pr\u00f3prio n\u00fancio apost\u00f3lico, com quem ele est\u00e1 em contato. Foi sobre este aspecto em particular, que o apoio do Papa interveio de maneira pr\u00e1tica: &#8220;Aqui eles t\u00eam dificuldade em encontrar combust\u00edvel e atrav\u00e9s da Esmolaria apost\u00f3lica, o Santo Padre pagou muitas viagens das carretas, dos grandes caminh\u00f5es que levam ajuda humanit\u00e1ria para a Ucr\u00e2nia&#8221;.<\/p>\n<p style=\"text-align: justify;\">Na ter\u00e7a-feira, em Lviv, o cardeal Krajewski tamb\u00e9m se encontrou com o arcebispo grego-cat\u00f3lico ucraniano, Sua Beatitude Sviatoslav Shevchuk, e na quinta-feira partilhar\u00e1 um momento de ora\u00e7\u00e3o com Shevchuk e os l\u00edderes das v\u00e1rias confiss\u00f5es que puderem participar. &#8220;Sabemos que a f\u00e9 move montanhas, assim lemos no Evangelho, e temos certeza disso. Penso que conseguiremos deter esta guerra com nossa ora\u00e7\u00e3o, com nossa f\u00e9&#8221;.<\/p>\n<p style=\"text-align: justify;\">Solidariedade e ora\u00e7\u00e3o que, juntas, d\u00e3o alento \u00e0 esperan\u00e7a. Esperar apesar de tudo \u00e9 um impulso evidente em muitos ucranianos que sa\u00edram de casa e pretendem voltar. Uma observa\u00e7\u00e3o que no epicentro do \u00eaxodo \u00e9 t\u00e3o imediata quanto tocar uma carne viva. &#8220;Aqui, a cada cinco minutos vejo refugiados chegando da parte oriental de Kiev. S\u00e3o principalmente mulheres com crian\u00e7as. Alguns querem entrar na Pol\u00f4nia, querem ficar perto da fronteira, mas h\u00e1 aqueles que foram para Lviv \u2013 aqui ainda n\u00e3o h\u00e1 guerra, mesmo que seja muito perigosa, e est\u00e3o \u00e0 espera da liberta\u00e7\u00e3o, esperam voltar&#8221;, disse o purpurado. &#8220;Lviv tem agora mais meio milh\u00e3o de habitantes&#8221;, frisou o esmoleiro do Papa. Escolas, par\u00f3quias, cada metro quadrado dispon\u00edvel \u00e9 sua casa provis\u00f3ria. \u201cOnde tem um pouco de espa\u00e7o, tudo \u00e9 ocupado pelos refugiados que rezam, que t\u00eam esperan\u00e7a, que agradecem \u00e0 Comunidade europeia que lhes envia ajuda, que est\u00e1 pr\u00f3xima a eles, que reza por eles\u201d. &#8220;A trag\u00e9dia produziu um broto&#8221;, observou o cardeal Krajewski: &#8220;Eles nunca se sentiram t\u00e3o unidos: j\u00e1 se sentiam parte da Europa atrav\u00e9s desses gestos humanit\u00e1rios, agora se sentem parte integrante dela&#8221;.<\/p>\n<\/div>\n","protected":false},"excerpt":{"rendered":"<p>O esmoleiro do Papa faz um balan\u00e7o da Ucr\u00e2nia, onde foi testemunhar o apoio espiritual e concreto de Francisco aos refugiados e a todo o pa\u00eds. Na quinta-feira, a Igreja local se une em ora\u00e7\u00e3o com os l\u00edderes de outras religi\u00f5es: &#8220;A f\u00e9 move montanhas, pode parar a guerra&#8221;. Alessandro De Carolis \u2013 Vatican News [&hellip;]<\/p>\n","protected":false},"author":1,"featured_media":72915,"comment_status":"open","ping_status":"closed","sticky":false,"template":"","format":"standard","meta":{"footnotes":""},"categories":[13,3],"tags":[],"class_list":["post-72914","post","type-post","status-publish","format-standard","has-post-thumbnail","hentry","category-featured","category-vaticano"],"_links":{"self":[{"href":"https:\/\/catolicanet.net\/wp-cnet\/wp-json\/wp\/v2\/posts\/72914","targetHints":{"allow":["GET"]}}],"collection":[{"href":"https:\/\/catolicanet.net\/wp-cnet\/wp-json\/wp\/v2\/posts"}],"about":[{"href":"https:\/\/catolicanet.net\/wp-cnet\/wp-json\/wp\/v2\/types\/post"}],"author":[{"embeddable":true,"href":"https:\/\/catolicanet.net\/wp-cnet\/wp-json\/wp\/v2\/users\/1"}],"replies":[{"embeddable":true,"href":"https:\/\/catolicanet.net\/wp-cnet\/wp-json\/wp\/v2\/comments?post=72914"}],"version-history":[{"count":1,"href":"https:\/\/catolicanet.net\/wp-cnet\/wp-json\/wp\/v2\/posts\/72914\/revisions"}],"predecessor-version":[{"id":72916,"href":"https:\/\/catolicanet.net\/wp-cnet\/wp-json\/wp\/v2\/posts\/72914\/revisions\/72916"}],"wp:featuredmedia":[{"embeddable":true,"href":"https:\/\/catolicanet.net\/wp-cnet\/wp-json\/wp\/v2\/media\/72915"}],"wp:attachment":[{"href":"https:\/\/catolicanet.net\/wp-cnet\/wp-json\/wp\/v2\/media?parent=72914"}],"wp:term":[{"taxonomy":"category","embeddable":true,"href":"https:\/\/catolicanet.net\/wp-cnet\/wp-json\/wp\/v2\/categories?post=72914"},{"taxonomy":"post_tag","embeddable":true,"href":"https:\/\/catolicanet.net\/wp-cnet\/wp-json\/wp\/v2\/tags?post=72914"}],"curies":[{"name":"wp","href":"https:\/\/api.w.org\/{rel}","templated":true}]}}