{"id":72906,"date":"2022-03-08T10:07:57","date_gmt":"2022-03-08T13:07:57","guid":{"rendered":"https:\/\/catolicanet.net\/wp-cnet\/?p=72906"},"modified":"2022-03-08T15:09:37","modified_gmt":"2022-03-08T18:09:37","slug":"a-historia-por-tras-da-foto-viral-de-um-ucraniano-que-abraca-a-cruz","status":"publish","type":"post","link":"https:\/\/catolicanet.net\/wp-cnet\/a-historia-por-tras-da-foto-viral-de-um-ucraniano-que-abraca-a-cruz\/","title":{"rendered":"A hist\u00f3ria por tr\u00e1s da foto viral de um ucraniano que abra\u00e7a a cruz"},"content":{"rendered":"<p style=\"text-align: justify;\">A foto de um homem n\u00e3o identificado abra\u00e7ando uma cruz de mais de 15 metros de altura na Ucr\u00e2nia se tornou viral nas redes sociais quando a R\u00fassia come\u00e7ou a invas\u00e3o desse pa\u00eds.<\/p>\n<p style=\"text-align: justify;\"><img decoding=\"async\" src=\"https:\/\/www.catholicnewsagency.com\/storage\/image\/crucifix-lviv.jpg?w=600\" alt=\"\" \/><\/p>\n<p style=\"text-align: justify;\"><em>Um homem abra\u00e7a uma cruz do lado de fora de um mosteiro em Lviv, Ucr\u00e2nia, em 24 de fevereiro de 2022, o primeiro dia da invas\u00e3o russa. Cortesia de Dennis Melnichuk<\/em><\/p>\n<p style=\"text-align: justify;\">A\u00a0imagem\u00a0captura um momento de tranquilidade em meio ao caos: um homem em roupas escuras abra\u00e7a a cruz em um p\u00e1tio ao ar livre, envolvendo os bra\u00e7os ao redor do p\u00e9 da cruz. Embora a foto n\u00e3o mostre o seu rosto, ela revela o rosto de Jesus, inclinado para o homem. Dois pedestres passam por ele tendo como pano de fundo uma imponente\u00a0igreja\u00a0antiga.<\/p>\n<p style=\"text-align: justify;\">O fot\u00f3grafo, Dennis Melnichuk, tirou a foto em 24 de fevereiro do lado de fora da Igreja e Mosteiro Bernardins em Lviv. Depois ele a compartilhou em uma publica\u00e7\u00e3o do Facebook.<\/p>\n<p style=\"text-align: justify;\">Melnichuk disse \u00e0 CNA, ag\u00eancia em ingl\u00eas do grupo\u00a0ACI: \u201cSenti que o meu cora\u00e7\u00e3o tremia de incredulidade e como\u00e7\u00e3o. Tamb\u00e9m senti que a f\u00e9 crescia no meu cora\u00e7\u00e3o\u201d.<\/p>\n<p style=\"text-align: justify;\">Ele viu o homem enquanto caminhava para a igreja para rezar.<\/p>\n<p style=\"text-align: justify;\">\u201cIsso foi cerca de tr\u00eas horas depois que as bombas explodiram em Kiev. Havia longas filas em bancos, farm\u00e1cias e lojas, pois todos tentavam se abastecer devido \u00e0 incerteza do que aconteceria depois\u201d, contou Melnichuk.<\/p>\n<p style=\"text-align: justify;\">Este homem, em vez disso, rezou ao p\u00e9 da cruz.<\/p>\n<p style=\"text-align: justify;\">Na legenda da foto, Melnichuk disse que ele e sua esposa, Anya, acordaram com um telefonema avisando que Kiev estava sendo bombardeada.<\/p>\n<p style=\"text-align: justify;\">\u201cAntes de irmos para o leste para Ternopil, na Ucr\u00e2nia, fomos comprar mantimentos e sacar dinheiro extra do caixa eletr\u00f4nico. Ficamos na fila por cerca de uma hora para chegar a nossa vez na m\u00e1quina e descobrimos que havia um limite de US$ 100 por pessoa. A realidade da lei marcial nos atingiu&#8221;, escreveu ele no Facebook.<\/p>\n<p style=\"text-align: justify;\">\u201cEstamos nos preparando para ajudar as pessoas a escapar e encontrar acomoda\u00e7\u00e3o para refugiados, estamos fazendo o que podemos para ajudar nesta crise\u201d, acrescentou.<\/p>\n<p style=\"text-align: justify;\">Em vez de fugir, Dennis e sua esposa escolheram ficar na Ucr\u00e2nia para &#8220;ser as m\u00e3os e os p\u00e9s de Jesus na terra&#8221;, diz sua\u00a0<a href=\"https:\/\/donorbox.org\/awakenedgeneration-ukraine-crisis-relief#info\">p\u00e1gina de arrecada\u00e7\u00e3o de fundos<\/a>. Em outras palavras, ajudando e abrigando refugiados por meio de seu minist\u00e9rio,\u00a0<a href=\"https:\/\/www.awakenedgeneration.org\/\"><em>Awakened Generation<\/em><\/a><em>.\u00a0<\/em><\/p>\n<p style=\"text-align: justify;\"><em>Awakened Generation<\/em>, disse Melnichuk, trabalhou para equipar e ativar a Igreja local em adora\u00e7\u00e3o, miss\u00f5es e evangelismo. Agora \u201cestamos atendendo refugiados que fogem da guerra e fornecendo ajuda e ajuda emergencial para aqueles que est\u00e3o indo para o oeste\u201d, acrescentou.<\/p>\n<p style=\"text-align: justify;\">\u201cFizemos parceria com a JOCUM [Juventude com uma Miss\u00e3o] na Ucr\u00e2nia para fornecer aos refugiados um lugar seguro para dormir, comer e descansar, e ajud\u00e1-los a encontrar uma sa\u00edda segura para o Ocidente. Temos muitos grupos que v\u00eam todos os dias e estamos nos preparando para centenas, at\u00e9 milhares, mais\u201d, disse ele \u00e0 CNA.<\/p>\n<p style=\"text-align: justify;\">As pessoas podem ajud\u00e1-los de v\u00e1rias maneiras, disse ele: rezando e intercedendo, doando\u00a0e fornecendo ajuda humanit\u00e1ria, especialmente ajuda m\u00e9dica.<\/p>\n<p style=\"text-align: justify;\">Melnichuk vem de um contexto protestante. Embora n\u00e3o seja cat\u00f3lico romano, ele disse que &#8220;aprecia a rica hist\u00f3ria da Igreja de Cristo, incluindo sua hist\u00f3ria cat\u00f3lica&#8221;.<\/p>\n<p style=\"text-align: justify;\">Seus pais emigraram da Ucr\u00e2nia para os Estados Unidos, onde se conheceram e onde ele cresceu, revelou em um\u00a0<a href=\"https:\/\/www.awakenedgeneration.org\/post\/dennis-melnichuk-s-testimony-awakened-generation\">testemunho on-line<\/a>\u00a0em 2016. Mais tarde, voltou ao pa\u00eds como mission\u00e1rio e mora l\u00e1 h\u00e1 dois anos e meio. E, aparentemente, ele e sua esposa n\u00e3o t\u00eam planos de sair, inclusive quando ajudam outros a escapar.<\/p>\n<p style=\"text-align: justify;\">\u201cNossos telefones est\u00e3o bloqueados. Estamos sendo atingidos pelo primeiro fluxo real de refugiados que come\u00e7am o \u00eaxodo das cidades em crise. A primeira onda foi apenas uma gota em compara\u00e7\u00e3o com isso. Estamos fazendo todo o poss\u00edvel para encontrar respostas e solu\u00e7\u00f5es&#8221;, escreveu ele em uma publica\u00e7\u00e3o no Facebook em 3 de mar\u00e7o.<\/p>\n<p style=\"text-align: justify;\">\u201cPor favor, rezem para que fa\u00e7amos isso direito. Precisamos da gra\u00e7a de Deus&#8221;, pediu.<\/p>\n<p style=\"text-align: justify;\">Em outra publica\u00e7\u00e3o, ele disse que \u201c\u00e9 uma honra seguir Jesus em um momento como este\u201d. &#8220;Todos os dias v\u00eam grupos e vemos os rostos cansados \u200b\u200be chocados de pessoas que deixaram tudo para tr\u00e1s e n\u00e3o sabem o que os espera.&#8221;<\/p>\n<p style=\"text-align: justify;\">\u201cVi a Igreja na Ucr\u00e2nia e em todo o mundo tornar-se um corpo vivo. Sem etiquetas ou r\u00f3tulos, apenas um prop\u00f3sito: amar como fomos amados por Deus em Cristo Jesus\u201d, concluiu.<\/p>\n","protected":false},"excerpt":{"rendered":"<p>A foto de um homem n\u00e3o identificado abra\u00e7ando uma cruz de mais de 15 metros de altura na Ucr\u00e2nia se tornou viral nas redes sociais quando a R\u00fassia come\u00e7ou a invas\u00e3o desse pa\u00eds. Um homem abra\u00e7a uma cruz do lado de fora de um mosteiro em Lviv, Ucr\u00e2nia, em 24 de fevereiro de 2022, o [&hellip;]<\/p>\n","protected":false},"author":1,"featured_media":72907,"comment_status":"open","ping_status":"closed","sticky":false,"template":"","format":"standard","meta":{"footnotes":""},"categories":[4,13],"tags":[],"class_list":["post-72906","post","type-post","status-publish","format-standard","has-post-thumbnail","hentry","category-cotidiano","category-featured"],"_links":{"self":[{"href":"https:\/\/catolicanet.net\/wp-cnet\/wp-json\/wp\/v2\/posts\/72906","targetHints":{"allow":["GET"]}}],"collection":[{"href":"https:\/\/catolicanet.net\/wp-cnet\/wp-json\/wp\/v2\/posts"}],"about":[{"href":"https:\/\/catolicanet.net\/wp-cnet\/wp-json\/wp\/v2\/types\/post"}],"author":[{"embeddable":true,"href":"https:\/\/catolicanet.net\/wp-cnet\/wp-json\/wp\/v2\/users\/1"}],"replies":[{"embeddable":true,"href":"https:\/\/catolicanet.net\/wp-cnet\/wp-json\/wp\/v2\/comments?post=72906"}],"version-history":[{"count":1,"href":"https:\/\/catolicanet.net\/wp-cnet\/wp-json\/wp\/v2\/posts\/72906\/revisions"}],"predecessor-version":[{"id":72908,"href":"https:\/\/catolicanet.net\/wp-cnet\/wp-json\/wp\/v2\/posts\/72906\/revisions\/72908"}],"wp:featuredmedia":[{"embeddable":true,"href":"https:\/\/catolicanet.net\/wp-cnet\/wp-json\/wp\/v2\/media\/72907"}],"wp:attachment":[{"href":"https:\/\/catolicanet.net\/wp-cnet\/wp-json\/wp\/v2\/media?parent=72906"}],"wp:term":[{"taxonomy":"category","embeddable":true,"href":"https:\/\/catolicanet.net\/wp-cnet\/wp-json\/wp\/v2\/categories?post=72906"},{"taxonomy":"post_tag","embeddable":true,"href":"https:\/\/catolicanet.net\/wp-cnet\/wp-json\/wp\/v2\/tags?post=72906"}],"curies":[{"name":"wp","href":"https:\/\/api.w.org\/{rel}","templated":true}]}}