{"id":72888,"date":"2022-03-08T09:53:13","date_gmt":"2022-03-08T12:53:13","guid":{"rendered":"https:\/\/catolicanet.net\/wp-cnet\/?p=72888"},"modified":"2022-03-08T14:56:33","modified_gmt":"2022-03-08T17:56:33","slug":"francisco-penso-nas-maes-e-seus-filhos-que-fogem-das-guerras-que-o-mundo-reencontre-a-concordia","status":"publish","type":"post","link":"https:\/\/catolicanet.net\/wp-cnet\/francisco-penso-nas-maes-e-seus-filhos-que-fogem-das-guerras-que-o-mundo-reencontre-a-concordia\/","title":{"rendered":"Francisco: penso nas m\u00e3es e seus filhos que fogem das guerras, que o mundo reencontre a conc\u00f3rdia"},"content":{"rendered":"<p>&#8220;Nossa Senhora de Kiev&#8221; @andrasfoldesjournalist<\/p>\n<div class=\"article__subTitle\" style=\"text-align: justify;\">No Dia Internacional da Mulher, pensemos nas mulheres que est\u00e3o sofrendo com a guerra que est\u00e1 sendo travada na Ucr\u00e2nia. Neste ano, o Papa exortou a olhar para a humanidade das mulheres que pode regenerar o mundo.<\/div>\n<div class=\"title__separator\" style=\"text-align: justify;\"><\/div>\n<div class=\"article__text \">\n<p style=\"text-align: justify;\"><b>Benedetta Capelli &#8211; Vatican News<\/b><\/p>\n<p style=\"text-align: justify;\"><i>Olhando para Maria com o Filho nos bra\u00e7os, penso nas jovens m\u00e3es e nos seus filhos que fogem das guerras e da fome ou que esperam nos campos de refugiados. S\u00e3o tantos! Que a Rainha da paz obtenha conc\u00f3rdia para os nossos cora\u00e7\u00f5es e para o mundo inteiro.<\/i><\/p>\n<p style=\"text-align: justify;\">O Papa recorda num tu\u00edte em sua conta @Pontifex para o Dia Internacional da Mulher, o sofrimento e a dor de tantas mulheres. Ele exorta a olhar para Maria a fim de que o mundo possa reencontrar seu caminho atrav\u00e9s da ora\u00e7\u00e3o \u00e0 Virgem.<\/p>\n<div style=\"text-align: justify;\">\n<div class=\"article__embed article__embed--unwrap article__embed--dark\">\n<div class=\"article__innerTitle\">Ou\u00e7a e compartilhe<\/div>\n<div>\n<!--[if lt IE 9]><script>document.createElement('audio');<\/script><![endif]-->\n<audio class=\"wp-audio-shortcode\" id=\"audio-72888-1\" preload=\"none\" style=\"width: 100%;\" controls=\"controls\"><source type=\"audio\/mpeg\" src=\"https:\/\/media.vaticannews.va\/media\/audio\/s1\/2022\/03\/08\/16\/136463102_F136463102.mp3?_=1\" \/><a href=\"https:\/\/media.vaticannews.va\/media\/audio\/s1\/2022\/03\/08\/16\/136463102_F136463102.mp3\">https:\/\/media.vaticannews.va\/media\/audio\/s1\/2022\/03\/08\/16\/136463102_F136463102.mp3<\/a><\/audio>\n<\/div>\n<\/div>\n<\/div>\n<p style=\"text-align: justify;\">Em l\u00e1grimas enquanto se despedem de seus maridos, s\u00f3lidas em abra\u00e7ar seus filhos assustados, corajosas em gritar nas ruas &#8220;n\u00e3o&#8221; a uma guerra que n\u00e3o pertence a ningu\u00e9m, prontas para ajudar os soldados que deveriam ser inimigos, e que, em vez disso, s\u00e3o jovens assustados e fr\u00e1geis. O conflito entre R\u00fassia e Ucr\u00e2nia mostrou o rosto das mulheres de hoje: um poliedro composto de cuidado, for\u00e7a, delicadeza, mas sobretudo express\u00e3o de um amor que, na dor, se torna casa e abrigo.<\/p>\n<div style=\"text-align: justify;\">\n<div class=\"article__embed article__embed--unwrap article__embed--photo\">\n<figure><picture><img decoding=\"async\" class=\"loaded\" src=\"https:\/\/www.vaticannews.va\/content\/dam\/vaticannews\/agenzie\/images\/afp\/2022\/02\/25\/14\/1645796271739.jpg\/_jcr_content\/renditions\/cq5dam.thumbnail.cropped.750.422.jpeg\" alt=\"Uma mulher fugindo para a Eslov\u00e1quia com seus filhos\" data-original=\"\/content\/dam\/vaticannews\/agenzie\/images\/afp\/2022\/02\/25\/14\/1645796271739.jpg\/_jcr_content\/renditions\/cq5dam.thumbnail.cropped.750.422.jpeg\" data-was-processed=\"true\" \/><\/picture><\/figure>\n<div class=\"photo_embed--Title\">Uma mulher fugindo para a Eslov\u00e1quia com seus filhos<\/div>\n<\/div>\n<\/div>\n<h2 style=\"text-align: justify;\">Mulheres, uma combina\u00e7\u00e3o de sonhos e concretude<\/h2>\n<p style=\"text-align: justify;\">Para essas mulheres, sejam elas russas ou ucranianas, o mundo olha hoje no Dia Internacional da Mulher dedicado a elas e no qual as palavras do Papa Francisco, proferidas v\u00e1rias vezes, parecem costuradas em sua pele queimada pela dor.\u00a0<a href=\"https:\/\/www.vatican.va\/content\/francesco\/pt\/homilies\/2022\/documents\/20220101_omelia-madredidio-pace.html\" target=\"_blank\" rel=\"external noopener\">Na solenidade da M\u00e3e de Deus, 1\u00ba de janeiro passado, o Pont\u00edfice recordou Maria,<\/a>\u00a0mulher que &#8220;protege meditando&#8221; e sublinhou que &#8220;as m\u00e3es olham o mundo n\u00e3o para explor\u00e1-lo, mas para que tenha vida: olhando com o cora\u00e7\u00e3o, conseguem manter juntos os sonhos e a concretude&#8221;.<\/p>\n<p style=\"text-align: justify;\"><i>Enquanto as m\u00e3es d\u00e3o a vida e as mulheres custodiam o mundo, vamos todos trabalhar para promover as m\u00e3es e proteger as mulheres. Quanta viol\u00eancia h\u00e1 contra as mulheres! Chega! Ferir uma mulher \u00e9 ultrajar Deus, que obteve a humanidade de uma mulher, n\u00e3o de um anjo, n\u00e3o diretamente: de uma mulher. Assim como de uma mulher, a Igreja toma a humanidade dos filhos.<\/i><\/p>\n<div style=\"text-align: justify;\">\n<div class=\"article__embed article__embed--unwrap article__embed--photo\">\n<figure><picture><img decoding=\"async\" class=\"loaded\" src=\"https:\/\/www.vaticannews.va\/content\/dam\/vaticannews\/agenzie\/images\/reuters\/2022\/03\/03\/12\/1646308341223.JPG\/_jcr_content\/renditions\/cq5dam.thumbnail.cropped.750.422.jpeg\" alt=\"Yelena Osipova, sobrevivente do cerco nazista de Leningrado, presa em Moscou enquanto protestava contra a guerra na Ucr\u00e2nia\" data-original=\"\/content\/dam\/vaticannews\/agenzie\/images\/reuters\/2022\/03\/03\/12\/1646308341223.JPG\/_jcr_content\/renditions\/cq5dam.thumbnail.cropped.750.422.jpeg\" data-was-processed=\"true\" \/><\/picture><\/figure>\n<div class=\"photo_embed--Title\">Yelena Osipova, sobrevivente do cerco nazista de Leningrado, presa em Moscou enquanto protestava contra a guerra na Ucr\u00e2nia<\/div>\n<\/div>\n<\/div>\n<h2 style=\"text-align: justify;\">Maria e a piedade<\/h2>\n<p style=\"text-align: justify;\">A viol\u00eancia contra as mulheres \u00e9 um problema &#8220;quase sat\u00e2nico&#8221;, disse o\u00a0<a href=\"https:\/\/www.vaticannews.va\/pt\/papa\/news\/2021-12\/papa-sobre-as-mulheres-abusadas-casa-problema-quase-satanico.html\" target=\"_blank\" rel=\"noopener\">Papa em sua entrevista televisiva a Mediaset<\/a>\u00a0em dezembro de 2021, depois de ouvir o testemunho de vida familiar dif\u00edcil de Joana. A ela, ele repetiu a palavra &#8220;dignidade&#8221;:<\/p>\n<p style=\"text-align: justify;\"><i>Qual \u00e9 a dignidade das mulheres espancadas e abusadas? Uma imagem me vem \u00e0 mente ao entrar na Bas\u00edlica. \u00c0 direita, a piedade de Nossa Senhora, Nossa Senhora humilhada diante de seu filho nu, crucificado, malfeitor aos olhos de todos. Aquela \u00e9 a m\u00e3e que o criou, totalmente humilhada. Mas ela n\u00e3o perdeu sua dignidade e olhar aquela imagem em momentos dif\u00edceis como o seu de humilha\u00e7\u00e3o e onde se sente de perder a dignidade, olhar aquela imagem nos d\u00e1 for\u00e7a&#8230; Olhe para Nossa Senhora, fique com essa imagem de coragem.<\/i><\/p>\n<div style=\"text-align: justify;\">\n<div class=\"article__embed article__embed--unwrap article__embed--dark\">\n<div class=\"embed-container\"><iframe id=\"35384776\" src=\"https:\/\/www.youtube.com\/embed\/hK68GVYyXoM?wmode=opaque&amp;rel=0&amp;autohide=1&amp;showinfo=0&amp;wmode=transparent&amp;modestbranding=1&amp;enablejsapi=1&amp;origin=https:\/\/www.vaticannews.va&amp;start=&amp;end=\" allowfullscreen=\"allowfullscreen\" data-gtm-yt-inspected-7781034_9=\"true\" data-mce-fragment=\"1\"><\/iframe><\/div>\n<div class=\"article__innerTitle\">O Papa Francisco e suas palavras sobre as mulheres<\/div>\n<\/div>\n<\/div>\n<h2 style=\"text-align: justify;\">O olhar de esperan\u00e7a<\/h2>\n<p style=\"text-align: justify;\">Humilha\u00e7\u00e3o, sofrimento e dureza de esp\u00edrito: hoje, no cora\u00e7\u00e3o de cada mulher, em momentos particulares da vida, se continua vivendo esta oscila\u00e7\u00e3o. H\u00e1 o cuidado, h\u00e1 o olhar que se apoia na fragilidade, na dor, por exemplo dos pr\u00f3prios filhos. Esse olhar feminino &#8211; explicou o Papa &#8211; transforma o des\u00e2nimo e oferece esperan\u00e7a mesmo num cen\u00e1rio de guerra.<\/p>\n<p style=\"text-align: justify;\"><i>V\u00eam \u00e0 mente os rostos das m\u00e3es que cuidam de um filho doente ou em dificuldade. Quanto amor h\u00e1 em seus olhos, que enquanto choram sabem infundir motivos de esperan\u00e7a! O seu olhar \u00e9 consciente, sem ilus\u00f5es, mas para al\u00e9m da dor e dos problemas oferece uma perspectiva mais ampla, a do cuidado, do amor que regenera a esperan\u00e7a.<\/i><\/p>\n<p style=\"text-align: justify;\">H\u00e1 palavras-chave nestes pronunciamentos de Francisco que fazem suspirar de al\u00edvio, porque nas mulheres, ainda que maltratadas, abusadas e v\u00edtimas, h\u00e1 a semente de Deus que \u00e9 Amor, h\u00e1 o exemplo de Maria que ajuda, h\u00e1 o seu sim que n\u00e3o \u00e9 rendi\u00e7\u00e3o, mas confian\u00e7a no Senhor e tamb\u00e9m numa humanidade que nestes dias n\u00e3o v\u00ea luz e que parece aniquilada pelo ru\u00eddo doloroso da guerra.<\/p>\n<\/div>\n","protected":false},"excerpt":{"rendered":"<p>&#8220;Nossa Senhora de Kiev&#8221; @andrasfoldesjournalist No Dia Internacional da Mulher, pensemos nas mulheres que est\u00e3o sofrendo com a guerra que est\u00e1 sendo travada na Ucr\u00e2nia. Neste ano, o Papa exortou a olhar para a humanidade das mulheres que pode regenerar o mundo. Benedetta Capelli &#8211; Vatican News Olhando para Maria com o Filho nos bra\u00e7os, [&hellip;]<\/p>\n","protected":false},"author":1,"featured_media":72889,"comment_status":"open","ping_status":"closed","sticky":false,"template":"","format":"standard","meta":{"footnotes":""},"categories":[3],"tags":[],"class_list":["post-72888","post","type-post","status-publish","format-standard","has-post-thumbnail","hentry","category-vaticano"],"_links":{"self":[{"href":"https:\/\/catolicanet.net\/wp-cnet\/wp-json\/wp\/v2\/posts\/72888","targetHints":{"allow":["GET"]}}],"collection":[{"href":"https:\/\/catolicanet.net\/wp-cnet\/wp-json\/wp\/v2\/posts"}],"about":[{"href":"https:\/\/catolicanet.net\/wp-cnet\/wp-json\/wp\/v2\/types\/post"}],"author":[{"embeddable":true,"href":"https:\/\/catolicanet.net\/wp-cnet\/wp-json\/wp\/v2\/users\/1"}],"replies":[{"embeddable":true,"href":"https:\/\/catolicanet.net\/wp-cnet\/wp-json\/wp\/v2\/comments?post=72888"}],"version-history":[{"count":1,"href":"https:\/\/catolicanet.net\/wp-cnet\/wp-json\/wp\/v2\/posts\/72888\/revisions"}],"predecessor-version":[{"id":72890,"href":"https:\/\/catolicanet.net\/wp-cnet\/wp-json\/wp\/v2\/posts\/72888\/revisions\/72890"}],"wp:featuredmedia":[{"embeddable":true,"href":"https:\/\/catolicanet.net\/wp-cnet\/wp-json\/wp\/v2\/media\/72889"}],"wp:attachment":[{"href":"https:\/\/catolicanet.net\/wp-cnet\/wp-json\/wp\/v2\/media?parent=72888"}],"wp:term":[{"taxonomy":"category","embeddable":true,"href":"https:\/\/catolicanet.net\/wp-cnet\/wp-json\/wp\/v2\/categories?post=72888"},{"taxonomy":"post_tag","embeddable":true,"href":"https:\/\/catolicanet.net\/wp-cnet\/wp-json\/wp\/v2\/tags?post=72888"}],"curies":[{"name":"wp","href":"https:\/\/api.w.org\/{rel}","templated":true}]}}