{"id":72841,"date":"2022-03-07T09:33:08","date_gmt":"2022-03-07T12:33:08","guid":{"rendered":"https:\/\/catolicanet.net\/wp-cnet\/?p=72841"},"modified":"2022-03-07T11:37:20","modified_gmt":"2022-03-07T14:37:20","slug":"parolin-santa-se-trabalha-para-deter-escalada-da-violencia-na-ucrania","status":"publish","type":"post","link":"https:\/\/catolicanet.net\/wp-cnet\/parolin-santa-se-trabalha-para-deter-escalada-da-violencia-na-ucrania\/","title":{"rendered":"Parolin: Santa S\u00e9 trabalha para deter escalada da viol\u00eancia na Ucr\u00e2nia"},"content":{"rendered":"<div class=\"article__subTitle\" style=\"text-align: justify;\">Em entrevista \u00e0 TV dos bispos italianos, o cardeal secret\u00e1rio de Estado reitera as palavras do Papa Francisco no Angelus de que &#8220;a Santa S\u00e9 est\u00e1 pronta para fazer tudo, para colocar-se a servi\u00e7o desta paz.&#8221;<\/div>\n<div class=\"title__separator\" style=\"text-align: justify;\"><\/div>\n<div class=\"article__text \">\n<p style=\"text-align: justify;\"><b>Vatican News<\/b><\/p>\n<p><iframe loading=\"lazy\" title=\"Ucraina, card. Parolin a Tv2000: \u201cEvitare escalation. Intervento Santa Sede a pi\u00f9 livelli\u201d\" width=\"696\" height=\"392\" src=\"https:\/\/www.youtube.com\/embed\/WtUqHZQeTcA?feature=oembed\" frameborder=\"0\" allow=\"accelerometer; autoplay; clipboard-write; encrypted-media; gyroscope; picture-in-picture\" allowfullscreen><\/iframe><\/p>\n<p style=\"text-align: justify;\">&#8221;Acredito que o que deve ser feito agora, antes tudo, seria parar as armas, parar os combates, mas sobretudo evitar uma escalada. E a primeira escalada \u00e9 justamente a verbal&#8221;, afirmou o cardeal secret\u00e1rio de Estado Pietro Parolin na entrevista ao TG2000, o notici\u00e1rio da TV2000 dos bispos italianos.<\/p>\n<p style=\"text-align: justify;\">&#8221;Quando se come\u00e7a a usar certas palavras, certas express\u00f5es \u2013 explicou \u2013 a \u00fanica coisa que fazem \u00e9 inflamar os \u00e2nimos e levam, eu diria, naturalmente, insensivelmente, tamb\u00e9m ao uso de outros meios, que s\u00e3o as armas mortais que vemos em a\u00e7\u00e3o neste momento na Ucr\u00e2nia.&#8221;<\/p>\n<p style=\"text-align: justify;\">&#8221;A Santa S\u00e9 atua em diversos n\u00edveis, precisou o secret\u00e1rio de Estado. A n\u00edvel religioso, que \u00e9 convidar a uma insistente ora\u00e7\u00e3o, para que Deus d\u00ea a paz \u00e0quela terra martirizada e envolver os crentes nesta ora\u00e7\u00e3o un\u00edssona. Depois, h\u00e1 o aspecto humanit\u00e1rio, sobretudo por meio das\u00a0<i>Caritas\u00a0<\/i>e das dioceses que est\u00e3o muito empenhadas na acolhida aos refugiados que v\u00eam da Ucr\u00e2nia. E depois h\u00e1 tamb\u00e9m iniciativas, acima de tudo h\u00e1 a disponibilidade de iniciativas no plano diplom\u00e1tico.\u201d<\/p>\n<p style=\"text-align: justify;\">Oferecemos, como disse o Papa, a disponibilidade da Santa S\u00e9 em ajudar de todas as maneiras para poder deter as armas e a viol\u00eancia e negociar uma solu\u00e7\u00e3o.\u00a0 \u201cJ\u00e1 existem v\u00e1rias tentativas em andamento em todo o mundo. Portanto, estamos dispon\u00edveis, se for considerado que a nossa presen\u00e7a e a nossa a\u00e7\u00e3o podem ajudar, n\u00f3s estamos a\u00ed\u201d.<\/p>\n<\/div>\n","protected":false},"excerpt":{"rendered":"<p>Em entrevista \u00e0 TV dos bispos italianos, o cardeal secret\u00e1rio de Estado reitera as palavras do Papa Francisco no Angelus de que &#8220;a Santa S\u00e9 est\u00e1 pronta para fazer tudo, para colocar-se a servi\u00e7o desta paz.&#8221; Vatican News &#8221;Acredito que o que deve ser feito agora, antes tudo, seria parar as armas, parar os combates, [&hellip;]<\/p>\n","protected":false},"author":1,"featured_media":72842,"comment_status":"open","ping_status":"closed","sticky":false,"template":"","format":"standard","meta":{"footnotes":""},"categories":[13,3],"tags":[],"class_list":["post-72841","post","type-post","status-publish","format-standard","has-post-thumbnail","hentry","category-featured","category-vaticano"],"_links":{"self":[{"href":"https:\/\/catolicanet.net\/wp-cnet\/wp-json\/wp\/v2\/posts\/72841","targetHints":{"allow":["GET"]}}],"collection":[{"href":"https:\/\/catolicanet.net\/wp-cnet\/wp-json\/wp\/v2\/posts"}],"about":[{"href":"https:\/\/catolicanet.net\/wp-cnet\/wp-json\/wp\/v2\/types\/post"}],"author":[{"embeddable":true,"href":"https:\/\/catolicanet.net\/wp-cnet\/wp-json\/wp\/v2\/users\/1"}],"replies":[{"embeddable":true,"href":"https:\/\/catolicanet.net\/wp-cnet\/wp-json\/wp\/v2\/comments?post=72841"}],"version-history":[{"count":2,"href":"https:\/\/catolicanet.net\/wp-cnet\/wp-json\/wp\/v2\/posts\/72841\/revisions"}],"predecessor-version":[{"id":72844,"href":"https:\/\/catolicanet.net\/wp-cnet\/wp-json\/wp\/v2\/posts\/72841\/revisions\/72844"}],"wp:featuredmedia":[{"embeddable":true,"href":"https:\/\/catolicanet.net\/wp-cnet\/wp-json\/wp\/v2\/media\/72842"}],"wp:attachment":[{"href":"https:\/\/catolicanet.net\/wp-cnet\/wp-json\/wp\/v2\/media?parent=72841"}],"wp:term":[{"taxonomy":"category","embeddable":true,"href":"https:\/\/catolicanet.net\/wp-cnet\/wp-json\/wp\/v2\/categories?post=72841"},{"taxonomy":"post_tag","embeddable":true,"href":"https:\/\/catolicanet.net\/wp-cnet\/wp-json\/wp\/v2\/tags?post=72841"}],"curies":[{"name":"wp","href":"https:\/\/api.w.org\/{rel}","templated":true}]}}