{"id":72825,"date":"2022-03-02T09:24:28","date_gmt":"2022-03-02T12:24:28","guid":{"rendered":"https:\/\/catolicanet.net\/wp-cnet\/?p=72825"},"modified":"2022-03-04T12:25:35","modified_gmt":"2022-03-04T15:25:35","slug":"vivamos-a-quaresma","status":"publish","type":"post","link":"https:\/\/catolicanet.net\/wp-cnet\/vivamos-a-quaresma\/","title":{"rendered":"Vivamos a quaresma"},"content":{"rendered":"<p style=\"text-align: justify;\">\u00a0\u00a0\u00a0\u00a0\u00a0\u00a0\u00a0\u00a0 Com a Quarta-Feira de Cinzas, come\u00e7a o tempo da Quaresma que culminar\u00e1 com o Tr\u00edduo Pascal. Quaresma, uma vez mais! Tempo forte na caminhada do ano eclesi\u00e1stico. Convite para ir ao deserto com Cristo e apelo para o sil\u00eancio, a prece, a convers\u00e3o. Somos chamados a refazer o caminho do \u00eaxodo e renovar na vig\u00edlia pascal as nossas promessas batismais. Para isso temos esse tempo oportuno de convers\u00e3o.<\/p>\n<p style=\"text-align: justify;\">\u00a0\u00a0\u00a0\u00a0\u00a0\u00a0\u00a0\u00a0 Quarenta dias antes da P\u00e1scoa, a Igreja abre solenemente o tempo de penit\u00eancia, chamado Quaresma, em prepara\u00e7\u00e3o para a celebra\u00e7\u00e3o da P\u00e1scoa. \u00c9 a Quarta-feira de Cinzas!<\/p>\n<p style=\"text-align: justify;\">\u00a0\u00a0\u00a0\u00a0\u00a0\u00a0\u00a0\u00a0 A primeira leitura \u2013 \u00a0Jl 2,12-18 \u2013 o trecho da liturgia deste dia se situa nessa primeira se\u00e7\u00e3o, de teor penitencial. O Senhor conclama o povo para se voltar para ele \u201ccom todo o cora\u00e7\u00e3o\u201d, quer dizer, inteiramente, pois n\u00e3o adiantaria um retorno meramente de apar\u00eancias e de costumes externos apenas.\u00a0A profecia de Joel apresenta esse cen\u00e1rio de forte apelo penitencial. Assim, igualmente reunidos na celebra\u00e7\u00e3o de Cinzas, pomo-nos em ora\u00e7\u00e3o e jejum, com nossos prop\u00f3sitos de convers\u00e3o. N\u00e3o por medo ou vergonha de Deus, mas com confian\u00e7a em seu amor e em sua miseric\u00f3rdia. Deus responde a nossas penit\u00eancias com sua miseric\u00f3rdia por n\u00f3s.<\/p>\n<h3 style=\"text-align: justify;\">\u00a0\u00a0\u00a0\u00a0\u00a0\u00a0\u00a0\u00a0 A segunda leitura \u2013 2Cor 5,20\u20136,2 \u2013 se situa nesse contexto de concilia\u00e7\u00e3o m\u00fatua. S\u00e3o Paulo explica o processo pelo qual o amor salvador de Deus toca a vida das pessoas. Na miss\u00e3o de um \u201cembaixador\u201d, ele exorta a comunidade para a reconcilia\u00e7\u00e3o com Deus: \u201cEm nome de Cristo, vos suplicamos: reconciliai-vos com Deus\u201d (2Cor 5,20).<\/h3>\n<h3 style=\"text-align: justify;\">\u00a0\u00a0\u00a0\u00a0\u00a0\u00a0\u00a0\u00a0 O Evangelho \u2013 <strong>Mt 6,1-6.16-18 \u2013 n<\/strong>este dia, ap\u00f3s a Liturgia da Palavra, em que se proclama o trecho do Evangelho em que Cristo recomenda a ora\u00e7\u00e3o, o jejum e a esmola como exerc\u00edcios de convers\u00e3o (cf. Mt 6,1-18), realiza-se o rito da imposi\u00e7\u00e3o das cinzas. Elas s\u00e3o sinal de penit\u00eancia, no sentido de convers\u00e3o. A convers\u00e3o consiste, sobretudo, no reconhecimento de nossa condi\u00e7\u00e3o de criaturas limitadas, mortais e pecadoras. No gesto de imposi\u00e7\u00e3o das cinzas sobre a cabe\u00e7a das pessoas, o sacerdote ou o ministro diz uma das poss\u00edveis f\u00f3rmulas: \u201cConvertei-vos e crede no Evangelho\u201d. A convers\u00e3o consiste em crer no Evangelho. Crer \u00e9 aderir a ele, viver segundo os ensinamentos do Senhor Jesus. Pode-se usar tamb\u00e9m outra f\u00f3rmula poss\u00edvel: \u201cLembra-te que \u00e9s p\u00f3 e ao p\u00f3 h\u00e1s de voltar\u201d. Numa das ora\u00e7\u00f5es de b\u00ean\u00e7\u00e3o das cinzas se diz: \u201cReconhecendo que somos p\u00f3 e que ao p\u00f3 voltaremos, consigamos, pela observ\u00e2ncia da Quaresma, obter o perd\u00e3o dos pecados e viver uma vida nova, \u00e0 semelhan\u00e7a do Cristo ressuscitado\u201d.<\/h3>\n<p style=\"text-align: justify;\">\u00a0\u00a0\u00a0\u00a0\u00a0\u00a0\u00a0\u00a0 A Cinzas tem um significado b\u00edblico. A B\u00edblia nos conta que, certa vez, o general Holofernes, com um grande ex\u00e9rcito, marchou contra a cidade de Bet\u00falia. O povo da cidade, aterrorizado, reuniu-se para rezar a Deus. E todos cobriram de cinzas as suas cabe\u00e7as, pedindo o perd\u00e3o e a miseric\u00f3rdia de Deus. E Deus salvou o povo pelas m\u00e3os de Judite. A cinza, por sua leveza, \u00e9 figura das coisas que se acabam e desaparecem. \u00c9 usada como um sinal de penit\u00eancia e de luto. N\u00f3s a usamos hoje, nesta Quarta-feira de Cinzas, o primeiro dia da Quaresma, reconhecendo que somos pecadores e pedindo perd\u00e3o de Deus, desejosos de mudarmos de vida.<\/p>\n<p style=\"text-align: justify;\">\u00a0\u00a0\u00a0\u00a0\u00a0\u00a0\u00a0\u00a0 As cinzas s\u00e3o preparadas pela queima de palmas (ramos) usadas na prociss\u00e3o de Ramos do ano anterior. Os ramos lembram a nossa ades\u00e3o a Cristo Senhor, portanto, o Cristo vitorioso sobre a morte. A palma \u00e9 s\u00edmbolo de vit\u00f3ria e de triunfo. Assim, passado o ano, ao queimar os ramos e suas cinzas serem impostas sobre n\u00f3s, os crist\u00e3os aceitam reconhecer sua condi\u00e7\u00e3o de criaturas mortais, e transformar-se em p\u00f3, ou seja, passar pela experi\u00eancia da morte, a exemplo de Cristo, pela ren\u00fancia de si mesmos, participar\u00e3o tamb\u00e9m da vida que ressurge das cinzas.<\/p>\n<p style=\"text-align: justify;\">\u00a0\u00a0\u00a0\u00a0\u00a0\u00a0\u00a0\u00a0 Esta P\u00e1scoa se vive na convers\u00e3o, atrav\u00e9s dos exerc\u00edcios da ora\u00e7\u00e3o, do jejum e da esmola. A imposi\u00e7\u00e3o das cinzas n\u00e3o constitui um mero rito a ser repetido a cada ano. \u00c9 celebra\u00e7\u00e3o do chamado \u00e0 convers\u00e3o, da voca\u00e7\u00e3o do ser humano, chamado \u00e0 imortalidade feliz, contanto que realize o mist\u00e9rio pascal de morte e vida em sua vida fraterna.<\/p>\n<p style=\"text-align: justify;\">\u00a0\u00a0\u00a0\u00a0\u00a0\u00a0\u00a0\u00a0 O tempo da Quaresma \u00e9 o momento oportuno para que olhemos mais profundamente para o Mist\u00e9rio da Cruz. Olhar para a Cruz, contemplar esse Mist\u00e9rio \u00e9 ir ao porqu\u00ea de tudo aquilo que n\u00f3s faremos durante a Quaresma. As ora\u00e7\u00f5es, os jejuns e esmolas t\u00eam sentido porque nos p\u00f5em em contato com a Cruz do Senhor. Al\u00e9m do mais, n\u00f3s recebemos do Mist\u00e9rio da Cruz a for\u00e7a para unir-nos \u00e0 mesma Cruz, ou seja, aquilo que Deus nos pede, ele nos concede: Deus pede que rezemos? Ele nos d\u00e1 a gra\u00e7a da ora\u00e7\u00e3o. Deus nos pede que fa\u00e7amos penit\u00eancia? Ele nos d\u00e1 a gra\u00e7a para realiz\u00e1-la. Deus pede que partilhemos e que n\u00e3o sejamos ego\u00edstas? Ele nos d\u00e1 a gra\u00e7a da generosidade e da esmola. O que est\u00e1 por detr\u00e1s de tudo isso \u00e9 a primazia da gra\u00e7a de Deus na nossa vida. Quando dirigimos o nosso olhar contemplativo ao mist\u00e9rio da Cruz do Senhor surge em n\u00f3s o desejo de fazer aquilo que S\u00e3o Paulo fazia: \u201co que falta \u00e0s tribula\u00e7\u00f5es de Cristo, completo na minha carne, por seu corpo que \u00e9 a Igreja\u201d (Cl 1,24).<\/p>\n<p style=\"text-align: justify;\">\u00a0\u00a0\u00a0\u00a0\u00a0\u00a0\u00a0\u00a0 Queremos estar sempre com o Senhor, a nossa vida s\u00f3 encontra sentido nele. Que nada nos separe de Deus! E, se por acaso, estamos longe, aproximemo-nos da Miseric\u00f3rdia. Com a celebra\u00e7\u00e3o desta quarta-feira, inicia-se o Tempo da Quaresma, um espa\u00e7o que a Igreja nos concede para que nos convertamos um pouco mais atrav\u00e9s da ora\u00e7\u00e3o e da penit\u00eancia mais intensas. Um tempo precioso para aproveitarmos a gra\u00e7a da reconcilia\u00e7\u00e3o que o Senhor derrama sobre toda a Igreja e, para isso, vamos come\u00e7ar de uma maneira bem concreta: com o jejum e a abstin\u00eancia.<\/p>\n<p style=\"text-align: justify;\">\u00a0\u00a0\u00a0\u00a0\u00a0\u00a0\u00a0\u00a0 Que Deus nos ilumine neste tempo de Quaresma que se inicia, que possamos fazer e cumprir com os nossos prop\u00f3sitos para assim termos um cora\u00e7\u00e3o cada dia mais preparado para o Senhor e para ser fermenta neste mundo que tanto necessita do amor e da miseric\u00f3rdia de Deus. Unidos ao pedido do Papa Francisco, hoje a nossa inten\u00e7\u00e3o do jejum e da nossa ora\u00e7\u00e3o \u00e9 em inten\u00e7\u00e3o \u00e9 pela paz no mundo, em especial pelo fim da guerra na Ucr\u00e2nia. Rezemos de modo particular pela paz entre a R\u00fassia e a Ucr\u00e2nia. Rezemos pela paz no mundo! Rezemos pela paz em nossas fam\u00edlias!<\/p>\n","protected":false},"excerpt":{"rendered":"<p>\u00a0\u00a0\u00a0\u00a0\u00a0\u00a0\u00a0\u00a0 Com a Quarta-Feira de Cinzas, come\u00e7a o tempo da Quaresma que culminar\u00e1 com o Tr\u00edduo Pascal. Quaresma, uma vez mais! Tempo forte na caminhada do ano eclesi\u00e1stico. Convite para ir ao deserto com Cristo e apelo para o sil\u00eancio, a prece, a convers\u00e3o. Somos chamados a refazer o caminho do \u00eaxodo e renovar na [&hellip;]<\/p>\n","protected":false},"author":5,"featured_media":55819,"comment_status":"open","ping_status":"closed","sticky":false,"template":"","format":"standard","meta":{"footnotes":""},"categories":[9],"tags":[],"class_list":["post-72825","post","type-post","status-publish","format-standard","has-post-thumbnail","hentry","category-artigos"],"_links":{"self":[{"href":"https:\/\/catolicanet.net\/wp-cnet\/wp-json\/wp\/v2\/posts\/72825","targetHints":{"allow":["GET"]}}],"collection":[{"href":"https:\/\/catolicanet.net\/wp-cnet\/wp-json\/wp\/v2\/posts"}],"about":[{"href":"https:\/\/catolicanet.net\/wp-cnet\/wp-json\/wp\/v2\/types\/post"}],"author":[{"embeddable":true,"href":"https:\/\/catolicanet.net\/wp-cnet\/wp-json\/wp\/v2\/users\/5"}],"replies":[{"embeddable":true,"href":"https:\/\/catolicanet.net\/wp-cnet\/wp-json\/wp\/v2\/comments?post=72825"}],"version-history":[{"count":2,"href":"https:\/\/catolicanet.net\/wp-cnet\/wp-json\/wp\/v2\/posts\/72825\/revisions"}],"predecessor-version":[{"id":72827,"href":"https:\/\/catolicanet.net\/wp-cnet\/wp-json\/wp\/v2\/posts\/72825\/revisions\/72827"}],"wp:featuredmedia":[{"embeddable":true,"href":"https:\/\/catolicanet.net\/wp-cnet\/wp-json\/wp\/v2\/media\/55819"}],"wp:attachment":[{"href":"https:\/\/catolicanet.net\/wp-cnet\/wp-json\/wp\/v2\/media?parent=72825"}],"wp:term":[{"taxonomy":"category","embeddable":true,"href":"https:\/\/catolicanet.net\/wp-cnet\/wp-json\/wp\/v2\/categories?post=72825"},{"taxonomy":"post_tag","embeddable":true,"href":"https:\/\/catolicanet.net\/wp-cnet\/wp-json\/wp\/v2\/tags?post=72825"}],"curies":[{"name":"wp","href":"https:\/\/api.w.org\/{rel}","templated":true}]}}