{"id":72819,"date":"2022-03-05T09:20:39","date_gmt":"2022-03-05T12:20:39","guid":{"rendered":"https:\/\/catolicanet.net\/wp-cnet\/?p=72819"},"modified":"2022-03-04T12:21:59","modified_gmt":"2022-03-04T15:21:59","slug":"nao-tentaras-o-senhor-teu-deus","status":"publish","type":"post","link":"https:\/\/catolicanet.net\/wp-cnet\/nao-tentaras-o-senhor-teu-deus\/","title":{"rendered":"N\u00e3o tentar\u00e1s, o Senhor teu Deus"},"content":{"rendered":"<p style=\"text-align: justify;\">Celebramos neste domingo o primeiro domingo da Quaresma. O Tempo da Quaresma iniciou-se na \u00faltima Quarta-Feira de Cinzas e vai at\u00e9 a celebra\u00e7\u00e3o da Missa da Ceia do Senhor, na Quinta-Feira Santa (exclusive). Durante esse tempo quaresmal, somos convidados a nos voltar para n\u00f3s mesmos e mudar as nossas atitudes em rela\u00e7\u00e3o conosco mesmos, com o pr\u00f3ximo e perante Deus.<\/p>\n<p style=\"text-align: justify;\">Durante esse tempo quaresmal, a Igreja nos prop\u00f5e tr\u00eas pr\u00e1ticas: ora\u00e7\u00e3o, jejum e caridade. Atrav\u00e9s da ora\u00e7\u00e3o, conseguimos realizar o nosso jejum, e a caridade \u00e9 fruto dos dois. Outra pr\u00e1tica que marca o Tempo da Quaresma \u00e9 a penit\u00eancia, onde somos convidados a mudar de vida e nos aproximar mais de Deus. Temos que iniciar a Quaresma de uma maneira e chegar na P\u00e1scoa de outra.<\/p>\n<p style=\"text-align: justify;\">O Tempo da Quaresma \u00e9 um tempo de esperan\u00e7a na ressurrei\u00e7\u00e3o e na vida eterna. \u00c9 um per\u00edodo de um retiro espiritual que fazemos por quarenta dias, onde meditamos os quarenta anos que o povo judeu peregrinou no deserto at\u00e9 chegar \u00e0 terra prometida e os quarenta dias que Jesus passou no deserto antes de sua vida p\u00fablica. Durante o tempo da Quaresma, omite-se o Aleluia e o Gl\u00f3ria. Esses c\u00e2nticos voltam com alegria na grande Vig\u00edlia da P\u00e1scoa.<\/p>\n<p style=\"text-align: justify;\">Caminhemos durante esses quarenta dias da Quaresma com os olhos fixos na cruz de Cristo, tendo a certeza de que Ele n\u00e3o ficou ali para sempre, mas venceu a morte e ressuscitou. A cruz \u00e9 o sinal da nossa salva\u00e7\u00e3o e por ela se deu a nossa vit\u00f3ria. Preparemo-nos durante esses dias para realizar a nossa confiss\u00e3o e a nossa reconcilia\u00e7\u00e3o com Deus, para celebrarmos de maneira mais plena a P\u00e1scoa.<\/p>\n<p style=\"text-align: justify;\">A primeira leitura da missa deste domingo \u00e9 do livro do Deuteron\u00f4mio <em>(Dt 26, 4-10).<\/em> O livro do Deuteron\u00f4mio \u00e9 o livro da lei. Nessa passagem de hoje, Mois\u00e9s fala ao povo dizendo que o sacerdote receber\u00e1 em suas m\u00e3os a cesta \u201cofertada\u201d a Deus pelo povo e colocar\u00e1 diante do altar. E o sacerdote agradecer\u00e1 a Deus pelas maravilhas que Ele fez ao povo, sobretudo por t\u00ea-los tirado da terra do Egito e feito com que eles entrassem na terra prometida. Mois\u00e9s oferta a Deus os primeiros frutos da terra que povo acabava de adentrar.<\/p>\n<p style=\"text-align: justify;\">Essa leitura retrata um dos motivos pelo qual celebramos a Quaresma, recordando os quarenta anos que o povo caminhou no deserto at\u00e9 chegar \u00e0 terra prometida. E o significado da P\u00e1scoa que \u00e9 a passagem da escravid\u00e3o para a liberdade.<\/p>\n<p style=\"text-align: justify;\">O salmo responsorial \u00e9 o <em>90 (91). <\/em>O refr\u00e3o do salmo nos diz: <em>\u201cEm minhas dores, \u00d3 Senhor, permanecei junto a mim\u201d. <\/em>O salmista pede para que em todos os momentos, sobretudo nos mais dif\u00edceis, Deus caminhe com ele. Isso serve para n\u00f3s hoje. Pe\u00e7amos ao Senhor que caminhe ao nosso lado em todos os momentos, sobretudo, nos mais dif\u00edceis, que Ele nos tome pela m\u00e3o e caminhe conosco.<\/p>\n<p style=\"text-align: justify;\">A segunda leitura da missa deste domingo \u00e9 da carta de S\u00e3o Paulo aos Romanos <em>(Rm 10, 8- 13). <\/em>Paulo diz que a Palavra est\u00e1 perto de n\u00f3s, em nossa boca e em nosso cora\u00e7\u00e3o. A palavra \u00e9 aquela pregada por ele pr\u00f3prio. Acolhendo essa palavra com f\u00e9, podemos proclamar que Jesus Cristo \u00e9 o Senhor e que Ele venceu a morte e ressuscitou dos mortos. \u00c9 crendo nisso que seremos salvos. N\u00e3o importa a religi\u00e3o ou a cren\u00e7a, todos temos um \u00fanico Senhor, que sempre se mostra generoso para aqueles que o invocam.<\/p>\n<p style=\"text-align: justify;\">O Evangelho deste Domingo \u00e9 de Lucas <em>(Lc 4,1-13). <\/em>Nessa passagem, Lucas relata as tenta\u00e7\u00f5es que Jesus sofreu no deserto. Que \u00e9 um dos sentidos de n\u00f3s celebrarmos a quaresma, fazemos mem\u00f3ria dos quarenta dias que Jesus passou no deserto e venceu as tenta\u00e7\u00f5es. Somos convidados a vencer as tenta\u00e7\u00f5es da mesma forma que Ele venceu, atrav\u00e9s da ora\u00e7\u00e3o, jejum e caridade.<\/p>\n<p style=\"text-align: justify;\">Jesus, ap\u00f3s ser batizado no rio Jord\u00e3o por Jo\u00e3o Batista, \u00e9 movido pelo Esp\u00edrito Santo para o deserto e sofre as tenta\u00e7\u00f5es. Jesus, durante os dias que esteve no deserto, era guiado pelo Esp\u00edrito Santo e n\u00e3o comeu e nem bebeu nada. Jesus foi tentado pelo diabo e, atrav\u00e9s da ora\u00e7\u00e3o e do jejum, Ele vence as tenta\u00e7\u00f5es do diabo. Jesus estava centrado em suas ora\u00e7\u00f5es e era fiel ao Pai, por isso ele consegue vencer as tenta\u00e7\u00f5es do diabo.<\/p>\n<p style=\"text-align: justify;\">As tenta\u00e7\u00f5es aparecem para nos afastar de Deus. Se n\u00e3o estivermos centrados nos planos que Ele tem para a nossa vida, cairemos na tenta\u00e7\u00e3o e dessa forma nos afastaremos d\u2019Ele. A ora\u00e7\u00e3o nos ajuda a estarmos centrados em Deus e em nossas ora\u00e7\u00f5es pe\u00e7amos que o Esp\u00edrito Santo seja o nosso guia para vencermos toda e qualquer tenta\u00e7\u00e3o.<\/p>\n<p style=\"text-align: justify;\">O mundo de hoje nos oferece muitas tenta\u00e7\u00f5es para nos afastar de Deus, seja por meio da televis\u00e3o, celular ou internet. Essas tenta\u00e7\u00f5es fazem com que coloquemos Deus em segundo plano e se Deus estiver em segundo plano, a nossa vida n\u00e3o vai para frente. Por isso, nessa Quaresma, al\u00e9m do jejum de alimento, podemos fazer o jejum de algo que atrapalha a nossa rela\u00e7\u00e3o com Deus, particularmente, as maldades e <em>fakes news<\/em> das m\u00eddias sociais. Ficar menos na televis\u00e3o, internet ou celular e focar mais na ora\u00e7\u00e3o.<\/p>\n<p style=\"text-align: justify;\">Que o Esp\u00edrito Santo nos ajude nesse caminho quaresmal e possamos focar mais em Deus e vencer todas as tenta\u00e7\u00f5es que possam aparecer. Fa\u00e7amos o caminho da reconcilia\u00e7\u00e3o com Deus e celebremos de maneira pura a P\u00e1scoa do Senhor! Am\u00e9m.<\/p>\n","protected":false},"excerpt":{"rendered":"<p>Celebramos neste domingo o primeiro domingo da Quaresma. O Tempo da Quaresma iniciou-se na \u00faltima Quarta-Feira de Cinzas e vai at\u00e9 a celebra\u00e7\u00e3o da Missa da Ceia do Senhor, na Quinta-Feira Santa (exclusive). Durante esse tempo quaresmal, somos convidados a nos voltar para n\u00f3s mesmos e mudar as nossas atitudes em rela\u00e7\u00e3o conosco mesmos, com [&hellip;]<\/p>\n","protected":false},"author":5,"featured_media":55819,"comment_status":"open","ping_status":"closed","sticky":false,"template":"","format":"standard","meta":{"footnotes":""},"categories":[9],"tags":[],"class_list":["post-72819","post","type-post","status-publish","format-standard","has-post-thumbnail","hentry","category-artigos"],"_links":{"self":[{"href":"https:\/\/catolicanet.net\/wp-cnet\/wp-json\/wp\/v2\/posts\/72819","targetHints":{"allow":["GET"]}}],"collection":[{"href":"https:\/\/catolicanet.net\/wp-cnet\/wp-json\/wp\/v2\/posts"}],"about":[{"href":"https:\/\/catolicanet.net\/wp-cnet\/wp-json\/wp\/v2\/types\/post"}],"author":[{"embeddable":true,"href":"https:\/\/catolicanet.net\/wp-cnet\/wp-json\/wp\/v2\/users\/5"}],"replies":[{"embeddable":true,"href":"https:\/\/catolicanet.net\/wp-cnet\/wp-json\/wp\/v2\/comments?post=72819"}],"version-history":[{"count":1,"href":"https:\/\/catolicanet.net\/wp-cnet\/wp-json\/wp\/v2\/posts\/72819\/revisions"}],"predecessor-version":[{"id":72820,"href":"https:\/\/catolicanet.net\/wp-cnet\/wp-json\/wp\/v2\/posts\/72819\/revisions\/72820"}],"wp:featuredmedia":[{"embeddable":true,"href":"https:\/\/catolicanet.net\/wp-cnet\/wp-json\/wp\/v2\/media\/55819"}],"wp:attachment":[{"href":"https:\/\/catolicanet.net\/wp-cnet\/wp-json\/wp\/v2\/media?parent=72819"}],"wp:term":[{"taxonomy":"category","embeddable":true,"href":"https:\/\/catolicanet.net\/wp-cnet\/wp-json\/wp\/v2\/categories?post=72819"},{"taxonomy":"post_tag","embeddable":true,"href":"https:\/\/catolicanet.net\/wp-cnet\/wp-json\/wp\/v2\/tags?post=72819"}],"curies":[{"name":"wp","href":"https:\/\/api.w.org\/{rel}","templated":true}]}}