{"id":72801,"date":"2022-03-04T09:59:44","date_gmt":"2022-03-04T12:59:44","guid":{"rendered":"https:\/\/catolicanet.net\/wp-cnet\/?p=72801"},"modified":"2022-03-04T12:00:53","modified_gmt":"2022-03-04T15:00:53","slug":"conferencia-de-bispos-ucranianos-pede-que-papa-consagre-russia-e-ucrania-a-virgem","status":"publish","type":"post","link":"https:\/\/catolicanet.net\/wp-cnet\/conferencia-de-bispos-ucranianos-pede-que-papa-consagre-russia-e-ucrania-a-virgem\/","title":{"rendered":"Confer\u00eancia de bispos ucranianos pede que papa consagre R\u00fassia e Ucr\u00e2nia \u00e0 Virgem"},"content":{"rendered":"<p style=\"text-align: justify;\">A Confer\u00eancia dos\u00a0Bispos\u00a0Cat\u00f3licos Romanos da Ucr\u00e2nia pediu ao papa Francisco que consagre a Ucr\u00e2nia e a R\u00fassia ao Imaculado Cora\u00e7\u00e3o de Maria.<\/p>\n<p style=\"text-align: justify;\">Em uma carta ao papa, a confer\u00eancia disse estar escrevendo \u201cnessas horas de dor imensur\u00e1vel e terr\u00edvel prova\u00e7\u00e3o para nosso povo\u201d em resposta a muitos pedidos de consagra\u00e7\u00e3o.<\/p>\n<p style=\"text-align: justify;\">\u201cEm resposta a esta ora\u00e7\u00e3o, pedimos humildemente a Vossa Santidade que realize publicamente o ato de consagra\u00e7\u00e3o ao Imaculado Cora\u00e7\u00e3o de Maria da Ucr\u00e2nia e da R\u00fassia, conforme solicitado pela Sant\u00edssima Virgem em F\u00e1tima\u201d, disse a carta, publicada no site dos bispos em Quarta-feira de Cinzas, 2 de mar\u00e7o.<\/p>\n<p style=\"text-align: justify;\">\u201cQue a M\u00e3e de Deus, Rainha da Paz, aceite nossa ora\u00e7\u00e3o:\u00a0<em>Regina pacis, ora pro nobis (Rainha da Paz, rogai por n\u00f3s)<\/em>\u201d.<\/p>\n<p style=\"text-align: justify;\">A confer\u00eancia tamb\u00e9m publicou em seu site um texto ucraniano atualizado de um ato de consagra\u00e7\u00e3o da Ucr\u00e2nia ao Imaculado Cora\u00e7\u00e3o de Maria, pedindo que seja recitado em particular e ap\u00f3s cada\u00a0missa.<\/p>\n<p style=\"text-align: justify;\">Em 24 de fevereiro, o dia em que a R\u00fassia invadiu a Ucr\u00e2nia, a confer\u00eancia dos bispos havia pedido que todos os cat\u00f3licos de rito latino na Ucr\u00e2nia rezassem \u00e0 Virgem.<\/p>\n<p style=\"text-align: justify;\">\u201cAgora \u00e9 o momento de nos unirmos em ora\u00e7\u00e3o: em nossas fam\u00edlias, com nossos vizinhos, em nossas comunidades de ora\u00e7\u00e3o e em todas as par\u00f3quias. Encorajamos os sacerdotes, a partir de hoje, ap\u00f3s cada Santa Missa, al\u00e9m de cantar a s\u00faplica, a rezar o Ato de Consagra\u00e7\u00e3o da Ucr\u00e2nia ao Imaculado Cora\u00e7\u00e3o da M\u00e3e de Deus\u201d, escreveu a confer\u00eancia dos bispos.<\/p>\n<p style=\"text-align: justify;\">\u201cRezamos juntos o ros\u00e1rio ou outras ora\u00e7\u00f5es pela paz, pelos governantes de nosso estado, por nosso ex\u00e9rcito e todos aqueles que defendem nossa p\u00e1tria, pelos feridos e mortos, bem como pela lembran\u00e7a daqueles que come\u00e7aram a guerra e ficaram cegos. por agress\u00e3o\u201d, disse.<\/p>\n<p style=\"text-align: justify;\">\u201cVamos proteger nossos cora\u00e7\u00f5es do \u00f3dio e raiva contra nossos inimigos. Cristo d\u00e1 uma instru\u00e7\u00e3o clara de que devemos orar por eles e aben\u00e7o\u00e1-los\u201d.<\/p>\n<p style=\"text-align: justify;\">Os cat\u00f3licos de rito latino s\u00e3o cerca de 1% da popula\u00e7\u00e3o da Ucr\u00e2nia. Eles est\u00e3o concentrados no oeste do pa\u00eds, com seis dioceses sufrag\u00e2neas \u00e0 arquidiocese de Lviv dos Latinos.<\/p>\n<p style=\"text-align: justify;\">A maioria dos cat\u00f3licos na Ucr\u00e2nia pertence \u00e0\u00a0Igreja\u00a0Greco-Cat\u00f3lica Ucraniana, a maior das 23 Igrejas Cat\u00f3licas Orientais em comunh\u00e3o com Roma. Os cat\u00f3licos gregos representam cerca de 9% da popula\u00e7\u00e3o de 44 milh\u00f5es da Ucr\u00e2nia, que \u00e9 predominantemente crist\u00e3 ortodoxa.<\/p>\n<p style=\"text-align: justify;\">Antes das revolu\u00e7\u00f5es de 1917 que derrubaram o Imp\u00e9rio Russo e levaram \u00e0 cria\u00e7\u00e3o da Uni\u00e3o Sovi\u00e9tica, a R\u00fassia era chamada de \u201ccasa de Maria\u201d porque havia mais santu\u00e1rios e igrejas dedicados a Nossa Senhora do que em qualquer outro pa\u00eds da \u00e9poca.<\/p>\n<p style=\"text-align: justify;\">Durante as apari\u00e7\u00f5es de F\u00e1tima em 1917, a\u00a0Virgem Maria\u00a0revelou tr\u00eas segredos.<\/p>\n<p style=\"text-align: justify;\">O segundo segredo era uma declara\u00e7\u00e3o de que a Primeira Guerra Mundial terminaria e uma previs\u00e3o de outra guerra que come\u00e7aria durante o reinado de Pio XI se as pessoas continuassem a ofender a Deus e a R\u00fassia n\u00e3o fosse consagrada ao Imaculado Cora\u00e7\u00e3o de Maria.<\/p>\n<p style=\"text-align: justify;\">A Irm\u00e3 L\u00facia, uma das tr\u00eas videntes de F\u00e1tima, recordou em suas mem\u00f3rias que Nossa Senhora lhe disse: \u201cSe meus pedidos forem atendidos, a R\u00fassia se converter\u00e1 e haver\u00e1 paz. Sen\u00e3o, ela espalhar\u00e1 seus erros pelo mundo, causando guerras e persegui\u00e7\u00f5es \u00e0 Igreja. Os bons ser\u00e3o martirizados, o Santo Padre ter\u00e1 que sofrer muito, v\u00e1rias na\u00e7\u00f5es ser\u00e3o aniquiladas\u201d.<\/p>\n<p style=\"text-align: justify;\">\u201cNo final, meu Imaculado Cora\u00e7\u00e3o triunfar\u00e1. O Santo Padre me consagrar\u00e1 a R\u00fassia, e ela se converter\u00e1, e um per\u00edodo de paz ser\u00e1 concedido ao mundo&#8221;.<\/p>\n<p style=\"text-align: justify;\">Em uma carta escrita em 1989, a Irm\u00e3 L\u00facia disse que o papa s\u00e3o Jo\u00e3o Paulo II satisfez o pedido de Nossa Senhora para a consagra\u00e7\u00e3o da R\u00fassia em 1984.<\/p>\n","protected":false},"excerpt":{"rendered":"<p>A Confer\u00eancia dos\u00a0Bispos\u00a0Cat\u00f3licos Romanos da Ucr\u00e2nia pediu ao papa Francisco que consagre a Ucr\u00e2nia e a R\u00fassia ao Imaculado Cora\u00e7\u00e3o de Maria. Em uma carta ao papa, a confer\u00eancia disse estar escrevendo \u201cnessas horas de dor imensur\u00e1vel e terr\u00edvel prova\u00e7\u00e3o para nosso povo\u201d em resposta a muitos pedidos de consagra\u00e7\u00e3o. \u201cEm resposta a esta ora\u00e7\u00e3o, [&hellip;]<\/p>\n","protected":false},"author":1,"featured_media":72802,"comment_status":"open","ping_status":"closed","sticky":false,"template":"","format":"standard","meta":{"footnotes":""},"categories":[4],"tags":[],"class_list":["post-72801","post","type-post","status-publish","format-standard","has-post-thumbnail","hentry","category-cotidiano"],"_links":{"self":[{"href":"https:\/\/catolicanet.net\/wp-cnet\/wp-json\/wp\/v2\/posts\/72801","targetHints":{"allow":["GET"]}}],"collection":[{"href":"https:\/\/catolicanet.net\/wp-cnet\/wp-json\/wp\/v2\/posts"}],"about":[{"href":"https:\/\/catolicanet.net\/wp-cnet\/wp-json\/wp\/v2\/types\/post"}],"author":[{"embeddable":true,"href":"https:\/\/catolicanet.net\/wp-cnet\/wp-json\/wp\/v2\/users\/1"}],"replies":[{"embeddable":true,"href":"https:\/\/catolicanet.net\/wp-cnet\/wp-json\/wp\/v2\/comments?post=72801"}],"version-history":[{"count":1,"href":"https:\/\/catolicanet.net\/wp-cnet\/wp-json\/wp\/v2\/posts\/72801\/revisions"}],"predecessor-version":[{"id":72803,"href":"https:\/\/catolicanet.net\/wp-cnet\/wp-json\/wp\/v2\/posts\/72801\/revisions\/72803"}],"wp:featuredmedia":[{"embeddable":true,"href":"https:\/\/catolicanet.net\/wp-cnet\/wp-json\/wp\/v2\/media\/72802"}],"wp:attachment":[{"href":"https:\/\/catolicanet.net\/wp-cnet\/wp-json\/wp\/v2\/media?parent=72801"}],"wp:term":[{"taxonomy":"category","embeddable":true,"href":"https:\/\/catolicanet.net\/wp-cnet\/wp-json\/wp\/v2\/categories?post=72801"},{"taxonomy":"post_tag","embeddable":true,"href":"https:\/\/catolicanet.net\/wp-cnet\/wp-json\/wp\/v2\/tags?post=72801"}],"curies":[{"name":"wp","href":"https:\/\/api.w.org\/{rel}","templated":true}]}}