{"id":72779,"date":"2022-03-04T09:16:36","date_gmt":"2022-03-04T12:16:36","guid":{"rendered":"https:\/\/catolicanet.net\/wp-cnet\/?p=72779"},"modified":"2022-03-04T11:22:51","modified_gmt":"2022-03-04T14:22:51","slug":"o-bispo-greco-catolico-de-kiev-ucrania-resiste-em-oracao","status":"publish","type":"post","link":"https:\/\/catolicanet.net\/wp-cnet\/o-bispo-greco-catolico-de-kiev-ucrania-resiste-em-oracao\/","title":{"rendered":"O bispo greco-cat\u00f3lico de Kiev: Ucr\u00e2nia resiste em ora\u00e7\u00e3o"},"content":{"rendered":"<div class=\"article__subTitle\" style=\"text-align: justify;\">&#8220;A Ucr\u00e2nia, reza, resiste em ora\u00e7\u00e3o. Aqui em Kiev, sentimos claramente que o santo padroeiro de nossa cidade \u00e9 o Arcanjo Miguel Arquiestrategista, a quem chamamos aquele que, como Deus, lan\u00e7ou no abismo L\u00facifer, o l\u00edder do ex\u00e9rcito do diabo que se rebelou contra a verdade de Deus&#8221;, diz o l\u00edder da Igreja Greco-Cat\u00f3lica em sua mensagem no nono dia de guerra.<\/div>\n<div><\/div>\n<div>\n<p><iframe loading=\"lazy\" title=\"Il vescovo greco-cattolico di Kiev: l&#039;Ucraina resiste in preghiera\" width=\"696\" height=\"392\" src=\"https:\/\/www.youtube.com\/embed\/RISVha154i8?feature=oembed\" frameborder=\"0\" allow=\"accelerometer; autoplay; clipboard-write; encrypted-media; gyroscope; picture-in-picture\" allowfullscreen><\/iframe><\/p>\n<\/div>\n<div class=\"title__separator\" style=\"text-align: justify;\"><\/div>\n<div class=\"article__text \">\n<p style=\"text-align: justify;\"><b>Do Arcebispo-mor de Kiev Sviatoslav Shevchuk<\/b><\/p>\n<p style=\"text-align: justify;\">Louvado seja Nosso Senhor Jesus Cristo!<\/p>\n<p style=\"text-align: justify;\">Queridos irm\u00e3os e irm\u00e3s em Cristo, sa\u00fado todos voc\u00eas de nosso Santo Kiev de c\u00fapula dourada.<\/p>\n<p style=\"text-align: justify;\">Hoje, 4 de mar\u00e7o, vivemos o nono dia desta terr\u00edvel guerra.<\/p>\n<p style=\"text-align: justify;\">Precisamente ontem vimos os horrores do bombardeio de nossas cidades: Sumy, Kharkiv.<\/p>\n<p style=\"text-align: justify;\">A situa\u00e7\u00e3o foi particularmente dif\u00edcil em Chernihiv, onde em um ataque pelo menos 33 pessoas morreram sob as bombas.<\/p>\n<p style=\"text-align: justify;\">Hoje podemos dizer da Ucr\u00e2nia: rios de sangue e mar de l\u00e1grimas.<\/p>\n<p style=\"text-align: justify;\">Mas, especialmente pela manh\u00e3, nos fez estremecer a not\u00edcia do inc\u00eandio na usina nuclear de Zaporizhya.<\/p>\n<p style=\"text-align: justify;\">Hoje quero me dirigir a todos aqueles que se preocupam com o meio ambiente, que t\u00eam no cora\u00e7\u00e3o a consci\u00eancia ecol\u00f3gica da humanidade. Devemos fazer imediatamente de tudo para parar esta guerra. Porque diante de nossos olhos est\u00e1 acontecendo n\u00e3o apenas uma cat\u00e1strofe humanit\u00e1ria, mas a possibilidade de infligir um golpe irrepar\u00e1vel na cria\u00e7\u00e3o de Deus, que n\u00e3o ser\u00e1 poss\u00edvel remediar por muitas d\u00e9cadas.<\/p>\n<p style=\"text-align: justify;\">A Ucr\u00e2nia experimentou a cat\u00e1strofe de Chernobyl e agora est\u00e1 \u00e0 beira de um novo perigo nuclear que pode ser dez vezes maior.<\/p>\n<p style=\"text-align: justify;\">Com ang\u00fastia, vejo milh\u00f5es de pessoas deixar a Ucr\u00e2nia como refugiados. Esta manh\u00e3 recebi a not\u00edcia de que quase um milh\u00e3o de refugiados deixou a Ucr\u00e2nia nestes 9 dias.<\/p>\n<p style=\"text-align: justify;\">Queridas filhas e filhos do nosso povo, digo-vos: esperamos que voltem para casa, esperamos que voltem quando voltar o c\u00e9u sereno sobre a Ucr\u00e2nia. E a vossa M\u00e3e Igreja ir\u00e1 acompanh\u00e1-los e ajud\u00e1-los onde quer que a calamidade da guerra os leve.<\/p>\n<p style=\"text-align: justify;\">Mas a Ucr\u00e2nia resiste. A Ucr\u00e2nia est\u00e1 lutando.<\/p>\n<p style=\"text-align: justify;\">Hoje, mais uma vez, desejo agradecer e aben\u00e7oar de todo o cora\u00e7\u00e3o o ex\u00e9rcito ucraniano, nossos soldados, rapazes e mo\u00e7as que defendem a paz na Ucr\u00e2nia, gra\u00e7as aos quais ainda estamos vivos hoje, no nono dia da guerra, gra\u00e7as aos quais a Ucr\u00e2nia est\u00e1 vencendo, a Ucr\u00e2nia resiste, a Ucr\u00e2nia combate.<\/p>\n<p style=\"text-align: justify;\">A Ucr\u00e2nia, al\u00e9m disso, reza, resiste em ora\u00e7\u00e3o. Aqui em Kiev, sentimos claramente que o santo padroeiro de nossa cidade \u00e9 o Arcanjo Miguel Arquiestrategista, a quem chamamos aquele que, como Deus, lan\u00e7ou no abismo L\u00facifer, o l\u00edder do ex\u00e9rcito do diabo que se rebelou contra a verdade de Deus.<\/p>\n<p style=\"text-align: justify;\">Hoje vemos que o Arquiestrategista Miguel est\u00e1 lutando pela Ucr\u00e2nia com todo o ex\u00e9rcito celestial.<\/p>\n<p style=\"text-align: justify;\">Muitas pessoas de diferentes partes da Ucr\u00e2nia compartilham suas experi\u00eancias comigo: vimos anjos brilhantes sobre a terra ucraniana.<\/p>\n<p style=\"text-align: justify;\">Hoje rezamos: &#8220;Arquiestrategista Miguel, e todo o ex\u00e9rcito celestial, todas as for\u00e7as celestes incorp\u00f3reas, lutem pela Ucr\u00e2nia, expulsem o diabo que nos ataca, nos mata, nos traz destrui\u00e7\u00e3o e morte!&#8221;<\/p>\n<p style=\"text-align: justify;\">Hoje gostaria de agradecer a todos os fi\u00e9is de nossa Igreja &#8211; no Canad\u00e1, Am\u00e9rica do Norte, Europa Ocidental &#8211; que est\u00e3o acolhendo refugiados e coletando ajuda humanit\u00e1ria. Que fazem de tudo para ajudar os outros com diligente amor crist\u00e3o.<\/p>\n<p style=\"text-align: justify;\">Deus aben\u00e7oe a Ucr\u00e2nia. Deus pare a guerra. Que possam as for\u00e7as de nossa ora\u00e7\u00e3o, fortalecidas por Tua gra\u00e7a, se tornar um escudo de f\u00e9 para nossa p\u00e1tria. Deus conceda a paz \u00e0 Ucr\u00e2nia.<\/p>\n<p style=\"text-align: justify;\">Eu invoco a b\u00ean\u00e7\u00e3o do Senhor sobre voc\u00eas, com Sua gra\u00e7a agora e para sempre. Amen.<\/p>\n<p style=\"text-align: justify;\">Louvado seja Nosso Senhor Jesus Cristo!<\/p>\n<\/div>\n","protected":false},"excerpt":{"rendered":"<p>&#8220;A Ucr\u00e2nia, reza, resiste em ora\u00e7\u00e3o. Aqui em Kiev, sentimos claramente que o santo padroeiro de nossa cidade \u00e9 o Arcanjo Miguel Arquiestrategista, a quem chamamos aquele que, como Deus, lan\u00e7ou no abismo L\u00facifer, o l\u00edder do ex\u00e9rcito do diabo que se rebelou contra a verdade de Deus&#8221;, diz o l\u00edder da Igreja Greco-Cat\u00f3lica em [&hellip;]<\/p>\n","protected":false},"author":1,"featured_media":72780,"comment_status":"open","ping_status":"closed","sticky":false,"template":"","format":"standard","meta":{"footnotes":""},"categories":[3],"tags":[],"class_list":["post-72779","post","type-post","status-publish","format-standard","has-post-thumbnail","hentry","category-vaticano"],"_links":{"self":[{"href":"https:\/\/catolicanet.net\/wp-cnet\/wp-json\/wp\/v2\/posts\/72779","targetHints":{"allow":["GET"]}}],"collection":[{"href":"https:\/\/catolicanet.net\/wp-cnet\/wp-json\/wp\/v2\/posts"}],"about":[{"href":"https:\/\/catolicanet.net\/wp-cnet\/wp-json\/wp\/v2\/types\/post"}],"author":[{"embeddable":true,"href":"https:\/\/catolicanet.net\/wp-cnet\/wp-json\/wp\/v2\/users\/1"}],"replies":[{"embeddable":true,"href":"https:\/\/catolicanet.net\/wp-cnet\/wp-json\/wp\/v2\/comments?post=72779"}],"version-history":[{"count":2,"href":"https:\/\/catolicanet.net\/wp-cnet\/wp-json\/wp\/v2\/posts\/72779\/revisions"}],"predecessor-version":[{"id":72782,"href":"https:\/\/catolicanet.net\/wp-cnet\/wp-json\/wp\/v2\/posts\/72779\/revisions\/72782"}],"wp:featuredmedia":[{"embeddable":true,"href":"https:\/\/catolicanet.net\/wp-cnet\/wp-json\/wp\/v2\/media\/72780"}],"wp:attachment":[{"href":"https:\/\/catolicanet.net\/wp-cnet\/wp-json\/wp\/v2\/media?parent=72779"}],"wp:term":[{"taxonomy":"category","embeddable":true,"href":"https:\/\/catolicanet.net\/wp-cnet\/wp-json\/wp\/v2\/categories?post=72779"},{"taxonomy":"post_tag","embeddable":true,"href":"https:\/\/catolicanet.net\/wp-cnet\/wp-json\/wp\/v2\/tags?post=72779"}],"curies":[{"name":"wp","href":"https:\/\/api.w.org\/{rel}","templated":true}]}}