{"id":72773,"date":"2022-03-04T09:13:30","date_gmt":"2022-03-04T12:13:30","guid":{"rendered":"https:\/\/catolicanet.net\/wp-cnet\/?p=72773"},"modified":"2022-03-04T11:14:50","modified_gmt":"2022-03-04T14:14:50","slug":"no-vaticano-um-ponto-de-coleta-de-medicamentos-e-alimentos-para-a-ucrania","status":"publish","type":"post","link":"https:\/\/catolicanet.net\/wp-cnet\/no-vaticano-um-ponto-de-coleta-de-medicamentos-e-alimentos-para-a-ucrania\/","title":{"rendered":"No Vaticano, um ponto de coleta de medicamentos e alimentos para a Ucr\u00e2nia"},"content":{"rendered":"<figure class=\"article__image\" style=\"text-align: justify;\"><span class=\"didascalia_img\">Pra\u00e7a S\u00e3o Pedro e C\u00fapula da Bas\u00edlica Vaticana\u00a0<\/span><\/figure>\n<div class=\"article__meta audioInside\" data-mediatype=\"\">\n<div class=\"article__subTitle\" style=\"text-align: justify;\">A iniciativa \u00e9 promovida pela Esmolaria Apost\u00f3lica que, num comunicado, afirma que do meio-dia \u00e0s 15h de segunda-feira, alimentos e medicamentos podem ser levados diretamente pelos funcion\u00e1rios do Vaticano para a pra\u00e7a em frente ao Pr\u00e9dio do Governatorato.<\/div>\n<div class=\"title__separator\" style=\"text-align: justify;\"><\/div>\n<div class=\"article__text \">\n<p style=\"text-align: justify;\"><b>Vatican News<\/b><\/p>\n<p style=\"text-align: justify;\">Na segunda-feira, 7 de mar\u00e7o, a Cidade do Vaticano se tornar\u00e1 um ponto de &#8220;coleta extraordin\u00e1ria de alimentos e rem\u00e9dios para a popula\u00e7\u00e3o da Ucr\u00e2nia martirizada pela guerra&#8221;. Um sinal novo e concreto da ajuda e da proximidade do Papa e da Santa S\u00e9 aos que est\u00e3o sofrendo.<\/p>\n<div style=\"text-align: justify;\">\n<div class=\"article__embed article__embed--unwrap article__embed--dark\">\n<div class=\"article__innerTitle\">Ou\u00e7a e compartilhe<\/div>\n<div>\n<!--[if lt IE 9]><script>document.createElement('audio');<\/script><![endif]-->\n<audio class=\"wp-audio-shortcode\" id=\"audio-72773-1\" preload=\"none\" style=\"width: 100%;\" controls=\"controls\"><source type=\"audio\/mpeg\" src=\"https:\/\/media.vaticannews.va\/media\/audio\/s1\/2022\/03\/03\/16\/136453997_F136453997.mp3?_=1\" \/><a href=\"https:\/\/media.vaticannews.va\/media\/audio\/s1\/2022\/03\/03\/16\/136453997_F136453997.mp3\">https:\/\/media.vaticannews.va\/media\/audio\/s1\/2022\/03\/03\/16\/136453997_F136453997.mp3<\/a><\/audio>\n<\/div>\n<\/div>\n<\/div>\n<p style=\"text-align: justify;\">A iniciativa \u00e9 promovida pela Esmolaria Apost\u00f3lica que, num comunicado, afirma que do meio-dia \u00e0s 15h de segunda-feira, alimentos e medicamentos podem ser levados diretamente pelos funcion\u00e1rios do Vaticano para a pra\u00e7a em frente ao Pr\u00e9dio do Governatorato. Ali, tudo ser\u00e1 colocado em vans do Vaticano. Depois, o material ser\u00e1 enviado &#8220;imediatamente para a Ucr\u00e2nia atrav\u00e9s da Bas\u00edlica de Santa Sofia, ponto de refer\u00eancia dos ucranianos em Roma&#8221;.<\/p>\n<p style=\"text-align: justify;\">Na quarta-feira (02\/03), o esmoleiro do Papa, cardeal Konrad Krajewski, levou ao ponto de coleta na Bas\u00edlica de Santa Sofia, medicamentos salva-vidas e rem\u00e9dios gen\u00e9ricos, oferecidos pela comunidade da Farm\u00e1cia do Vaticano.<\/p>\n<p style=\"text-align: justify;\">Ele chegou com uma van \u00e0 igreja que fica no bairro romano de Boccea, respondendo ao apelo lan\u00e7ado nos \u00faltimos dias pelos imigrantes do pa\u00eds europeu, afetado pelo conflito, a fim de apoiar familiares e amigos que vivem na terra natal sob o bombardeios.<\/p>\n<p style=\"text-align: justify;\">Os suprimentos m\u00e9dicos incluem seringas, curativo adesivo, e desinfetantes oferecidos pela Dire\u00e7\u00e3o de Sa\u00fade e Higiene do Governatorato que chegar\u00e3o a Lviv, cidade ucraniana mais pr\u00f3xima da fronteira com a Pol\u00f4nia.<\/p>\n<p style=\"text-align: justify;\">&#8220;O Vaticano&#8221;, disse o Cardeal Krajewski, &#8220;est\u00e1 pronto para ajudar os necessitados&#8221;, &#8220;n\u00e3o olha para a nacionalidade, mas para a pessoa necessitada&#8221;. Al\u00e9m disso, a Esmolaria ap\u00f3ia tamb\u00e9m as representa\u00e7\u00f5es pontif\u00edcias nos pa\u00edses que fazem fronteira com a Ucr\u00e2nia, atrav\u00e9s de fundos destinados a ajudar as pessoas em dificuldade. Por fim, h\u00e1 tamb\u00e9m a mobiliza\u00e7\u00e3o do hospital pedi\u00e1trico Menino Jesus que disponibilizou vinte vagas para as crian\u00e7as com c\u00e2ncer provenientes da Ucr\u00e2nia.<\/p>\n<\/div>\n<\/div>\n","protected":false},"excerpt":{"rendered":"<p>Pra\u00e7a S\u00e3o Pedro e C\u00fapula da Bas\u00edlica Vaticana\u00a0 A iniciativa \u00e9 promovida pela Esmolaria Apost\u00f3lica que, num comunicado, afirma que do meio-dia \u00e0s 15h de segunda-feira, alimentos e medicamentos podem ser levados diretamente pelos funcion\u00e1rios do Vaticano para a pra\u00e7a em frente ao Pr\u00e9dio do Governatorato. Vatican News Na segunda-feira, 7 de mar\u00e7o, a Cidade [&hellip;]<\/p>\n","protected":false},"author":1,"featured_media":72774,"comment_status":"open","ping_status":"closed","sticky":false,"template":"","format":"standard","meta":{"footnotes":""},"categories":[3],"tags":[],"class_list":["post-72773","post","type-post","status-publish","format-standard","has-post-thumbnail","hentry","category-vaticano"],"_links":{"self":[{"href":"https:\/\/catolicanet.net\/wp-cnet\/wp-json\/wp\/v2\/posts\/72773","targetHints":{"allow":["GET"]}}],"collection":[{"href":"https:\/\/catolicanet.net\/wp-cnet\/wp-json\/wp\/v2\/posts"}],"about":[{"href":"https:\/\/catolicanet.net\/wp-cnet\/wp-json\/wp\/v2\/types\/post"}],"author":[{"embeddable":true,"href":"https:\/\/catolicanet.net\/wp-cnet\/wp-json\/wp\/v2\/users\/1"}],"replies":[{"embeddable":true,"href":"https:\/\/catolicanet.net\/wp-cnet\/wp-json\/wp\/v2\/comments?post=72773"}],"version-history":[{"count":1,"href":"https:\/\/catolicanet.net\/wp-cnet\/wp-json\/wp\/v2\/posts\/72773\/revisions"}],"predecessor-version":[{"id":72775,"href":"https:\/\/catolicanet.net\/wp-cnet\/wp-json\/wp\/v2\/posts\/72773\/revisions\/72775"}],"wp:featuredmedia":[{"embeddable":true,"href":"https:\/\/catolicanet.net\/wp-cnet\/wp-json\/wp\/v2\/media\/72774"}],"wp:attachment":[{"href":"https:\/\/catolicanet.net\/wp-cnet\/wp-json\/wp\/v2\/media?parent=72773"}],"wp:term":[{"taxonomy":"category","embeddable":true,"href":"https:\/\/catolicanet.net\/wp-cnet\/wp-json\/wp\/v2\/categories?post=72773"},{"taxonomy":"post_tag","embeddable":true,"href":"https:\/\/catolicanet.net\/wp-cnet\/wp-json\/wp\/v2\/tags?post=72773"}],"curies":[{"name":"wp","href":"https:\/\/api.w.org\/{rel}","templated":true}]}}