{"id":72760,"date":"2022-02-25T08:52:37","date_gmt":"2022-02-25T11:52:37","guid":{"rendered":"https:\/\/catolicanet.net\/wp-cnet\/?p=72760"},"modified":"2022-02-25T08:52:37","modified_gmt":"2022-02-25T11:52:37","slug":"petropolis-um-padre-como-bombeiro-voluntario","status":"publish","type":"post","link":"https:\/\/catolicanet.net\/wp-cnet\/petropolis-um-padre-como-bombeiro-voluntario\/","title":{"rendered":"Petr\u00f3polis: um padre como bombeiro volunt\u00e1rio"},"content":{"rendered":"<h2 class=\"subtitle\" style=\"text-align: justify;\">&#8220;O padre \u00e9 um homem de f\u00e9, muita f\u00e9. E eu tenho f\u00e9 nesse nosso Deus todo-poderoso. Deus carrega ao colo toda Petr\u00f3polis&#8221;<\/h2>\n<p style=\"text-align: justify;\">Um padre est\u00e1 trabalhando como bombeiro volunt\u00e1rio em Petr\u00f3polis para ajudar nas buscas aos desaparecidos, que ainda s\u00e3o mais de 40 pessoas. O n\u00famero de mortos, tragicamente, j\u00e1 ultrapassou a triste marca de duzentos.<\/p>\n<p style=\"text-align: justify;\">O pe. Sebasti\u00e3o Reis, que tem mais de vinte anos de sacerd\u00f3cio, \u00e9 administrador paroquial em S\u00e3o Gon\u00e7alo, RJ, e, portanto, faz parte da arquidiocese de Niter\u00f3i.<\/p>\n<p style=\"text-align: justify;\">Seu desejo de atuar como bombeiro volunt\u00e1rio veio de um curso de primeiros socorros que o inspirou a \u201cqualificar-se na medida em que as oportunidades vinham\u201d. Essa qualifica\u00e7\u00e3o lhe permite agora a possibilidade de ajudar o pr\u00f3ximo em momentos de excepcional necessidade, raz\u00e3o pela qual ele aponta uma grande semelhan\u00e7a entre a voca\u00e7\u00e3o sacerdotal e a miss\u00e3o do bombeiro: justamente \u201co pr\u00f3ximo\u201d. Al\u00e9m disso, ele considera que, \u201cde certa forma, fazemos um juramento de n\u00e3o nos omitirmos na hora em que o sinistro acontece\u201d.<\/p>\n<p style=\"text-align: justify;\">Quando se disponibilizou a ajudar nos socorros em Petr\u00f3polis, o sacerdote encontrou, segundo suas pr\u00f3prias palavras, \u201cum cen\u00e1rio de total destrui\u00e7\u00e3o: Petr\u00f3polis mais parece uma cidade bombardeada. A cidade est\u00e1 triste. \u00c9 de cortar o cora\u00e7\u00e3o\u201d.<\/p>\n<p style=\"text-align: justify;\">Em declara\u00e7\u00f5es recolhidas pelo portal\u00a0<a href=\"https:\/\/www.vaticannews.va\/pt\/igreja\/news\/2022-02\/um-padre-bombeiro-voluntario-em-petropolis.html\" target=\"_blank\" rel=\"noreferrer noopener\">Vatican News<\/a>, o pe. Sebasti\u00e3o relata que, al\u00e9m da a\u00e7\u00e3o volunt\u00e1ria como bombeiro, continua, naturalmente, exercendo o minist\u00e9rio sacerdotal \u201cpelas ora\u00e7\u00f5es silenciosas durante o caminho pela cidade, clamando ao bom Deus por todos\u201d; \u201cpela celebra\u00e7\u00e3o da Santa Missa\u201d; \u201couvindo os petropolitanos e os aconselhando\u201d; e \u201cs\u00f3 pelo fato de estar aqui nestes locais\u201d, porque isto \u00e9 \u201cuma prova de unidade na dor, pelo amor; afinal, quem ama mais, sofre mais\u201d.<\/p>\n<div id=\"aleteia-welcome\" style=\"text-align: justify;\"><\/div>\n<div class=\"nativo-inread\" style=\"text-align: justify;\"><\/div>\n<p style=\"text-align: justify;\">Nem todos os outros volunt\u00e1rios e bombeiros sabem que ele \u00e9 padre, mas os que sabem o tratam com respeito, conta o pr\u00f3prio sacerdote, que reflete:<\/p>\n<blockquote class=\"wp-block-quote\">\n<p style=\"text-align: justify;\">\u201cEles devem se sentir mais perto de Deus, eu penso assim. O padre \u00e9 um homem de f\u00e9, muita f\u00e9. E eu tenho f\u00e9 nesse nosso Deus todo-poderoso. Deus carrega ao colo toda Petr\u00f3polis\u201d.<\/p>\n<\/blockquote>\n<p>Conhe\u00e7a outra hist\u00f3ria inspiradora de\u00a0<a href=\"https:\/\/pt.aleteia.org\/2021\/07\/02\/o-padre-que-se-fingiu-de-bandido-para-resgatar-um-menino-do-trafico-de-orgaos\/\" target=\"_blank\" rel=\"noreferrer noopener\">padre-her\u00f3i<\/a>\u00a0que viralizou no ano passado:<\/p>\n","protected":false},"excerpt":{"rendered":"<p>&#8220;O padre \u00e9 um homem de f\u00e9, muita f\u00e9. E eu tenho f\u00e9 nesse nosso Deus todo-poderoso. Deus carrega ao colo toda Petr\u00f3polis&#8221; Um padre est\u00e1 trabalhando como bombeiro volunt\u00e1rio em Petr\u00f3polis para ajudar nas buscas aos desaparecidos, que ainda s\u00e3o mais de 40 pessoas. O n\u00famero de mortos, tragicamente, j\u00e1 ultrapassou a triste marca [&hellip;]<\/p>\n","protected":false},"author":1,"featured_media":72761,"comment_status":"open","ping_status":"closed","sticky":false,"template":"","format":"standard","meta":{"footnotes":""},"categories":[4,13],"tags":[],"class_list":["post-72760","post","type-post","status-publish","format-standard","has-post-thumbnail","hentry","category-cotidiano","category-featured"],"_links":{"self":[{"href":"https:\/\/catolicanet.net\/wp-cnet\/wp-json\/wp\/v2\/posts\/72760","targetHints":{"allow":["GET"]}}],"collection":[{"href":"https:\/\/catolicanet.net\/wp-cnet\/wp-json\/wp\/v2\/posts"}],"about":[{"href":"https:\/\/catolicanet.net\/wp-cnet\/wp-json\/wp\/v2\/types\/post"}],"author":[{"embeddable":true,"href":"https:\/\/catolicanet.net\/wp-cnet\/wp-json\/wp\/v2\/users\/1"}],"replies":[{"embeddable":true,"href":"https:\/\/catolicanet.net\/wp-cnet\/wp-json\/wp\/v2\/comments?post=72760"}],"version-history":[{"count":1,"href":"https:\/\/catolicanet.net\/wp-cnet\/wp-json\/wp\/v2\/posts\/72760\/revisions"}],"predecessor-version":[{"id":72762,"href":"https:\/\/catolicanet.net\/wp-cnet\/wp-json\/wp\/v2\/posts\/72760\/revisions\/72762"}],"wp:featuredmedia":[{"embeddable":true,"href":"https:\/\/catolicanet.net\/wp-cnet\/wp-json\/wp\/v2\/media\/72761"}],"wp:attachment":[{"href":"https:\/\/catolicanet.net\/wp-cnet\/wp-json\/wp\/v2\/media?parent=72760"}],"wp:term":[{"taxonomy":"category","embeddable":true,"href":"https:\/\/catolicanet.net\/wp-cnet\/wp-json\/wp\/v2\/categories?post=72760"},{"taxonomy":"post_tag","embeddable":true,"href":"https:\/\/catolicanet.net\/wp-cnet\/wp-json\/wp\/v2\/tags?post=72760"}],"curies":[{"name":"wp","href":"https:\/\/api.w.org\/{rel}","templated":true}]}}