{"id":72705,"date":"2022-02-24T09:18:48","date_gmt":"2022-02-24T12:18:48","guid":{"rendered":"https:\/\/catolicanet.net\/wp-cnet\/?p=72705"},"modified":"2022-02-24T15:19:54","modified_gmt":"2022-02-24T18:19:54","slug":"fonif-pede-derrubada-de-vetos-presidenciais-a-lei-que-impacta-no-trabalho-das-entidades-beneficentes-do-brasil","status":"publish","type":"post","link":"https:\/\/catolicanet.net\/wp-cnet\/fonif-pede-derrubada-de-vetos-presidenciais-a-lei-que-impacta-no-trabalho-das-entidades-beneficentes-do-brasil\/","title":{"rendered":"FONIF PEDE DERRUBADA DE VETOS PRESIDENCIAIS \u00c0 LEI QUE IMPACTA NO TRABALHO DAS ENTIDADES BENEFICENTES DO BRASIL"},"content":{"rendered":"<p style=\"text-align: justify;\">Foi publicada no Di\u00e1rio Oficial da Uni\u00e3o da \u00faltima sexta-feira, em 17 de dezembro de 2021, a<a href=\"https:\/\/in.gov.br\/en\/web\/dou\/-\/lei-complementar-n-187-de-16-de-dezembro-de-2021-367978262\" target=\"_blank\" rel=\"noopener\">\u00a0Lei Complementar n\u00ba 187, de 16 dezembro de 2021<\/a>, que reformula regras para a certifica\u00e7\u00e3o das entidades beneficentes e regula os procedimentos referentes \u00e0 imunidade de contribui\u00e7\u00f5es.<\/p>\n<blockquote><p>De acordo com o F\u00f3rum Nacional das Institui\u00e7\u00f5es Filantr\u00f3picas (FONIF), em<a href=\"https:\/\/fonif.org.br\/wp-content\/uploads\/2022\/02\/carta-aberta-derrubada-dos-vetos-lc187-geral-docx-1.pdf\" target=\"_blank\" rel=\"noopener\">\u00a0\u201cCarta Aberta\u201d que pede a derrubada dos 10 vetos presidenciais<\/a>, \u201ca lei foi fruto de um trabalho plural, que contou com a participa\u00e7\u00e3o de destacados atores da sociedade civil, entre eles a CRB (Confer\u00eancia dos Religiosos do Brasil) e da CNBB (Confer\u00eancia Nacional dos Bispos do Brasil)\u201d.<\/p><\/blockquote>\n<p style=\"text-align: justify;\">Para o FONIF, a promulga\u00e7\u00e3o da lei por parte da Presid\u00eancia da Rep\u00fablica representa um marco importante para o setor filantr\u00f3pico no brasileiro, trazendo seguran\u00e7a jur\u00eddica e condi\u00e7\u00f5es apropriadas para as entidades beneficentes. Contudo, o organismo publicou \u201cCarta Aberta\u201d no qual pede a derrubada, pelo Congresso Nacional, dos 10 vetos \u00e0 Lei 187.<\/p>\n<p style=\"text-align: justify;\">Os vetos, segundo o organismo, \u201cdesconfiguram a vontade da sociedade civil lavrada pela Casa Maior da Representatividade, o Congresso Nacional\u201d, al\u00e9m de inviabilizar a continuidade do trabalho de milhares de entidades que atuam na \u00e1reas beneficentes da assist\u00eancia social no pa\u00eds.<\/p>\n<p style=\"text-align: justify;\">E parceria com a Associa\u00e7\u00e3o Paulista das Funda\u00e7\u00f5es (APF) e o Conselho Regional de Contabilidade do Estado de S\u00e3o Paulo (CRCSP), o FONIF realizou na segunda, (21), o evento \u201c<a href=\"https:\/\/www.youtube.com\/watch?v=68_bdYlP0gA\" target=\"_blank\" rel=\"noopener\" data-rel=\"lightbox-video-0\">Rumos da Filantropia \u2013 Impactos Tribut\u00e1rios e Sociais da Lei Complementar 187\/21 para o setor Filantr\u00f3pico\u201d.<\/a><\/p>\n<h3 style=\"text-align: justify;\">Conhe\u00e7a a Lei<\/h3>\n<p style=\"text-align: justify;\">Sancionada em dezembro de 2021, a<a href=\"https:\/\/in.gov.br\/en\/web\/dou\/-\/lei-complementar-n-187-de-16-de-dezembro-de-2021-367978262\" target=\"_blank\" rel=\"noopener\">\u00a0Lei Complementar 187\/21<\/a>\u00a0prev\u00ea as condi\u00e7\u00f5es que devem ser cumpridas pelas entidades beneficentes de assist\u00eancia social para certifica\u00e7\u00e3o e uso da imunidade tribut\u00e1ria. A aprova\u00e7\u00e3o aconteceu ap\u00f3s um hist\u00f3rico de luta, di\u00e1logo e articula\u00e7\u00f5es lideradas pelo FONIF ao lado de entidades representativas das institui\u00e7\u00f5es filantr\u00f3picas. Apesar da conquista, os dez itens vetados na LC 187\/2 amea\u00e7am o andamento desse importante marco legal que se instaura com a san\u00e7\u00e3o da lei e poder\u00e1 impedir o correto funcionamento das filantr\u00f3picas.<\/p>\n<p style=\"text-align: justify;\">Cust\u00f3dio Pereira, presidente do FONIF, foi enf\u00e1tico ao afirmar que \u201ca lei complementar rec\u00e9m-aprovada passou por intensos debates no legislativo e no executivo, com t\u00e9cnicos qualificados do setor filantr\u00f3pico, e \u00e9 um marco hist\u00f3rico para a filantropia no Brasil. Mas os vetos prejudicaram a Lei, que foi fruto de uma articula\u00e7\u00e3o de anos feita com tanto di\u00e1logo\u201d.<\/p>\n<p style=\"text-align: justify;\">De acordo com a Lei, a validade dos certificados vigentes cujo requerimento de renova\u00e7\u00e3o n\u00e3o tenha sido apresentado at\u00e9 a data de publica\u00e7\u00e3o da referida Lei fica prorrogada at\u00e9 31 de dezembro do ano subsequente ao do fim de seu prazo de validade.<\/p>\n<p style=\"text-align: justify;\">A apresenta\u00e7\u00e3o do Projeto de Lei Complementar (PLP) 134\/19, que deu origem \u00e0 Lei, decorreu de decis\u00e3o do Supremo Tribunal Federal (STF) que considerou inconstitucionais v\u00e1rios artigos da Lei 12.101\/09, que trata do assunto, porque a regulamenta\u00e7\u00e3o dessa imunidade deve ser feita por meio de lei complementar. A Lei foi sancionada com alguns vetos. Vale lembrar que o Congresso Nacional ainda apreciar\u00e1 os referidos vetos.<\/p>\n","protected":false},"excerpt":{"rendered":"<p>Foi publicada no Di\u00e1rio Oficial da Uni\u00e3o da \u00faltima sexta-feira, em 17 de dezembro de 2021, a\u00a0Lei Complementar n\u00ba 187, de 16 dezembro de 2021, que reformula regras para a certifica\u00e7\u00e3o das entidades beneficentes e regula os procedimentos referentes \u00e0 imunidade de contribui\u00e7\u00f5es. De acordo com o F\u00f3rum Nacional das Institui\u00e7\u00f5es Filantr\u00f3picas (FONIF), em\u00a0\u201cCarta Aberta\u201d [&hellip;]<\/p>\n","protected":false},"author":1,"featured_media":72706,"comment_status":"open","ping_status":"closed","sticky":false,"template":"","format":"standard","meta":{"footnotes":""},"categories":[7],"tags":[],"class_list":["post-72705","post","type-post","status-publish","format-standard","has-post-thumbnail","hentry","category-cnbb"],"_links":{"self":[{"href":"https:\/\/catolicanet.net\/wp-cnet\/wp-json\/wp\/v2\/posts\/72705","targetHints":{"allow":["GET"]}}],"collection":[{"href":"https:\/\/catolicanet.net\/wp-cnet\/wp-json\/wp\/v2\/posts"}],"about":[{"href":"https:\/\/catolicanet.net\/wp-cnet\/wp-json\/wp\/v2\/types\/post"}],"author":[{"embeddable":true,"href":"https:\/\/catolicanet.net\/wp-cnet\/wp-json\/wp\/v2\/users\/1"}],"replies":[{"embeddable":true,"href":"https:\/\/catolicanet.net\/wp-cnet\/wp-json\/wp\/v2\/comments?post=72705"}],"version-history":[{"count":1,"href":"https:\/\/catolicanet.net\/wp-cnet\/wp-json\/wp\/v2\/posts\/72705\/revisions"}],"predecessor-version":[{"id":72707,"href":"https:\/\/catolicanet.net\/wp-cnet\/wp-json\/wp\/v2\/posts\/72705\/revisions\/72707"}],"wp:featuredmedia":[{"embeddable":true,"href":"https:\/\/catolicanet.net\/wp-cnet\/wp-json\/wp\/v2\/media\/72706"}],"wp:attachment":[{"href":"https:\/\/catolicanet.net\/wp-cnet\/wp-json\/wp\/v2\/media?parent=72705"}],"wp:term":[{"taxonomy":"category","embeddable":true,"href":"https:\/\/catolicanet.net\/wp-cnet\/wp-json\/wp\/v2\/categories?post=72705"},{"taxonomy":"post_tag","embeddable":true,"href":"https:\/\/catolicanet.net\/wp-cnet\/wp-json\/wp\/v2\/tags?post=72705"}],"curies":[{"name":"wp","href":"https:\/\/api.w.org\/{rel}","templated":true}]}}