{"id":72688,"date":"2022-02-23T09:14:26","date_gmt":"2022-02-23T12:14:26","guid":{"rendered":"https:\/\/catolicanet.net\/wp-cnet\/?p=72688"},"modified":"2022-02-24T15:02:40","modified_gmt":"2022-02-24T18:02:40","slug":"parolin-quem-tem-nas-maos-o-destino-do-mundo-nos-poupe-dos-horrores-da-guerra","status":"publish","type":"post","link":"https:\/\/catolicanet.net\/wp-cnet\/parolin-quem-tem-nas-maos-o-destino-do-mundo-nos-poupe-dos-horrores-da-guerra\/","title":{"rendered":"Parolin: quem tem nas m\u00e3os o destino do mundo nos poupe dos horrores da guerra"},"content":{"rendered":"<div class=\"article__subTitle\" style=\"text-align: justify;\">O cardeal secret\u00e1rio de Estado ap\u00f3s o ataque russo \u00e0 Ucr\u00e2nia: &#8220;Ainda h\u00e1 tempo para a boa vontade, ainda h\u00e1 tempo para a negocia\u00e7\u00e3o&#8221;<\/div>\n<div><\/div>\n<div>\n<p><iframe loading=\"lazy\" title=\"Parolin: Quien tiene en sus manos el destino del mundo nos libre de los horrores de la guerra\" width=\"696\" height=\"392\" src=\"https:\/\/www.youtube.com\/embed\/bjWtPARxUD0?feature=oembed\" frameborder=\"0\" allow=\"accelerometer; autoplay; clipboard-write; encrypted-media; gyroscope; picture-in-picture\" allowfullscreen><\/iframe><\/p>\n<\/div>\n<div class=\"title__separator\" style=\"text-align: justify;\"><\/div>\n<div class=\"article__text \">\n<p style=\"text-align: justify;\"><b>Vatican News<\/b><\/p>\n<div style=\"text-align: justify;\">\n<div class=\"article__embed article__embed--unwrap article__embed--dark\">\n<div class=\"article__innerTitle\">Ou\u00e7a e compartilhe!<\/div>\n<div>\n<!--[if lt IE 9]><script>document.createElement('audio');<\/script><![endif]-->\n<audio class=\"wp-audio-shortcode\" id=\"audio-72688-1\" preload=\"none\" style=\"width: 100%;\" controls=\"controls\"><source type=\"audio\/mpeg\" src=\"https:\/\/media.vaticannews.va\/media\/audio\/s1\/2022\/02\/24\/16\/136445060_F136445060.mp3?_=1\" \/><a href=\"https:\/\/media.vaticannews.va\/media\/audio\/s1\/2022\/02\/24\/16\/136445060_F136445060.mp3\">https:\/\/media.vaticannews.va\/media\/audio\/s1\/2022\/02\/24\/16\/136445060_F136445060.mp3<\/a><\/audio><\/div>\n<\/div>\n<\/div>\n<p style=\"text-align: justify;\">Diante dos desdobramentos hodiernos da crise na Ucr\u00e2nia, tornam-se ainda mais n\u00edtidas e mais prementes as palavras que o Santo Padre Francisco pronunciou ontem ao t\u00e9rmino da Audi\u00eancia Geral: \u00e9 o que afirma o secret\u00e1rio de Estado vaticano, cardeal Pietro Parolin, numa declara\u00e7\u00e3o divulgada pela Sala de Imprensa da Santa S\u00e9 esta quinta-feira, 24 de fevereiro, dia em que a crise na Ucr\u00e2nia se transformou num conflito.<\/p>\n<p style=\"text-align: justify;\">&#8220;O Papa evocou grande dor\u00a0<i>\u2018grande dor\u2019, \u2018ang\u00fastia e preocupa\u00e7\u00e3o\u2019<\/i>. E convidou todas as partes envolvidas a\u00a0<i>\u2018abster-se de qualquer a\u00e7\u00e3o que provoque ainda mais sofrimento \u00e0s popula\u00e7\u00f5es\u2019, \u2018desestabilize a conviv\u00eancia pac\u00edfica\u2019 e desacredite o direito internacional\u2019<\/i>.&#8221;<\/p>\n<p style=\"text-align: justify;\">&#8220;Este apelo \u2013 prossegue o cardeal Parolin \u2013 adquire uma dram\u00e1tica urg\u00eancia ap\u00f3s o in\u00edcio das opera\u00e7\u00f5es militares russas no territ\u00f3rio ucraniano. Os tr\u00e1gicos cen\u00e1rios que todos temiam, infelizmente, est\u00e3o se tornando realidade.&#8221;<\/p>\n<div style=\"text-align: justify;\">\n<aside class=\"article__readmore\">\n<div class=\"teaser--labelEvidence teaser teaser--type-audio audioInside \">\n<article>\n<div class=\"teaser__labelWrapper\">\n<div class=\"teaser__label\">LEIA TAMB\u00c9M<\/div>\n<\/div>\n<div class=\"teaser__contentWrapper\">\n<figure class=\"teaser__image\">\n<div class=\"overlay-audio\"><\/div>\n<picture><source srcset=\"\/content\/dam\/vaticannews\/agenzie\/images\/ansa\/2022\/02\/24\/10\/1645695763486.jpg\/_jcr_content\/renditions\/cq5dam.thumbnail.cropped.500.281.jpeg\" media=\"(min-width: 768px)\" data-original-set=\"\/content\/dam\/vaticannews\/agenzie\/images\/ansa\/2022\/02\/24\/10\/1645695763486.jpg\/_jcr_content\/renditions\/cq5dam.thumbnail.cropped.500.281.jpeg\" \/><source srcset=\"\/content\/dam\/vaticannews\/agenzie\/images\/ansa\/2022\/02\/24\/10\/1645695763486.jpg\/_jcr_content\/renditions\/cq5dam.thumbnail.cropped.500.281.jpeg\" media=\"(min-width: 340px)\" data-original-set=\"\/content\/dam\/vaticannews\/agenzie\/images\/ansa\/2022\/02\/24\/10\/1645695763486.jpg\/_jcr_content\/renditions\/cq5dam.thumbnail.cropped.500.281.jpeg\" \/><source srcset=\"\/content\/dam\/vaticannews\/agenzie\/images\/ansa\/2022\/02\/24\/10\/1645695763486.jpg\/_jcr_content\/renditions\/cq5dam.thumbnail.cropped.500.281.jpeg\" data-original-set=\"\/content\/dam\/vaticannews\/agenzie\/images\/ansa\/2022\/02\/24\/10\/1645695763486.jpg\/_jcr_content\/renditions\/cq5dam.thumbnail.cropped.500.281.jpeg\" \/><img decoding=\"async\" class=\"loaded\" src=\"https:\/\/www.vaticannews.va\/content\/dam\/vaticannews\/agenzie\/images\/ansa\/2022\/02\/24\/10\/1645695763486.jpg\/_jcr_content\/renditions\/cq5dam.thumbnail.cropped.500.281.jpeg\" alt=\"Guerra ap\u00f3s a pandemia: amea\u00e7a \u00e0 humanidade\" data-original=\"\/content\/dam\/vaticannews\/agenzie\/images\/ansa\/2022\/02\/24\/10\/1645695763486.jpg\/_jcr_content\/renditions\/cq5dam.thumbnail.cropped.500.281.jpeg\" data-was-processed=\"true\" \/><\/picture><\/figure>\n<div class=\"teaser__info\">\n<p>24\/02\/2022<\/p>\n<div class=\"vn_social_inline_share_toolbox\" data-description=\"\" data-title=\"Guerra ap\u00f3s a pandemia: amea\u00e7a \u00e0 humanidade\" data-url=\"https:\/\/www.vaticannews.va\/pt\/vaticano\/news\/2022-02\/guerra-ucrania-apos-pandemia-apelo-papa-oracao-jejum-pela-paz.html\" data-media=\"https:\/\/www.vaticannews.va\/content\/dam\/vaticannews\/agenzie\/images\/ansa\/2022\/02\/24\/10\/1645695763486.jpg\/_jcr_content\/renditions\/cq5dam.thumbnail.cropped.500.281.jpeg\"><\/div>\n<\/div>\n<h2 class=\"teaser__title\"><a title=\"Guerra ap\u00f3s a pandemia: amea\u00e7a \u00e0 humanidade\" href=\"https:\/\/www.vaticannews.va\/pt\/vaticano\/news\/2022-02\/guerra-ucrania-apos-pandemia-apelo-papa-oracao-jejum-pela-paz.html\">Guerra ap\u00f3s a pandemia: amea\u00e7a \u00e0 humanidade<\/a><\/h2>\n<\/div>\n<\/article>\n<\/div>\n<\/aside>\n<\/div>\n<p style=\"text-align: justify;\">O cardeal secret\u00e1rio de Estado ressalta que &#8220;ainda h\u00e1 tempo para a boa vontade, ainda h\u00e1 tempo para a negocia\u00e7\u00e3o, ainda h\u00e1 tempo para o exerc\u00edcio de uma sabedoria que impe\u00e7a o prevalecer dos interesses de parte, tutele as leg\u00edtimas aspira\u00e7\u00f5es de cada um e poupe o mundo da loucura e dos horrores da guerra&#8221;.<\/p>\n<p style=\"text-align: justify;\">&#8220;N\u00f3s fi\u00e9is &#8211; conclui o cardeal Parolin &#8211; n\u00e3o perdemos a esperan\u00e7a num vislumbre de consci\u00eancia daqueles que t\u00eam o destino do mundo em suas m\u00e3os. E continuamos rezando e jejuando \u2013 o faremos na pr\u00f3xima Quarta-feira de Cinzas \u2013 pela paz na Ucr\u00e2nia e no mundo inteiro.&#8221;<\/p>\n<\/div>\n","protected":false},"excerpt":{"rendered":"<p>O cardeal secret\u00e1rio de Estado ap\u00f3s o ataque russo \u00e0 Ucr\u00e2nia: &#8220;Ainda h\u00e1 tempo para a boa vontade, ainda h\u00e1 tempo para a negocia\u00e7\u00e3o&#8221; Vatican News Ou\u00e7a e compartilhe! Diante dos desdobramentos hodiernos da crise na Ucr\u00e2nia, tornam-se ainda mais n\u00edtidas e mais prementes as palavras que o Santo Padre Francisco pronunciou ontem ao t\u00e9rmino [&hellip;]<\/p>\n","protected":false},"author":1,"featured_media":72691,"comment_status":"open","ping_status":"closed","sticky":false,"template":"","format":"standard","meta":{"footnotes":""},"categories":[13,3],"tags":[],"class_list":["post-72688","post","type-post","status-publish","format-standard","has-post-thumbnail","hentry","category-featured","category-vaticano"],"_links":{"self":[{"href":"https:\/\/catolicanet.net\/wp-cnet\/wp-json\/wp\/v2\/posts\/72688","targetHints":{"allow":["GET"]}}],"collection":[{"href":"https:\/\/catolicanet.net\/wp-cnet\/wp-json\/wp\/v2\/posts"}],"about":[{"href":"https:\/\/catolicanet.net\/wp-cnet\/wp-json\/wp\/v2\/types\/post"}],"author":[{"embeddable":true,"href":"https:\/\/catolicanet.net\/wp-cnet\/wp-json\/wp\/v2\/users\/1"}],"replies":[{"embeddable":true,"href":"https:\/\/catolicanet.net\/wp-cnet\/wp-json\/wp\/v2\/comments?post=72688"}],"version-history":[{"count":3,"href":"https:\/\/catolicanet.net\/wp-cnet\/wp-json\/wp\/v2\/posts\/72688\/revisions"}],"predecessor-version":[{"id":72692,"href":"https:\/\/catolicanet.net\/wp-cnet\/wp-json\/wp\/v2\/posts\/72688\/revisions\/72692"}],"wp:featuredmedia":[{"embeddable":true,"href":"https:\/\/catolicanet.net\/wp-cnet\/wp-json\/wp\/v2\/media\/72691"}],"wp:attachment":[{"href":"https:\/\/catolicanet.net\/wp-cnet\/wp-json\/wp\/v2\/media?parent=72688"}],"wp:term":[{"taxonomy":"category","embeddable":true,"href":"https:\/\/catolicanet.net\/wp-cnet\/wp-json\/wp\/v2\/categories?post=72688"},{"taxonomy":"post_tag","embeddable":true,"href":"https:\/\/catolicanet.net\/wp-cnet\/wp-json\/wp\/v2\/tags?post=72688"}],"curies":[{"name":"wp","href":"https:\/\/api.w.org\/{rel}","templated":true}]}}