{"id":72663,"date":"2022-02-23T09:40:19","date_gmt":"2022-02-23T12:40:19","guid":{"rendered":"https:\/\/catolicanet.net\/wp-cnet\/?p=72663"},"modified":"2022-02-23T12:42:22","modified_gmt":"2022-02-23T15:42:22","slug":"o-que-a-quaresma-tem-a-ver-com-a-campanha-da-fraternidade","status":"publish","type":"post","link":"https:\/\/catolicanet.net\/wp-cnet\/o-que-a-quaresma-tem-a-ver-com-a-campanha-da-fraternidade\/","title":{"rendered":"O QUE A QUARESMA TEM A VER COM A CAMPANHA DA FRATERNIDADE?"},"content":{"rendered":"<p style=\"text-align: justify;\"><span data-contrast=\"none\">Anualmente, a Confer\u00eancia Nacional dos Bispos do Brasil (CNBB) realiza a Campanha da Fraternidade (CF) no Tempo Lit\u00fargico da Quaresma, o per\u00edodo de prepara\u00e7\u00e3o para a P\u00e1scoa. Mas o que tem a ver a Quaresma com a Campanha da Fraternidade?\u00a0<\/span><span data-ccp-props=\"{&quot;201341983&quot;:0,&quot;335559739&quot;:160,&quot;335559740&quot;:259}\">\u00a0<\/span><\/p>\n<p style=\"text-align: justify;\"><span data-contrast=\"none\">A resposta pode ser dada a partir de alguns pontos: a origem da Campanha da Fraternidade, a proposta de convers\u00e3o do Tempo Quaresmal e a possibilidade de vivenciar a Quaresma de um modo especial, com a\u00e7\u00f5es concretas.\u00a0<\/span><span data-ccp-props=\"{&quot;201341983&quot;:0,&quot;335559739&quot;:160,&quot;335559740&quot;:259}\">\u00a0<\/span><\/p>\n<p style=\"text-align: justify;\"><span data-contrast=\"none\">\u201cA Campanha da Fraternidade nasce no contexto quaresmal, e o primeiro gesto concreto da Campanha \u00e9 o cora\u00e7\u00e3o convertido e o segundo gesto \u00e9 tratarmos realmente o tema do ano com prioridade, com reflex\u00e3o profunda para que a gente inicie uma nova etapa\u201d, explica o secret\u00e1rio executivo de Campanhas da CNBB, padre Patriky Samuel Batista.<\/span><span data-ccp-props=\"{&quot;201341983&quot;:0,&quot;335551550&quot;:1,&quot;335551620&quot;:1,&quot;335559739&quot;:160,&quot;335559740&quot;:259}\">\u00a0<\/span><span data-ccp-props=\"{&quot;201341983&quot;:0,&quot;335559739&quot;:160,&quot;335559740&quot;:259}\">\u00a0<\/span><\/p>\n<h3 style=\"text-align: justify;\"><span data-contrast=\"none\">Origem<\/span><\/h3>\n<p style=\"text-align: justify;\"><span data-contrast=\"none\">A Campanha da Fraternidade nasce a partir de uma iniciativa de arrecada\u00e7\u00e3o de recursos para atendimentos assistenciais da C\u00e1ritas Brasileira. Na Quaresma de 1962, no Rio Grande do Norte, foi realizada a primeira Campanha da Fraternidade com o convite \u00e0 solidariedade, gesto concreto da pr\u00e1tica quaresmal da esmola.\u00a0<\/span><span data-ccp-props=\"{&quot;201341983&quot;:0,&quot;335559739&quot;:160,&quot;335559740&quot;:259}\">\u00a0<\/span><span data-ccp-props=\"{&quot;201341983&quot;:0,&quot;335559739&quot;:160,&quot;335559740&quot;:259}\">\u00a0<\/span><\/p>\n<h3 style=\"text-align: justify;\"><span data-contrast=\"none\">Convers\u00e3o<\/span><span data-ccp-props=\"{&quot;201341983&quot;:0,&quot;335559739&quot;:160,&quot;335559740&quot;:259}\">\u00a0<\/span><\/h3>\n<p style=\"text-align: justify;\"><span data-contrast=\"none\">A Quaresma tamb\u00e9m \u00e9 tempo de convers\u00e3o. E a Campanha da Fraternidade possui essa proposta ao motivar \u201cum cora\u00e7\u00e3o convertido\u201d.\u00a0H\u00e1 mais de cinco d\u00e9cadas, a iniciativa anuncia a import\u00e2ncia de n\u00e3o separar a convers\u00e3o do servi\u00e7o aos irm\u00e3os e irm\u00e3s, \u00e0 sociedade e ao planeta, a Casa Comum.\u00a0<\/span><span data-ccp-props=\"{&quot;201341983&quot;:0,&quot;335559739&quot;:160,&quot;335559740&quot;:259}\">\u00a0<\/span><\/p>\n<p style=\"text-align: justify;\"><span data-contrast=\"none\">\u201cA cada ano, um tema \u00e9 destacado como sinal de que realmente necessitamos de convers\u00e3o. Em cada um dos temas espec\u00edficos tratados pela Campanha da Fraternidade h\u00e1 o convite para alargar o olhar e perceber que o pecado amea\u00e7a a vida como um todo\u201d, explicou a Presid\u00eancia da CNBB no texto-base da Campanha da Fraternidade de 2019.<\/span><span data-ccp-props=\"{&quot;201341983&quot;:0,&quot;335559739&quot;:160,&quot;335559740&quot;:259}\">\u00a0<\/span><\/p>\n<p style=\"text-align: justify;\"><span data-contrast=\"none\">Citando o Papa Francisco, a Presid\u00eancia da CNBB recorda que a \u201cQuaresma \u00e9 tempo favor\u00e1vel para sairmos de nossa aliena\u00e7\u00e3o existencial causada pelo pecado\u201d, \u00e9 \u201ctempo de abertura ao mist\u00e9rio da dor e da morte, da cruz, do Crucificado, Vencedor da morte\u201d.\u00a0<\/span><span data-ccp-props=\"{&quot;201341983&quot;:0,&quot;335559739&quot;:160,&quot;335559740&quot;:259}\">\u00a0<\/span><\/p>\n<p style=\"text-align: justify;\"><span data-contrast=\"none\">No Tempo Quaresmal, a liturgia e a catequese voltam-se para a lembran\u00e7a e a prepara\u00e7\u00e3o do Batismo, assim como os catec\u00famenos faziam no in\u00edcio da Igreja, exigindo profunda reorienta\u00e7\u00e3o de vida e convers\u00e3o de cora\u00e7\u00e3o.\u00a0<\/span><span data-ccp-props=\"{&quot;201341983&quot;:0,&quot;335559739&quot;:160,&quot;335559740&quot;:259}\">\u00a0<\/span><\/p>\n<p style=\"text-align: justify;\"><span data-contrast=\"none\">\u201cE \u00e9 a medita\u00e7\u00e3o da Palavra de Deus, os exerc\u00edcios espirituais que n\u00f3s fazemos, e as pr\u00e1ticas que n\u00f3s j\u00e1 conhecemos que v\u00e3o nos ajudar a fazer essa boa prepara\u00e7\u00e3o. Um cora\u00e7\u00e3o convertido, jamais ser\u00e1 indiferente aos irm\u00e3os e irm\u00e3s. Um cora\u00e7\u00e3o convertido \u00e9 um cora\u00e7\u00e3o fraterno. Ent\u00e3o, n\u00e3o tenha medo da fraternidade, ela \u00e9 irm\u00e3 g\u00eamea da convers\u00e3o\u201d, orienta padre Patriky.<\/span><span data-ccp-props=\"{&quot;201341983&quot;:0,&quot;335559739&quot;:160,&quot;335559740&quot;:259}\">\u00a0<\/span><\/p>\n<p style=\"text-align: justify;\"><span data-contrast=\"none\">Em\u00a0<a title=\"Campanha da Fraternidade e tempo quaresmal\" href=\"https:\/\/campanhas.cnbb.org.br\/wp-content\/uploads\/2021\/09\/Campanha-da-Fraternidade-e-tempo-quaresmal.pdf\" target=\"_blank\" rel=\"noopener\" data-schema-attribute=\"\">artigo sobre a rela\u00e7\u00e3o da\u00a0<\/a><\/span><span data-contrast=\"auto\"><a href=\"https:\/\/campanhas.cnbb.org.br\/wp-content\/uploads\/2021\/09\/Campanha-da-Fraternidade-e-tempo-quaresmal.pdf\" target=\"_blank\" rel=\"noopener\">Campanha da Fraternidade e o tempo quaresmal<\/a>, a assessora da Comiss\u00e3o para a Juventude da\u00a0CNBB, irm\u00e3 Val\u00e9ria Andrade Leal, ressalta que o seguimento a que Cristo convida consiste \u201cno processo de aprender d\u2019Ele a realizar a vontade do Pai para n\u00f3s, para toda a humanidade\u201d. E \u00e9 essa din\u00e2mica que acontece na Quaresma, \u201cte<\/span><span data-contrast=\"none\">mpo de retomar, avaliar e reavivar nossa op\u00e7\u00e3o por estar no seguimento do Mestre, escolhendo com ele a vontade de Deus sobre n\u00f3s\u201d.<\/span><span data-ccp-props=\"{&quot;201341983&quot;:0,&quot;335559739&quot;:160,&quot;335559740&quot;:259}\">\u00a0<\/span><\/p>\n<p style=\"text-align: justify;\"><span data-contrast=\"auto\">\u201cA quaresma para n\u00f3s n\u00e3o \u00e9 deserto do isolamento, mas do sil\u00eancio donde brota a experi\u00eancia de encontro com o Pai, que nos faz compassivos, \u00e0 semelhan\u00e7a do Mestre. Logo, caminhando com Ele, n\u00e3o podemos passar ao largo daqueles a quem Ele se acerca. A Campanha da Fraternidade nos ajuda a fazer este exerc\u00edcio. Quaresma \u00e9 exerc\u00edcio de santidade. Santidade \u00e9 assumir o projeto de Deus tal como nos mostra Jesus: at\u00e9 as \u00faltimas consequ\u00eancias, mas a partir das coisas pequenas, como nos ensina a vida de tantos santos e santas\u201d, orienta irm\u00e3 Val\u00e9ria.<\/span><span data-ccp-props=\"{&quot;201341983&quot;:0,&quot;335559739&quot;:160,&quot;335559740&quot;:259}\">\u00a0<\/span><span data-ccp-props=\"{&quot;201341983&quot;:0,&quot;335559739&quot;:160,&quot;335559740&quot;:259}\">\u00a0<\/span><\/p>\n<h3 style=\"text-align: justify;\"><span data-contrast=\"none\">Modo de viver a Quaresma<\/span><span data-ccp-props=\"{&quot;201341983&quot;:0,&quot;335559739&quot;:160,&quot;335559740&quot;:259}\">\u00a0<\/span><\/h3>\n<p style=\"text-align: justify;\"><span data-contrast=\"none\">A Campanha da Fraternidade ilumina de modo particular os gestos fundamentais desse tempo lit\u00fargico: a ora\u00e7\u00e3o, o jejum e a esmola. Assim, a iniciativa promovida pela CNBB tem a finalidade principal vivenciar e assumir a dimens\u00e3o comunit\u00e1ria e social da Quaresma.<\/span><span data-ccp-props=\"{&quot;201341983&quot;:0,&quot;335559739&quot;:160,&quot;335559740&quot;:259}\">\u00a0<\/span><\/p>\n<p style=\"text-align: justify;\"><span data-contrast=\"none\">A Campanha da Fraternidade \u00e9 um dos modos de viver a espiritualidade quaresmal. Ou seja, n\u00e3o se esgota a Quaresma na viv\u00eancia da Campanha, mas a Campanha tamb\u00e9m n\u00e3o contradiz a viv\u00eancia quaresmal, pelo contr\u00e1rio, a enriquece.<\/span><span data-ccp-props=\"{&quot;201341983&quot;:0,&quot;335559739&quot;:160,&quot;335559740&quot;:259}\">\u00a0<\/span><\/p>\n<p style=\"text-align: justify;\"><span data-contrast=\"none\">A cada ano, um tema \u00e9 destacado como sinal de que realmente necessitamos de convers\u00e3o. Em cada um dos temas espec\u00edficos tratados pela Campanha da Fraternidade h\u00e1 o convite para alargar o olhar e perceber que o pecado amea\u00e7a a vida como um todo.<\/span><span data-ccp-props=\"{&quot;201341983&quot;:0,&quot;335559739&quot;:160,&quot;335559740&quot;:259}\">\u00a0<\/span><\/p>\n<p style=\"text-align: justify;\"><span data-contrast=\"none\">A partir dos temas, as campanhas prop\u00f5em um programa quaresmal<\/span><span data-ccp-props=\"{&quot;201341983&quot;:0,&quot;335559739&quot;:160,&quot;335559740&quot;:259}\">\u00a0<\/span><\/p>\n<ul style=\"text-align: justify;\">\n<li data-leveltext=\"-\" data-font=\"Calibri\" data-listid=\"1\" aria-setsize=\"-1\" data-aria-posinset=\"1\" data-aria-level=\"1\"><span data-contrast=\"none\">Escuta da Palavra que converte o cora\u00e7\u00e3o<\/span><span data-ccp-props=\"{&quot;201341983&quot;:0,&quot;335559739&quot;:160,&quot;335559740&quot;:259}\">\u00a0<\/span><\/li>\n<li data-leveltext=\"-\" data-font=\"Calibri\" data-listid=\"1\" aria-setsize=\"-1\" data-aria-posinset=\"2\" data-aria-level=\"1\"><span data-contrast=\"none\">Verdadeira aten\u00e7\u00e3o pelos outros<\/span><span data-ccp-props=\"{&quot;201341983&quot;:0,&quot;335559739&quot;:160,&quot;335559740&quot;:259}\">\u00a0<\/span><\/li>\n<li data-leveltext=\"-\" data-font=\"Calibri\" data-listid=\"1\" aria-setsize=\"-1\" data-aria-posinset=\"3\" data-aria-level=\"1\"><span data-contrast=\"none\">Romper com a indiferen\u00e7a frente ao sofrimento<\/span><span data-ccp-props=\"{&quot;201341983&quot;:0,&quot;335559739&quot;:160,&quot;335559740&quot;:259}\">\u00a0<\/span><\/li>\n<li data-leveltext=\"-\" data-font=\"Calibri\" data-listid=\"1\" aria-setsize=\"-1\" data-aria-posinset=\"3\" data-aria-level=\"1\"><span data-contrast=\"none\">Disponibilidade para o servi\u00e7o<\/span><\/li>\n<\/ul>\n<h3 style=\"text-align: justify;\"><span data-contrast=\"none\">Mensagens do Papa<\/span><span data-ccp-props=\"{&quot;201341983&quot;:0,&quot;335559739&quot;:160,&quot;335559740&quot;:259}\">\u00a0<\/span><\/h3>\n<p style=\"text-align: justify;\"><span data-contrast=\"none\">Padre Patriky tamb\u00e9m recorda que os Papa incentivam a viv\u00eancia da Campanha da Fraternidade como parte do itiner\u00e1rio quaresmal. \u201cSempre nas mensagens se faz essa rela\u00e7\u00e3o bonita da Campanha da Fraternidade com o per\u00edodo quaresmal\u201d.<\/span><span data-ccp-props=\"{&quot;201341983&quot;:0,&quot;335551550&quot;:1,&quot;335551620&quot;:1,&quot;335559739&quot;:160,&quot;335559740&quot;:259}\">\u00a0<\/span><\/p>\n<p style=\"text-align: justify;\"><span data-contrast=\"none\">Na mensagem para a CF de 1979, S\u00e3o Jo\u00e3o Paulo II falava da necessidade de viver a quaresma com ascese pessoal, mas sem esquecer da import\u00e2ncia do doar-se. Em suas pr\u00f3prias palavras: \u201cDar mostras dessa convers\u00e3o ao amor de Deus com gestos concretos de amor ao pr\u00f3ximo\u201d.<\/span><span data-ccp-props=\"{&quot;201341983&quot;:0,&quot;335551550&quot;:1,&quot;335551620&quot;:1,&quot;335559739&quot;:160,&quot;335559740&quot;:259}\">\u00a0<\/span><\/p>\n<p style=\"text-align: justify;\"><span data-contrast=\"none\">Em 2007, a mensagem do Papa Bento XVI afirmava: \u201cAo iniciar o itiner\u00e1rio espiritual da Quaresma, a caminho da P\u00e1scoa da ressurrei\u00e7\u00e3o do Senhor, desejo uma vez mais aderir \u00e0 Campanha da Fraternidade (\u2026) tempo em que cada crist\u00e3o \u00e9 convidado a refletir de modo particular sobre as v\u00e1rias situa\u00e7\u00f5es sociais do povo brasileiro que requerem maior fraternidade\u201d.<\/span><span data-ccp-props=\"{&quot;201341983&quot;:0,&quot;335551550&quot;:1,&quot;335551620&quot;:1,&quot;335559739&quot;:160,&quot;335559740&quot;:259}\">\u00a0<\/span><\/p>\n<div class=\"iframely-embed\" style=\"text-align: justify;\">\n<div class=\"iframely-responsive\"><iframe src=\"https:\/\/if-cdn.com\/rZZgMWL?maxheight=1000&amp;v=1&amp;app=1\" allowfullscreen=\"allowfullscreen\" data-mce-fragment=\"1\"><\/iframe><\/div>\n<\/div>\n<blockquote><p><span data-contrast=\"none\">\u201cSe toda a din\u00e2mica da Quaresma \u00e9 resgatar a catequese batismal, viver a Campanha da Fraternidade, \u00e9 viver tamb\u00e9m o nosso batismo\u201d, destaca Patriky.<\/span><span data-ccp-props=\"{&quot;201341983&quot;:0,&quot;335559739&quot;:160,&quot;335559740&quot;:259}\">\u00a0<\/span><\/p><\/blockquote>\n<p style=\"text-align: justify;\"><span data-ccp-props=\"{&quot;201341983&quot;:0,&quot;335559739&quot;:160,&quot;335559740&quot;:259}\">\u00a0<\/span><\/p>\n<h3 style=\"text-align: justify;\"><span data-contrast=\"none\">Motiva\u00e7\u00e3o lit\u00fargica<\/span><span data-ccp-props=\"{&quot;201341983&quot;:0,&quot;335559739&quot;:160,&quot;335559740&quot;:259}\">\u00a0<\/span><\/h3>\n<p style=\"text-align: justify;\"><span data-contrast=\"none\">A Campanha da Fraternidade tamb\u00e9m busca atender ao que a Igreja orienta na liturgia celebrada. \u201cO pref\u00e1cio do tempo quaresmal fala em imitar a miseric\u00f3rdia do Pai, repartir o p\u00e3o com os necessitados, que o cora\u00e7\u00e3o convertido vai ser sempre um cora\u00e7\u00e3o solid\u00e1rio. E o que a Igreja pede \u00e9 exatamente isto: que nesse caminho de prepara\u00e7\u00e3o para a P\u00e1scoa, a gente dedique um tempo tamb\u00e9m para pensar a nossa rela\u00e7\u00e3o com a educa\u00e7\u00e3o\u201d, explica Patriky, situando na reflex\u00e3o proposta neste ano de 2022, com o tema \u201cFraternidade e Educa\u00e7\u00e3o\u201d.<\/span><span data-ccp-props=\"{&quot;201341983&quot;:0,&quot;335559739&quot;:160,&quot;335559740&quot;:259}\">\u00a0<\/span><\/p>\n<p style=\"text-align: justify;\"><span data-contrast=\"none\">Al\u00e9m dos pref\u00e1cios das Ora\u00e7\u00f5es Eucar\u00edsticas do tempo quaresmal, a Constitui\u00e7\u00e3o Conciliar\u00a0<em>Sacrosanctum Concilium<\/em> sobre a Sagrada Liturgia ensina que \u201ca penit\u00eancia quaresmal deve ser tamb\u00e9m externa e social, que n\u00e3o s\u00f3 interna e individual\u201d. Assim, o documento rege que seja estimulada a pr\u00e1tica da penit\u00eancia, \u201cadaptada ao nosso tempo, \u00e0s possibilidades das diversas regi\u00f5es e \u00e0 condi\u00e7\u00e3o de cada um dos fi\u00e9is\u201d.<\/span><\/p>\n<p style=\"text-align: justify;\">Acesse o site de Campanhas da CNBB:<\/p>\n<p style=\"text-align: justify;\"><a href=\"https:\/\/campanhas.cnbb.org.br\/\" target=\"_blank\" rel=\"noopener\">Campanhas \u2013 CNBB<\/a><\/p>\n","protected":false},"excerpt":{"rendered":"<p>Anualmente, a Confer\u00eancia Nacional dos Bispos do Brasil (CNBB) realiza a Campanha da Fraternidade (CF) no Tempo Lit\u00fargico da Quaresma, o per\u00edodo de prepara\u00e7\u00e3o para a P\u00e1scoa. Mas o que tem a ver a Quaresma com a Campanha da Fraternidade?\u00a0\u00a0 A resposta pode ser dada a partir de alguns pontos: a origem da Campanha da [&hellip;]<\/p>\n","protected":false},"author":1,"featured_media":72664,"comment_status":"open","ping_status":"closed","sticky":false,"template":"","format":"standard","meta":{"footnotes":""},"categories":[7,13],"tags":[],"class_list":["post-72663","post","type-post","status-publish","format-standard","has-post-thumbnail","hentry","category-cnbb","category-featured"],"_links":{"self":[{"href":"https:\/\/catolicanet.net\/wp-cnet\/wp-json\/wp\/v2\/posts\/72663","targetHints":{"allow":["GET"]}}],"collection":[{"href":"https:\/\/catolicanet.net\/wp-cnet\/wp-json\/wp\/v2\/posts"}],"about":[{"href":"https:\/\/catolicanet.net\/wp-cnet\/wp-json\/wp\/v2\/types\/post"}],"author":[{"embeddable":true,"href":"https:\/\/catolicanet.net\/wp-cnet\/wp-json\/wp\/v2\/users\/1"}],"replies":[{"embeddable":true,"href":"https:\/\/catolicanet.net\/wp-cnet\/wp-json\/wp\/v2\/comments?post=72663"}],"version-history":[{"count":2,"href":"https:\/\/catolicanet.net\/wp-cnet\/wp-json\/wp\/v2\/posts\/72663\/revisions"}],"predecessor-version":[{"id":72666,"href":"https:\/\/catolicanet.net\/wp-cnet\/wp-json\/wp\/v2\/posts\/72663\/revisions\/72666"}],"wp:featuredmedia":[{"embeddable":true,"href":"https:\/\/catolicanet.net\/wp-cnet\/wp-json\/wp\/v2\/media\/72664"}],"wp:attachment":[{"href":"https:\/\/catolicanet.net\/wp-cnet\/wp-json\/wp\/v2\/media?parent=72663"}],"wp:term":[{"taxonomy":"category","embeddable":true,"href":"https:\/\/catolicanet.net\/wp-cnet\/wp-json\/wp\/v2\/categories?post=72663"},{"taxonomy":"post_tag","embeddable":true,"href":"https:\/\/catolicanet.net\/wp-cnet\/wp-json\/wp\/v2\/tags?post=72663"}],"curies":[{"name":"wp","href":"https:\/\/api.w.org\/{rel}","templated":true}]}}