{"id":72660,"date":"2022-02-23T09:35:34","date_gmt":"2022-02-23T12:35:34","guid":{"rendered":"https:\/\/catolicanet.net\/wp-cnet\/?p=72660"},"modified":"2022-02-23T12:39:05","modified_gmt":"2022-02-23T15:39:05","slug":"encontro-do-papa-com-universitarios-da-america-ser-a-voz-de-muitos","status":"publish","type":"post","link":"https:\/\/catolicanet.net\/wp-cnet\/encontro-do-papa-com-universitarios-da-america-ser-a-voz-de-muitos\/","title":{"rendered":"Encontro do Papa com universit\u00e1rios da Am\u00e9rica: &#8220;ser a voz de muitos&#8221;"},"content":{"rendered":"<figure class=\"article__image\" style=\"text-align: justify;\"><span class=\"didascalia_img\">Encontro universit\u00e1rios da Am\u00e9rica &#8211; Papa Francisco\u00a0<\/span><\/figure>\n<div class=\"article__meta \" data-mediatype=\"\">\n<div class=\"article__subTitle\" style=\"text-align: justify;\">O Papa Francisco se encontrar\u00e1 virtualmente, em um evento promovido pela Loyola University Chicago e pela Pontif\u00edcia Comiss\u00e3o para a Am\u00e9rica Latina (CAL), com estudantes universit\u00e1rios de todas as Am\u00e9ricas para falar sobre o fen\u00f4meno da migra\u00e7\u00e3o e como construir pontes Norte-Sul.<\/div>\n<div class=\"title__separator\" style=\"text-align: justify;\"><\/div>\n<div class=\"article__text \">\n<p style=\"text-align: justify;\"><b>Padre Modino \u2013 CELAM<\/b><\/p>\n<p style=\"text-align: justify;\">Nesta quinta-feira, 24 de fevereiro, ser\u00e1 realizado um encontro que muitos j\u00e1 descreveram como hist\u00f3rico. O Papa Francisco se encontrar\u00e1 virtualmente, em um evento promovido pela Loyola University Chicago e pela Pontif\u00edcia Comiss\u00e3o para a Am\u00e9rica Latina (CAL), com estudantes universit\u00e1rios de todas as Am\u00e9ricas para falar sobre o fen\u00f4meno da migra\u00e7\u00e3o e como construir pontes Norte-Sul. Todavia, com Francisco acostumado a deixar de lado o roteiro estabelecido, poder\u00e1 haver muitos outros t\u00f3picos a serem abordados.<\/p>\n<p style=\"text-align: justify;\">Na sala de zoom estar\u00e1 a brasileira Marina Pascual Pizoni, estudante da Faculdade Jesu\u00edta de Filosofia e Teologia (FAJE) em Belo Horizonte, a guatemalteca Maria Fernanda Puddy, estudante de economia da Universidade Rafael Land\u00edvar, o boliviano Nicol\u00e1s Melendres, estudante de direito da Universidade Mayor de San Andr\u00e9s em La Paz, e o americano Jesus Francisco Estrada Junior, da Universidade Loyola Marymount.<\/p>\n<div style=\"text-align: justify;\">\n<div class=\"article__embed article__embed--unwrap article__embed--photo\">\n<figure><picture><img decoding=\"async\" class=\"loaded\" src=\"https:\/\/www.vaticannews.va\/content\/dam\/vaticannews\/multimedia\/2022\/02\/23\/Senza-titolo-14.jpg\/_jcr_content\/renditions\/cq5dam.thumbnail.cropped.750.422.jpeg\" alt=\"Universit\u00e1rios\" data-original=\"\/content\/dam\/vaticannews\/multimedia\/2022\/02\/23\/Senza-titolo-14.jpg\/_jcr_content\/renditions\/cq5dam.thumbnail.cropped.750.422.jpeg\" data-was-processed=\"true\" \/><\/picture><\/figure>\n<div class=\"photo_embed--Title\">Universit\u00e1rios<\/div>\n<\/div>\n<\/div>\n<p style=\"text-align: justify;\">O encontro trar\u00e1 \u00e0 tona as experi\u00eancias das reuni\u00f5es preparat\u00f3rias, onde &#8221; cada um poderia falar de sua realidade&#8221;, diz Marina Pascual Pizoni. Em seu caso, ela come\u00e7ou encontrando estudantes universit\u00e1rios de todos os cantos do Brasil, onde as experi\u00eancias daqueles que tinham que &#8220;sair do seu lugar para buscar melhores oportunidades &#8221; vieram \u00e0 tona. A partir disso, &#8220;n\u00f3s fomos construindo um pensamento que estivesse em comunh\u00e3o com todas essas realidades do Brasil&#8221;, e depois se encontraram com estudantes da Am\u00e9rica do Sul, Am\u00e9rica Central e Am\u00e9rica do Norte.<\/p>\n<p style=\"text-align: justify;\">Nestes encontros, &#8220;n\u00f3s pudemos conhecer um pouco mais de como essas mais variadas culturas se expressam nesse movimento de migra\u00e7\u00e3o, como o pa\u00eds sofre na quest\u00e3o da sua popula\u00e7\u00e3o tenha que se deslocar para encontrar uma oportunidade melhor de vida, uma oportunidade que possa se sustentar, mesmo que n\u00e3o deseje \u00b4perder as suas ra\u00edzes&#8221;, enfatiza o estudante da FAJE de Belo Horizonte. Foi uma oportunidade para ver as causas do sofrimento, mas tamb\u00e9m &#8220;ver quem pode ajudar mais a quem, quem pode fornecer mais estruturas, um financiamento mais adequado para determinados pa\u00edses, e assim poder caminhar juntos nessa vis\u00e3o totalizante da Am\u00e9rica toda, s\u00f3 que ainda vendo as particularidades de cada cultura&#8221;.<\/p>\n<p style=\"text-align: justify;\">Neste sentido, o representante dos EUA afirma que &#8220;a coisa mais importante deste projeto n\u00e3o tem sido encontrar o Papa, mas conhecer uns aos outros, estudantes daqui, dos Estados Unidos, com estudantes da Am\u00e9rica Central, da Am\u00e9rica Latina, estudantes de mais de 21 pa\u00edses, e eu acho que \u00e9 realmente algo importante&#8221;.<\/p>\n<div style=\"text-align: justify;\">\n<div class=\"article__embed article__embed--unwrap article__embed--photo\">\n<figure><picture><img decoding=\"async\" class=\"loaded\" src=\"https:\/\/www.vaticannews.va\/content\/dam\/vaticannews\/multimedia\/2022\/02\/23\/Senza-titolo-22.jpg\/_jcr_content\/renditions\/cq5dam.thumbnail.cropped.750.422.jpeg\" alt=\"Universit\u00e1ria\" data-original=\"\/content\/dam\/vaticannews\/multimedia\/2022\/02\/23\/Senza-titolo-22.jpg\/_jcr_content\/renditions\/cq5dam.thumbnail.cropped.750.422.jpeg\" data-was-processed=\"true\" \/><\/picture><\/figure>\n<div class=\"photo_embed--Title\">Universit\u00e1ria<\/div>\n<\/div>\n<\/div>\n<p style=\"text-align: justify;\">Todos eles se sentem privilegiados de poder encontrar algu\u00e9m por quem sentem &#8220;profundo respeito e devo\u00e7\u00e3o&#8221;, como afirma Melendres, que destaca o papel de Emilce Cuda, a te\u00f3loga argentina recentemente nomeada secret\u00e1ria da CAL, &#8220;nesta abertura que a Igreja estaria fazendo&#8221;. Este momento, que ele v\u00ea como &#8220;algo muito relevante e muito importante&#8221;, \u00e9 visto como uma oportunidade para aprender com o Papa &#8220;o que ele tem para nos dizer e o apoio que ele pode nos dar&#8221;, de acordo com Mar\u00eda Fernanda Puddy.<\/p>\n<p style=\"text-align: justify;\">Jes\u00fas Francisco, que diz gostar de ser chamado de Paco, define-o como &#8220;a coisa mais importante que aconteceu na minha curta vida, poder dizer que vou encontrar o Papa me enche de emo\u00e7\u00e3o, \u00e9 algo que eu nunca esperei&#8221;. Tem sido at\u00e9 emocionante para seus pais, migrantes de origem mexicana que cruzaram a fronteira d\u00e9cadas atr\u00e1s. Todos eles s\u00e3o cat\u00f3licos e sentem grande alegria, nas palavras do estudante de Teologia de 20 anos.<\/p>\n<p style=\"text-align: justify;\">O encontro \u00e9 &#8220;uma clara express\u00e3o da sinodalidade&#8221;, segundo a representante brasileira, que destaca &#8220;esta oportunidade de ser escutados, de sermos acolhidos, de conhecermos essas distintas perspectivas dos jovens universit\u00e1rios sobre as problem\u00e1ticas mundiais, principalmente no que toca \u00e0 problem\u00e1tica da migra\u00e7\u00e3o&#8221;. Isto lhe d\u00e1 grandes expectativas, incluindo &#8220;compreender mais como ser Igreja, como ser uma Igreja sinodal, como ser uma Igreja verdadeiramente solid\u00e1ria&#8221;, e ser uma pe\u00e7a que melhor atue para a constru\u00e7\u00e3o dessa Igreja sinodal que ele tanto nos prop\u00f5e.<\/p>\n<div style=\"text-align: justify;\">\n<div class=\"article__embed article__embed--unwrap article__embed--photo\">\n<figure><picture><img decoding=\"async\" class=\"loaded\" src=\"https:\/\/www.vaticannews.va\/content\/dam\/vaticannews\/multimedia\/2022\/02\/23\/Senza-titolo-31.jpg\/_jcr_content\/renditions\/cq5dam.thumbnail.cropped.750.422.jpeg\" alt=\"Universit\u00e1rio\" data-original=\"\/content\/dam\/vaticannews\/multimedia\/2022\/02\/23\/Senza-titolo-31.jpg\/_jcr_content\/renditions\/cq5dam.thumbnail.cropped.750.422.jpeg\" data-was-processed=\"true\" \/><\/picture><\/figure>\n<div class=\"photo_embed--Title\">Universit\u00e1rio<\/div>\n<\/div>\n<\/div>\n<p style=\"text-align: justify;\">S\u00e3o jovens que destacam a aten\u00e7\u00e3o da Igreja aos mais fracos, nas palavras do jovem boliviano, que v\u00ea neste cuidado com os mais pobres, uma explicita\u00e7\u00e3o do &#8220;que Jesus Cristo nos ensinou&#8221;. Entre os mais vulner\u00e1veis est\u00e3o aqueles que sofrem com a migra\u00e7\u00e3o for\u00e7ada, v\u00edtimas de &#8220;processos de \u00eaxodo que ocorrem como resultado de processos hist\u00f3ricos externos ao nosso continente, que t\u00eam condicionado a pol\u00edtica interna de nossas na\u00e7\u00f5es e a soberania nacional, no que diz respeito \u00e0s determina\u00e7\u00f5es sobre a distribui\u00e7\u00e3o da riqueza, a redu\u00e7\u00e3o da desigualdade, a soberania e o uso de nossos recursos naturais&#8221;, segundo o estudante da Universidade Mayor de San Andr\u00e9s.<\/p>\n<p style=\"text-align: justify;\">De fato, falar com o Papa sobre migra\u00e7\u00e3o &#8220;significa poder ter voz para pa\u00edses como o nosso&#8221;, insiste a jovem mulher centro-americana, &#8220;onde muitas vezes as pessoas que sofrem os problemas da migra\u00e7\u00e3o n\u00e3o t\u00eam voz e n\u00e3o t\u00eam ningu\u00e9m que as escute&#8221;. Por esta raz\u00e3o, ela quer aproveitar o encontro com o Papa Francisco para &#8220;poder compartilhar a realidade que estamos vivendo no pa\u00eds e ser a voz de muitos&#8221;, e tamb\u00e9m para aprender com sua sabedoria, algo importante para os jovens &#8220;que eu acredito que podem ser os que fazem uma mudan\u00e7a na realidade&#8221;, segundo Maria Fernanda Puddy.<\/p>\n<p style=\"text-align: justify;\">Tudo relacionado \u00e0 migra\u00e7\u00e3o \u00e9 algo importante para Paco, algo de sua casa, algo que toca o cora\u00e7\u00e3o de algu\u00e9m que um dia quer ser um advogado a trabalhar com migrantes. Ele enfatiza que os migrantes muitas vezes n\u00e3o t\u00eam suas vozes ouvidas, est\u00e3o nas periferias da sociedade e t\u00eam experi\u00eancias muito feias. Da\u00ed a import\u00e2ncia de um evento para &#8220;unir tantas vozes de pessoas que s\u00e3o migrantes ou filhos de migrantes para poder realizar ideias diferentes, temas diferentes, para poder dar voz aos migrantes&#8221;.<\/p>\n<p style=\"text-align: justify;\">Em pa\u00edses que sofrem por causa de &#8220;d\u00edvidas impostas, que condicionam a economia interna e geram imensos processos de pobreza e ao mesmo tempo de desemprego, hoje acentuado pelo fen\u00f4meno da pandemia&#8221;, como diz Melendres. Trata-se de &#8220;construir uma pol\u00edtica p\u00fablica que possa ajudar a vida dessas pessoas&#8221;, diz Marina Pascual Pizoni. Sabendo que ainda \u00e9 uma coisa pequena, &#8220;est\u00e3o sendo lan\u00e7adas algumas sementes no meio dos nossos grupos, das nossas reuni\u00f5es que nos interpelam a nos organizarmos mais e possibilitar que essas pessoas possam ter esse direito de ser ouvidas e se elas desejarem de permanecer, de n\u00e3o estarem sempre como alvo dessas pol\u00edticas e da economia que s\u00e3o t\u00e3o violentas para conosco&#8221;, segundo a representante brasileira.<\/p>\n<p style=\"text-align: justify;\">Por esta raz\u00e3o, ela insiste que &#8220;essa constru\u00e7\u00e3o de pontes Norte-Sul \u00e9 que nos permite colaborar com esses que sofrem, com o movimento de migra\u00e7\u00e3o for\u00e7ada, aqueles que n\u00e3o podem permanecer no local que desejam&#8221;. Para Marina, o encontro &#8220;faz que nos atentemos mais ainda a essa realidade de migra\u00e7\u00e3o for\u00e7ada e nos impele a estarmos mais unidos na promo\u00e7\u00e3o de fornecer essa possibilidade de as pessoas escolher onde elas querem ficar, se elas querem permanecer, se elas querem mudar, mas que n\u00e3o seja feito de uma forma violenta&#8221;.<\/p>\n<p style=\"text-align: justify;\">Um encontro que gera expectativas, entre elas que &#8220;nosso Papa Francisco possa ouvir este pedido da Am\u00e9rica Latina e fazer com que chegue aos ouvidos de todos os meios de comunica\u00e7\u00e3o do mundo e dos principais l\u00edderes mundiais&#8221;, segundo o representante boliviano, procurando &#8220;exortar nossos povos a reivindicar uma voca\u00e7\u00e3o para a igualdade e a cuidar sempre dos mais fracos&#8221;. Uma necessidade em uma sociedade imersa em &#8220;situa\u00e7\u00f5es ca\u00f3ticas e dif\u00edceis&#8221;, de acordo com Maria Fernanda Puddy, que apela para uma busca de esperan\u00e7a, algo que pode ser ajudado por um Papa que ela v\u00ea como algu\u00e9m com a capacidade de ter uma vis\u00e3o de longo prazo, uma vis\u00e3o clara da realidade, que pode fornecer motiva\u00e7\u00e3o e mostrar o caminho a seguir.<\/p>\n<p style=\"text-align: justify;\">Em um pa\u00eds como os Estados Unidos com um grande n\u00famero de cat\u00f3licos e migrantes, &#8220;o Papa, como um dos l\u00edderes mais influentes do mundo, tem a oportunidade de nos ouvir e escutar as vozes dos migrantes e poder expressar a quest\u00e3o da imigra\u00e7\u00e3o para todo o mundo e para todos os Estados Unidos&#8221;, afirma Jos\u00e9 Francisco. O estudante da Universidade Loyola Marymount lembra que o Papa diz que &#8220;n\u00f3s jovens n\u00e3o somos o futuro, n\u00f3s somos o presente, o agora&#8221;. Da\u00ed a import\u00e2ncia de considerar suas vozes, pois, como ele aponta, &#8220;muitos jovens l\u00edderes est\u00e3o fazendo um bom trabalho para abordar a quest\u00e3o da migra\u00e7\u00e3o e ajudar os migrantes&#8221;.<\/p>\n<\/div>\n<\/div>\n","protected":false},"excerpt":{"rendered":"<p>Encontro universit\u00e1rios da Am\u00e9rica &#8211; Papa Francisco\u00a0 O Papa Francisco se encontrar\u00e1 virtualmente, em um evento promovido pela Loyola University Chicago e pela Pontif\u00edcia Comiss\u00e3o para a Am\u00e9rica Latina (CAL), com estudantes universit\u00e1rios de todas as Am\u00e9ricas para falar sobre o fen\u00f4meno da migra\u00e7\u00e3o e como construir pontes Norte-Sul. Padre Modino \u2013 CELAM Nesta quinta-feira, [&hellip;]<\/p>\n","protected":false},"author":1,"featured_media":72661,"comment_status":"open","ping_status":"closed","sticky":false,"template":"","format":"standard","meta":{"footnotes":""},"categories":[3],"tags":[],"class_list":["post-72660","post","type-post","status-publish","format-standard","has-post-thumbnail","hentry","category-vaticano"],"_links":{"self":[{"href":"https:\/\/catolicanet.net\/wp-cnet\/wp-json\/wp\/v2\/posts\/72660","targetHints":{"allow":["GET"]}}],"collection":[{"href":"https:\/\/catolicanet.net\/wp-cnet\/wp-json\/wp\/v2\/posts"}],"about":[{"href":"https:\/\/catolicanet.net\/wp-cnet\/wp-json\/wp\/v2\/types\/post"}],"author":[{"embeddable":true,"href":"https:\/\/catolicanet.net\/wp-cnet\/wp-json\/wp\/v2\/users\/1"}],"replies":[{"embeddable":true,"href":"https:\/\/catolicanet.net\/wp-cnet\/wp-json\/wp\/v2\/comments?post=72660"}],"version-history":[{"count":1,"href":"https:\/\/catolicanet.net\/wp-cnet\/wp-json\/wp\/v2\/posts\/72660\/revisions"}],"predecessor-version":[{"id":72662,"href":"https:\/\/catolicanet.net\/wp-cnet\/wp-json\/wp\/v2\/posts\/72660\/revisions\/72662"}],"wp:featuredmedia":[{"embeddable":true,"href":"https:\/\/catolicanet.net\/wp-cnet\/wp-json\/wp\/v2\/media\/72661"}],"wp:attachment":[{"href":"https:\/\/catolicanet.net\/wp-cnet\/wp-json\/wp\/v2\/media?parent=72660"}],"wp:term":[{"taxonomy":"category","embeddable":true,"href":"https:\/\/catolicanet.net\/wp-cnet\/wp-json\/wp\/v2\/categories?post=72660"},{"taxonomy":"post_tag","embeddable":true,"href":"https:\/\/catolicanet.net\/wp-cnet\/wp-json\/wp\/v2\/tags?post=72660"}],"curies":[{"name":"wp","href":"https:\/\/api.w.org\/{rel}","templated":true}]}}