{"id":72654,"date":"2022-02-23T09:20:12","date_gmt":"2022-02-23T12:20:12","guid":{"rendered":"https:\/\/catolicanet.net\/wp-cnet\/?p=72654"},"modified":"2022-02-23T12:24:57","modified_gmt":"2022-02-23T15:24:57","slug":"o-papa-a-velhice-e-um-dom-de-sabedoria-e-maturidade-para-todas-as-idades-da-vida","status":"publish","type":"post","link":"https:\/\/catolicanet.net\/wp-cnet\/o-papa-a-velhice-e-um-dom-de-sabedoria-e-maturidade-para-todas-as-idades-da-vida\/","title":{"rendered":"O Papa: a velhice \u00e9 um dom de sabedoria e maturidade para todas as idades da vida"},"content":{"rendered":"<div class=\"article__subTitle\" style=\"text-align: justify;\">Na Audi\u00eancia Geral desta quarta-feira, Francisco sublinhou que \u00e9 importante a interlocu\u00e7\u00e3o dos jovens com os idosos e dos idosos com os jovens. Esta ponte ser\u00e1 a transmiss\u00e3o da sabedoria na humanidade.<\/div>\n<div style=\"text-align: justify;\"><\/div>\n<div style=\"text-align: justify;\">\n<p><iframe loading=\"lazy\" title=\"Audi\u00eancia Geral   23 de fevereiro de 2022 Papa Francisco\" width=\"696\" height=\"392\" src=\"https:\/\/www.youtube.com\/embed\/V9eMeRjJB6M?feature=oembed\" frameborder=\"0\" allow=\"accelerometer; autoplay; clipboard-write; encrypted-media; gyroscope; picture-in-picture\" allowfullscreen><\/iframe><\/p>\n<\/div>\n<div class=\"title__separator\" style=\"text-align: justify;\"><\/div>\n<div class=\"article__text \">\n<p style=\"text-align: justify;\"><b>Mariangela Jaguraba &#8211; Vatican News<\/b><\/p>\n<p style=\"text-align: justify;\">O Papa Francisco iniciou um\u00a0<a href=\"https:\/\/www.vatican.va\/content\/francesco\/pt\/audiences\/2022\/documents\/20220223-udienza-generale.html\" target=\"_blank\" rel=\"external noopener\">novo ciclo de catequeses<\/a>, nesta quarta-feira (23\/02), dedicado ao tema do sentido e o valor da velhice.<\/p>\n<div style=\"text-align: justify;\">\n<div class=\"article__embed article__embed--unwrap article__embed--dark\">\n<div class=\"article__innerTitle\">Ou\u00e7a e compartilhe<\/div>\n<div>\n<!--[if lt IE 9]><script>document.createElement('audio');<\/script><![endif]-->\n<audio class=\"wp-audio-shortcode\" id=\"audio-72654-1\" preload=\"none\" style=\"width: 100%;\" controls=\"controls\"><source type=\"audio\/mpeg\" src=\"https:\/\/media.vaticannews.va\/media\/audio\/s1\/2022\/02\/23\/12\/136442887_F136442887.mp3?_=1\" \/><a href=\"https:\/\/media.vaticannews.va\/media\/audio\/s1\/2022\/02\/23\/12\/136442887_F136442887.mp3\">https:\/\/media.vaticannews.va\/media\/audio\/s1\/2022\/02\/23\/12\/136442887_F136442887.mp3<\/a><\/audio>\n<\/div>\n<\/div>\n<\/div>\n<p style=\"text-align: justify;\">Segundo o Papa, &#8220;esta idade da vida diz respeito a um verdadeiro &#8220;novo povo&#8221; que s\u00e3o os idosos&#8221;. &#8220;Nunca fomos t\u00e3o numerosos na hist\u00f3ria da humanidade&#8221;, sublinhou Francisco e o &#8220;risco de ser descartados \u00e9 ainda mais frequente: os idosos muitas vezes s\u00e3o vistos como um peso&#8221;. &#8220;Na primeira fase dram\u00e1tica da pandemia, foram eles que pagaram o pre\u00e7o mais alto. J\u00e1 eram a parte mais fr\u00e1gil e transcurada&#8221;, frisou o Pont\u00edfice, aconselhando a ler a Carta do Direito dos Idosos.<\/p>\n<h2 style=\"text-align: justify;\">Amizade e alian\u00e7a entre as diferentes idades da vida<\/h2>\n<p style=\"text-align: justify;\"><i>Junto com a migra\u00e7\u00e3o, a velhice est\u00e1 entre as quest\u00f5es mais urgentes que a fam\u00edlia humana \u00e9 chamada a enfrentar neste momento. N\u00e3o se trata apenas de uma mudan\u00e7a quantitativa; est\u00e1 em jogo a unidade das idades da vida, ou seja, o verdadeiro ponto de refer\u00eancia para a compreens\u00e3o e aprecia\u00e7\u00e3o da vida humana em sua totalidade. Existe amizade, existe alian\u00e7a entre as diferentes idades da vida ou prevalece a separa\u00e7\u00e3o e o descarte?<\/i><\/p>\n<p style=\"text-align: justify;\">Segundo o Papa, &#8220;vivemos num presente onde convivem crian\u00e7as, jovens, adultos e idosos. No entanto, a propor\u00e7\u00e3o mudou: a longevidade tornou-se massa e, em grandes regi\u00f5es do mundo, a inf\u00e2ncia \u00e9 distribu\u00edda em pequenas doses. Falamos tamb\u00e9m do inverno demogr\u00e1fico. Um desequil\u00edbrio que tem muitas consequ\u00eancias&#8221;.<\/p>\n<div style=\"text-align: justify;\">\n<div class=\"article__embed article__embed--unwrap article__embed--dark\">\n<div class=\"embed-container\">\n<p><iframe loading=\"lazy\" title=\"Idosos: novo ciclo de catequeses do Papa\" width=\"696\" height=\"392\" src=\"https:\/\/www.youtube.com\/embed\/ecIK-m0jD44?feature=oembed\" frameborder=\"0\" allow=\"accelerometer; autoplay; clipboard-write; encrypted-media; gyroscope; picture-in-picture\" allowfullscreen><\/iframe><\/p>\n<\/div>\n<div class=\"article__innerTitle\">A velhice pede dignidade<\/div>\n<\/div>\n<\/div>\n<h2 style=\"text-align: justify;\">Nas culturas &#8220;desenvolvidas&#8221;, a velhice tem pouca incid\u00eancia<\/h2>\n<p style=\"text-align: justify;\"><i>A cultura dominante tem como modelo \u00fanico o jovem adulto, ou seja, um indiv\u00edduo que \u00e9 autodidata e que sempre permanece jovem. Mas \u00e9 verdade que a juventude cont\u00e9m todo o sentido da vida, enquanto a velhice simplesmente representa o seu esvaziamento e sua perda? \u00c9 verdade isso? Somente a juventude cont\u00e9m o sentido pleno da vida, e a velhice \u00e9 o esvaziamento da vida, a perda da vida? A exalta\u00e7\u00e3o da juventude como a \u00fanica idade digna de encarnar o ideal humano, aliada ao desprezo pela velhice vista como fragilidade, degrada\u00e7\u00e3o ou defici\u00eancia, foi o \u00edcone dominante do totalitarismo do s\u00e9culo XX. Ser\u00e1 que esquecemos isso?<\/i><\/p>\n<p style=\"text-align: justify;\">Segundo Francisco, &#8220;o prolongamento da vida tem um impacto estrutural na hist\u00f3ria dos indiv\u00edduos, das fam\u00edlias e das sociedades. De fato, na representa\u00e7\u00e3o do sentido da vida, e nas chamadas culturas &#8220;desenvolvidas&#8221;, a velhice tem pouca incid\u00eancia, porque \u00e9 considerada uma idade que n\u00e3o tem conte\u00fados especiais para oferecer, nem significados pr\u00f3prios para viver. Al\u00e9m disso, falta o incentivo das pessoas a procur\u00e1-los, e falta educa\u00e7\u00e3o da comunidade para reconhec\u00ea-los&#8221;.<\/p>\n<h2 style=\"text-align: justify;\">Projetos para os idosos viverem plenamente<\/h2>\n<p style=\"text-align: justify;\"><i>Em suma, para uma idade que \u00e9 parte decisiva do espa\u00e7o comunit\u00e1rio e se estende por um ter\u00e7o de toda a vida, h\u00e1 \u2013 \u00e0s vezes \u2013 planos de assist\u00eancia, mas n\u00e3o projetos de exist\u00eancia. Planos de assist\u00eancia, sim; mas n\u00e3o projetos para faz\u00ea-los viver plenamente. E isso \u00e9 um vazio de pensamento, imagina\u00e7\u00e3o, criatividade. Sob esse pensamento, o que cria o vazio \u00e9 que o idoso, a idosa s\u00e3o material de descarte: nessa cultura do descarte, os idosos entram como material de descarte. A alian\u00e7a entre gera\u00e7\u00f5es, que restitui ao humano todas as idades da vida, \u00e9 o nosso dom perdido e devemos recuper\u00e1-lo. Deve ser reencontrado nesta cultura do descarte e nesta cultura da produtividade.<\/i><\/p>\n<p style=\"text-align: justify;\">Segundo o Papa, &#8220;quando os idosos comunicam seus sonhos, os jovens veem bem o que devem fazer. Os jovens que n\u00e3o mais questionam os sonhos dos idosos, far\u00e3o fadiga para carregar seu presente e suportar seu futuro. Se os av\u00f3s se voltam para suas melancolias, os jovens v\u00e3o olhar ainda mais para seus celulares. A tela pode permanecer ligada, mas a vida se extingue antes do tempo. A repercuss\u00e3o mais grave da pandemia n\u00e3o est\u00e1 na desorienta\u00e7\u00e3o dos jovens? Os idosos t\u00eam recursos de vida j\u00e1 vivida aos quais os jovens podem recorrer a qualquer momento. A velhice \u00e9 um dom para todas as idades da vida. \u00c9 um dom de maturidade, de sabedoria&#8221;.<\/p>\n<h2 style=\"text-align: justify;\">Di\u00e1logo entre jovens e idosos<\/h2>\n<p style=\"text-align: justify;\">O Papa sublinhou que \u00e9 importante a interlocu\u00e7\u00e3o dos jovens com os idosos e dos idosos com os jovens. &#8220;Esta ponte ser\u00e1 a transmiss\u00e3o da sabedoria na humanidade&#8221;, disse Francisco, esperando que essas reflex\u00f5es sobre a velhice &#8220;sejam \u00fateis a todos n\u00f3s, para levar adiante esta realidade que o profeta Joel dizia, de que no di\u00e1logo entre jovens e idosos, os idosos possam doar sonhos e os jovens possam receb\u00ea-los e lev\u00e1-los adiante. N\u00e3o nos esque\u00e7amos que tanto na cultura familiar quanto na social, os idosos s\u00e3o como as ra\u00edzes da \u00e1rvore: eles t\u00eam toda a hist\u00f3ria ali, e os jovens s\u00e3o como flores e frutos&#8221;.<\/p>\n<p style=\"text-align: justify;\">Francisco concluiu, dizendo que &#8220;se o suco n\u00e3o vier das ra\u00edzes&#8221;, os jovens &#8220;nunca poder\u00e3o florescer. Tudo o que h\u00e1 de bonito numa sociedade est\u00e1 relacionado \u00e0s ra\u00edzes dos idosos. O idoso n\u00e3o \u00e9 um material de descarte, mas uma ben\u00e7\u00e3o para uma sociedade&#8221;.<\/p>\n<\/div>\n","protected":false},"excerpt":{"rendered":"<p>Na Audi\u00eancia Geral desta quarta-feira, Francisco sublinhou que \u00e9 importante a interlocu\u00e7\u00e3o dos jovens com os idosos e dos idosos com os jovens. Esta ponte ser\u00e1 a transmiss\u00e3o da sabedoria na humanidade. Mariangela Jaguraba &#8211; Vatican News O Papa Francisco iniciou um\u00a0novo ciclo de catequeses, nesta quarta-feira (23\/02), dedicado ao tema do sentido e o [&hellip;]<\/p>\n","protected":false},"author":1,"featured_media":72655,"comment_status":"open","ping_status":"closed","sticky":false,"template":"","format":"standard","meta":{"footnotes":""},"categories":[3],"tags":[],"class_list":["post-72654","post","type-post","status-publish","format-standard","has-post-thumbnail","hentry","category-vaticano"],"_links":{"self":[{"href":"https:\/\/catolicanet.net\/wp-cnet\/wp-json\/wp\/v2\/posts\/72654","targetHints":{"allow":["GET"]}}],"collection":[{"href":"https:\/\/catolicanet.net\/wp-cnet\/wp-json\/wp\/v2\/posts"}],"about":[{"href":"https:\/\/catolicanet.net\/wp-cnet\/wp-json\/wp\/v2\/types\/post"}],"author":[{"embeddable":true,"href":"https:\/\/catolicanet.net\/wp-cnet\/wp-json\/wp\/v2\/users\/1"}],"replies":[{"embeddable":true,"href":"https:\/\/catolicanet.net\/wp-cnet\/wp-json\/wp\/v2\/comments?post=72654"}],"version-history":[{"count":1,"href":"https:\/\/catolicanet.net\/wp-cnet\/wp-json\/wp\/v2\/posts\/72654\/revisions"}],"predecessor-version":[{"id":72656,"href":"https:\/\/catolicanet.net\/wp-cnet\/wp-json\/wp\/v2\/posts\/72654\/revisions\/72656"}],"wp:featuredmedia":[{"embeddable":true,"href":"https:\/\/catolicanet.net\/wp-cnet\/wp-json\/wp\/v2\/media\/72655"}],"wp:attachment":[{"href":"https:\/\/catolicanet.net\/wp-cnet\/wp-json\/wp\/v2\/media?parent=72654"}],"wp:term":[{"taxonomy":"category","embeddable":true,"href":"https:\/\/catolicanet.net\/wp-cnet\/wp-json\/wp\/v2\/categories?post=72654"},{"taxonomy":"post_tag","embeddable":true,"href":"https:\/\/catolicanet.net\/wp-cnet\/wp-json\/wp\/v2\/tags?post=72654"}],"curies":[{"name":"wp","href":"https:\/\/api.w.org\/{rel}","templated":true}]}}