{"id":72583,"date":"2022-02-17T11:46:43","date_gmt":"2022-02-17T14:46:43","guid":{"rendered":"https:\/\/catolicanet.net\/wp-cnet\/?p=72583"},"modified":"2022-02-17T11:46:43","modified_gmt":"2022-02-17T14:46:43","slug":"diocese-de-petropolis-se-mobiliza-para-atender-as-vitimas-das-chuvas","status":"publish","type":"post","link":"https:\/\/catolicanet.net\/wp-cnet\/diocese-de-petropolis-se-mobiliza-para-atender-as-vitimas-das-chuvas\/","title":{"rendered":"Diocese de Petr\u00f3polis se mobiliza para atender as v\u00edtimas das chuvas"},"content":{"rendered":"<div class=\"article__subTitle\" style=\"text-align: justify;\">Desde as primeiras informa\u00e7\u00f5es sobre v\u00edtimas, o bispo diocesano, dom Greg\u00f3rio Paix\u00e3o, OSB, pediu aos padres para abrirem as igrejas para receber as pessoas que necessitassem de acolhimento.<\/div>\n<div class=\"title__separator\" style=\"text-align: justify;\"><\/div>\n<div class=\"article__text \">\n<p style=\"text-align: justify;\"><b>Vatican News<\/b><\/p>\n<p><iframe loading=\"lazy\" title=\"Dom Gregorio Paixao\" width=\"696\" height=\"392\" src=\"https:\/\/www.youtube.com\/embed\/EyXGRXPqKGc?feature=oembed\" frameborder=\"0\" allow=\"accelerometer; autoplay; clipboard-write; encrypted-media; gyroscope; picture-in-picture\" allowfullscreen><\/iframe><\/p>\n<p style=\"text-align: justify;\">A Diocese de Petr\u00f3polis desde a noite de ter\u00e7a-feira (15\/02), est\u00e1 atendendo as v\u00edtimas das chuvas em Petr\u00f3polis, quando em apenas seis horas houve um ac\u00famulo de 260 mil\u00edmetros de chuva. Desde as primeiras informa\u00e7\u00f5es sobre v\u00edtimas, o bispo diocesano, dom Greg\u00f3rio Paix\u00e3o, OSB, pediu aos padres para abrirem as igrejas para receber as pessoas que necessitassem de acolhimento. \u201cEste \u00e9 o momento de sermos todos solid\u00e1rios, ajudando aqueles que precisam, acolhendo e fazendo doa\u00e7\u00e3o do que for poss\u00edvel\u201d, afirmou dom Greg\u00f3rio Paix\u00e3o, pedindo que todos continuem tamb\u00e9m rezando pelas v\u00edtimas.<\/p>\n<div style=\"text-align: justify;\">\n<div class=\"article__embed article__embed--unwrap article__embed--dark\">\n<div class=\"article__innerTitle\">Ou\u00e7a o bispo de Petr\u00f3polis, dom Greg\u00f3rio Paix\u00e3o<\/div>\n<\/div>\n<\/div>\n<p style=\"text-align: justify;\">Depois de manter contato com as autoridades, o bispo diocesano, na quarta-feira (16\/02), passou o dia na Par\u00f3quia Santo Ant\u00f4nio do Alto da Serra, ajudando no que fosse poss\u00edvel para atender as v\u00edtimas. Da Par\u00f3quia do Alto da Serra, dom Greg\u00f3rio Paix\u00e3o manteve contato com os padres para ter informa\u00e7\u00e3o sobre o atendimento em outras comunidades, j\u00e1 que h\u00e1 v\u00edtimas em diversos bairros de Petr\u00f3polis.<\/p>\n<p style=\"text-align: justify;\">Para centralizar as doa\u00e7\u00f5es em dinheiro, a Diocese de Petr\u00f3polis colocou uma conta \u00e0 disposi\u00e7\u00e3o de todos que quiserem fazer doa\u00e7\u00e3o pra ajudar as v\u00edtimas: c\/c 114.134-1, Ag\u00eancia Banco do Bradesco 0401 para o CNPJ 28.805.190\/0001-33. As pessoas interessadas em ajudar podem ainda entrar em contato pelos telefones (24) 98828-0215 e (24) 98819-1455.<\/p>\n<p style=\"text-align: justify;\">Al\u00e9m desta iniciativa, as par\u00f3quias da Diocese se mobilizaram para contribuir com doa\u00e7\u00f5es, fazendo-as chegar at\u00e9 a Par\u00f3quia do Alto da Serra, que at\u00e9 o final da tarde de quarta-feira, atendia mais de 250 fam\u00edlias. A Diocese de Petr\u00f3polis recebeu apoio das arquidioceses e dioceses do Regional Leste 1 da CNBB, da C\u00e1ritas Nacional, da presid\u00eancia da CNBB e de diversas institui\u00e7\u00f5es que se colocaram \u00e0 disposi\u00e7\u00e3o para ajudar no que fosse necess\u00e1rio, inclusive com volunt\u00e1rios para atuar no cuidado das v\u00edtimas.<\/p>\n<p style=\"text-align: justify;\">Rog\u00e9rio Lima Tosta \u2013 Assessor de Imprensa da Diocese de Petr\u00f3polis<\/p>\n<\/div>\n","protected":false},"excerpt":{"rendered":"<p>Desde as primeiras informa\u00e7\u00f5es sobre v\u00edtimas, o bispo diocesano, dom Greg\u00f3rio Paix\u00e3o, OSB, pediu aos padres para abrirem as igrejas para receber as pessoas que necessitassem de acolhimento. Vatican News A Diocese de Petr\u00f3polis desde a noite de ter\u00e7a-feira (15\/02), est\u00e1 atendendo as v\u00edtimas das chuvas em Petr\u00f3polis, quando em apenas seis horas houve um [&hellip;]<\/p>\n","protected":false},"author":1,"featured_media":72584,"comment_status":"open","ping_status":"closed","sticky":false,"template":"","format":"standard","meta":{"footnotes":""},"categories":[7],"tags":[],"class_list":["post-72583","post","type-post","status-publish","format-standard","has-post-thumbnail","hentry","category-cnbb"],"_links":{"self":[{"href":"https:\/\/catolicanet.net\/wp-cnet\/wp-json\/wp\/v2\/posts\/72583","targetHints":{"allow":["GET"]}}],"collection":[{"href":"https:\/\/catolicanet.net\/wp-cnet\/wp-json\/wp\/v2\/posts"}],"about":[{"href":"https:\/\/catolicanet.net\/wp-cnet\/wp-json\/wp\/v2\/types\/post"}],"author":[{"embeddable":true,"href":"https:\/\/catolicanet.net\/wp-cnet\/wp-json\/wp\/v2\/users\/1"}],"replies":[{"embeddable":true,"href":"https:\/\/catolicanet.net\/wp-cnet\/wp-json\/wp\/v2\/comments?post=72583"}],"version-history":[{"count":1,"href":"https:\/\/catolicanet.net\/wp-cnet\/wp-json\/wp\/v2\/posts\/72583\/revisions"}],"predecessor-version":[{"id":72585,"href":"https:\/\/catolicanet.net\/wp-cnet\/wp-json\/wp\/v2\/posts\/72583\/revisions\/72585"}],"wp:featuredmedia":[{"embeddable":true,"href":"https:\/\/catolicanet.net\/wp-cnet\/wp-json\/wp\/v2\/media\/72584"}],"wp:attachment":[{"href":"https:\/\/catolicanet.net\/wp-cnet\/wp-json\/wp\/v2\/media?parent=72583"}],"wp:term":[{"taxonomy":"category","embeddable":true,"href":"https:\/\/catolicanet.net\/wp-cnet\/wp-json\/wp\/v2\/categories?post=72583"},{"taxonomy":"post_tag","embeddable":true,"href":"https:\/\/catolicanet.net\/wp-cnet\/wp-json\/wp\/v2\/tags?post=72583"}],"curies":[{"name":"wp","href":"https:\/\/api.w.org\/{rel}","templated":true}]}}