{"id":72577,"date":"2022-02-16T09:54:15","date_gmt":"2022-02-16T12:54:15","guid":{"rendered":"https:\/\/catolicanet.net\/wp-cnet\/?p=72577"},"modified":"2022-02-17T11:11:56","modified_gmt":"2022-02-17T14:11:56","slug":"em-parceria-servico-de-animacao-vocacional-pastoral-vocacional-promovera-cerimonia-para-a-entrega-do-premio-rogate-de-animacao-vocacional","status":"publish","type":"post","link":"https:\/\/catolicanet.net\/wp-cnet\/em-parceria-servico-de-animacao-vocacional-pastoral-vocacional-promovera-cerimonia-para-a-entrega-do-premio-rogate-de-animacao-vocacional\/","title":{"rendered":"EM PARCERIA, SERVI\u00c7O DE ANIMA\u00c7\u00c3O VOCACIONAL\/ PASTORAL VOCACIONAL PROMOVER\u00c1 CERIM\u00d4NIA PARA A ENTREGA DO PR\u00caMIO ROGATE DE ANIMA\u00c7\u00c3O VOCACIONAL"},"content":{"rendered":"<p style=\"text-align: justify;\"><span data-contrast=\"none\">Em maio deste ano, a revista Rogate, que presta um importante servi\u00e7o em prol das voca\u00e7\u00f5es, completar\u00e1 40 anos de exist\u00eancia.\u00a0<\/span><span data-contrast=\"auto\">Para comemorar essa trajet\u00f3ria na constru\u00e7\u00e3o da cultura vocacional, uma s\u00e9rie de eventos comemorativos e celebrativos ser\u00e3o organizados com o objetivo de reconhecer, incentivar e fomentar as iniciativas de anima\u00e7\u00e3o vocacional em todo o Brasil.\u00a0<\/span><\/p>\n<p style=\"text-align: justify;\"><span data-contrast=\"auto\">No dia 30 de abril, \u00e0s 9 horas, por exemplo, haver\u00e1 uma missa em A\u00e7\u00e3o de Gra\u00e7as, presidida por dom \u00c2ngelo Ademir Mezzari, bispo auxiliar da arquidiocese de S\u00e3o Paulo, no Santu\u00e1rio de Aparecida (SP). A missa ser\u00e1 transmitida pela TV Aparecida.<\/span><\/p>\n<p style=\"text-align: justify;\"><span data-contrast=\"auto\">E no dia 1\u00ba de maio, o Centro Rogate do Brasil, em S\u00e3o Paulo, em parceria com o Servi\u00e7o de Anima\u00e7\u00e3o Vocacional\/Pastoral Vocacional Nacional (SAV-PV), promover\u00e1 uma singela cerim\u00f4nia, \u00e0s 19h30, para a entrega do \u201cPr\u00eamio Rogate de Anima\u00e7\u00e3o Vocacional\u201d, como reconhecimento das a\u00e7\u00f5es vocacionais realizadas por institui\u00e7\u00f5es e tamb\u00e9m por animadores e animadoras vocacionais. A iniciativa poder\u00e1 ser acompanhada no facebook da revista Rogate (@revistarogate).<\/span><\/p>\n<h3 style=\"text-align: justify;\"><strong>A revista Rogate\u00a0<\/strong><\/h3>\n<p style=\"text-align: justify;\"><span data-contrast=\"none\">Com o primeiro n\u00famero impresso em maio de 1982, a Rogate<\/span><span data-contrast=\"none\">\u00a0\u00e9 uma revista de anima\u00e7\u00e3o vocacional com circula\u00e7\u00e3o em todas as regi\u00f5es do pa\u00eds.\u00a0<\/span><span data-ccp-props=\"{&quot;201341983&quot;:0,&quot;335551550&quot;:6,&quot;335551620&quot;:6,&quot;335559739&quot;:160,&quot;335559740&quot;:240}\">\u00a0<\/span><\/p>\n<p style=\"text-align: justify;\"><span data-contrast=\"none\">Tem por objetivo incrementar a cultura vocacional na Igreja e na sociedade por meio de seus artigos e encartes, mat\u00e9rias de forma\u00e7\u00e3o e informa\u00e7\u00e3o. Desde a sua cria\u00e7\u00e3o, vem sendo refer\u00eancia no setor vocacional, apresentando temas e assuntos atuais, numa linguagem popular e com seriedade.<\/span><\/p>\n<p style=\"text-align: justify;\"><span data-ccp-props=\"{&quot;201341983&quot;:0,&quot;335551550&quot;:6,&quot;335551620&quot;:6,&quot;335559739&quot;:160,&quot;335559740&quot;:240}\"><img loading=\"lazy\" decoding=\"async\" class=\"wp-image-863720 alignright ls-is-cached lazyloaded\" src=\"https:\/\/eadn-wc02-718006.nxedge.io\/cdn\/wp-content\/uploads\/2022\/02\/WhatsApp-Image-2022-02-15-at-11.01.44.jpeg\" sizes=\"auto, (max-width: 478px) 100vw, 478px\" srcset=\"https:\/\/eadn-wc02-718006.nxedge.io\/cdn\/wp-content\/uploads\/2022\/02\/WhatsApp-Image-2022-02-15-at-11.01.44.jpeg 1600w, https:\/\/eadn-wc02-718006.nxedge.io\/cdn\/wp-content\/uploads\/2022\/02\/WhatsApp-Image-2022-02-15-at-11.01.44-300x169.jpeg 300w, https:\/\/eadn-wc02-718006.nxedge.io\/cdn\/wp-content\/uploads\/2022\/02\/WhatsApp-Image-2022-02-15-at-11.01.44-1024x576.jpeg 1024w, https:\/\/eadn-wc02-718006.nxedge.io\/cdn\/wp-content\/uploads\/2022\/02\/WhatsApp-Image-2022-02-15-at-11.01.44-768x432.jpeg 768w, https:\/\/eadn-wc02-718006.nxedge.io\/cdn\/wp-content\/uploads\/2022\/02\/WhatsApp-Image-2022-02-15-at-11.01.44-1536x864.jpeg 1536w, https:\/\/eadn-wc02-718006.nxedge.io\/cdn\/wp-content\/uploads\/2022\/02\/WhatsApp-Image-2022-02-15-at-11.01.44-500x281.jpeg 500w\" alt=\"\" width=\"478\" height=\"269\" data-srcset=\"https:\/\/eadn-wc02-718006.nxedge.io\/cdn\/wp-content\/uploads\/2022\/02\/WhatsApp-Image-2022-02-15-at-11.01.44.jpeg 1600w, https:\/\/eadn-wc02-718006.nxedge.io\/cdn\/wp-content\/uploads\/2022\/02\/WhatsApp-Image-2022-02-15-at-11.01.44-300x169.jpeg 300w, https:\/\/eadn-wc02-718006.nxedge.io\/cdn\/wp-content\/uploads\/2022\/02\/WhatsApp-Image-2022-02-15-at-11.01.44-1024x576.jpeg 1024w, https:\/\/eadn-wc02-718006.nxedge.io\/cdn\/wp-content\/uploads\/2022\/02\/WhatsApp-Image-2022-02-15-at-11.01.44-768x432.jpeg 768w, https:\/\/eadn-wc02-718006.nxedge.io\/cdn\/wp-content\/uploads\/2022\/02\/WhatsApp-Image-2022-02-15-at-11.01.44-1536x864.jpeg 1536w, https:\/\/eadn-wc02-718006.nxedge.io\/cdn\/wp-content\/uploads\/2022\/02\/WhatsApp-Image-2022-02-15-at-11.01.44-500x281.jpeg 500w\" data-src=\"https:\/\/eadn-wc02-718006.nxedge.io\/cdn\/wp-content\/uploads\/2022\/02\/WhatsApp-Image-2022-02-15-at-11.01.44.jpeg\" data-sizes=\"(max-width: 478px) 100vw, 478px\" \/><\/span><\/p>\n<p style=\"text-align: justify;\"><span data-contrast=\"none\">Ela tem como destinat\u00e1rios privilegiados todos aqueles que suam e labutam pelo trabalho vocacional, como promotores, bem como aqueles para os quais o problema vocacional \u00e9 quest\u00e3o de vida e responsabilidade: semin\u00e1rios, institutos religiosos, padres, bispos, leigos e tantos outros.<\/span><\/p>\n<p style=\"text-align: justify;\"><span data-contrast=\"none\">A Rogate<\/span><span data-contrast=\"none\">\u00a0\u00e9 um instrumento que auxilia na cria\u00e7\u00e3o e na fomenta\u00e7\u00e3o de uma cultura vocacional, trabalho que se faz t\u00e3o necess\u00e1rio para a Igreja. E isso acontece a partir de reflex\u00f5es, propostas e estudos de temas que trazem um olhar vocacional, apresentados por meio das se\u00e7\u00f5es que comp\u00f5em o impresso. \u00c9 um<\/span><span data-contrast=\"none\">a postura cuidadosa para o chamado divino, \u00e9 um trabalho junto \u00e0queles e \u00e0quelas que t\u00eam, direta ou indiretamente, responsabilidade frente \u00e0 anima\u00e7\u00e3o vocacional.\u00a0<\/span><span data-ccp-props=\"{&quot;201341983&quot;:0,&quot;335551550&quot;:6,&quot;335551620&quot;:6,&quot;335559739&quot;:160,&quot;335559740&quot;:240}\">\u00a0<\/span><\/p>\n<p style=\"text-align: justify;\"><span data-contrast=\"none\">Implementar a cultura vocacional \u00e9 uma tarefa imprescind\u00edvel para a Igreja, que \u00e9 toda ministerial, composta pela assembleia dos convocados e convocadas na comunh\u00e3o e diversidade dos carismas.\u00a0<\/span><span data-ccp-props=\"{&quot;201341983&quot;:0,&quot;335551550&quot;:6,&quot;335551620&quot;:6,&quot;335559739&quot;:160,&quot;335559740&quot;:240}\">\u00a0<\/span><\/p>\n<p style=\"text-align: justify;\"><span data-contrast=\"none\">Assim, a Rogate desempenha o seu papel de ampliar os horizontes sobre o tema da voca\u00e7\u00e3o, abordando os diversos tipos como: voca\u00e7\u00e3o aos minist\u00e9rios leigos, voca\u00e7\u00e3o \u00e0 vida consagrada, voca\u00e7\u00e3o aos minist\u00e9rios ordenados, voca\u00e7\u00e3o familiar, voca\u00e7\u00e3o ao cuidado pela vida\u2026<\/span><span data-ccp-props=\"{&quot;201341983&quot;:0,&quot;335551550&quot;:6,&quot;335551620&quot;:6,&quot;335559739&quot;:160,&quot;335559740&quot;:240}\">\u00a0<\/span><\/p>\n<p style=\"text-align: justify;\"><span data-contrast=\"none\">Ela leva at\u00e9 os seus leitores um vasto material para contribuir na anima\u00e7\u00e3o vocacional e casas de forma\u00e7\u00e3o, a fim de que todos trabalhem juntos em vista de uma Igreja toda ministerial.<\/span><span data-ccp-props=\"{&quot;201341983&quot;:0,&quot;335551550&quot;:6,&quot;335551620&quot;:6,&quot;335559739&quot;:160,&quot;335559740&quot;:240}\">\u00a0<\/span><\/p>\n<p style=\"text-align: justify;\"><span data-contrast=\"none\">Al\u00e9m dos textos trazidos pela revista, ela ainda \u00e9 composta por mais dois encartes: a celebra\u00e7\u00e3o vocacional, que aborda temas que v\u00e3o ao encontro daquilo que a Igreja reflete em cada per\u00edodo do ano; e o Triguito, um encarte infantojuvenil, trazendo ora\u00e7\u00f5es, hist\u00f3rias em quadrinhos, atividades e desenhos para colorir. \u00c9 um \u00f3timo subs\u00eddio tamb\u00e9m para a catequese!<\/span><span data-ccp-props=\"{&quot;201341983&quot;:0,&quot;335551550&quot;:6,&quot;335551620&quot;:6,&quot;335559739&quot;:160,&quot;335559740&quot;:240}\">\u00a0<\/span><\/p>\n<p style=\"text-align: justify;\"><span data-contrast=\"auto\">Para conhecer um pouco mais ou fazer a assinatura, acesse o site:\u00a0<a href=\"http:\/\/rogate.org.br\/\" target=\"_blank\" rel=\"noopener\">rogate.org.br<\/a>.<\/span><span data-ccp-props=\"{&quot;201341983&quot;:0,&quot;335551550&quot;:6,&quot;335551620&quot;:6,&quot;335559739&quot;:160,&quot;335559740&quot;:240}\">\u00a0<\/span><\/p>\n","protected":false},"excerpt":{"rendered":"<p>Em maio deste ano, a revista Rogate, que presta um importante servi\u00e7o em prol das voca\u00e7\u00f5es, completar\u00e1 40 anos de exist\u00eancia.\u00a0Para comemorar essa trajet\u00f3ria na constru\u00e7\u00e3o da cultura vocacional, uma s\u00e9rie de eventos comemorativos e celebrativos ser\u00e3o organizados com o objetivo de reconhecer, incentivar e fomentar as iniciativas de anima\u00e7\u00e3o vocacional em todo o Brasil.\u00a0 [&hellip;]<\/p>\n","protected":false},"author":1,"featured_media":72578,"comment_status":"open","ping_status":"closed","sticky":false,"template":"","format":"standard","meta":{"footnotes":""},"categories":[7],"tags":[],"class_list":["post-72577","post","type-post","status-publish","format-standard","has-post-thumbnail","hentry","category-cnbb"],"_links":{"self":[{"href":"https:\/\/catolicanet.net\/wp-cnet\/wp-json\/wp\/v2\/posts\/72577","targetHints":{"allow":["GET"]}}],"collection":[{"href":"https:\/\/catolicanet.net\/wp-cnet\/wp-json\/wp\/v2\/posts"}],"about":[{"href":"https:\/\/catolicanet.net\/wp-cnet\/wp-json\/wp\/v2\/types\/post"}],"author":[{"embeddable":true,"href":"https:\/\/catolicanet.net\/wp-cnet\/wp-json\/wp\/v2\/users\/1"}],"replies":[{"embeddable":true,"href":"https:\/\/catolicanet.net\/wp-cnet\/wp-json\/wp\/v2\/comments?post=72577"}],"version-history":[{"count":1,"href":"https:\/\/catolicanet.net\/wp-cnet\/wp-json\/wp\/v2\/posts\/72577\/revisions"}],"predecessor-version":[{"id":72579,"href":"https:\/\/catolicanet.net\/wp-cnet\/wp-json\/wp\/v2\/posts\/72577\/revisions\/72579"}],"wp:featuredmedia":[{"embeddable":true,"href":"https:\/\/catolicanet.net\/wp-cnet\/wp-json\/wp\/v2\/media\/72578"}],"wp:attachment":[{"href":"https:\/\/catolicanet.net\/wp-cnet\/wp-json\/wp\/v2\/media?parent=72577"}],"wp:term":[{"taxonomy":"category","embeddable":true,"href":"https:\/\/catolicanet.net\/wp-cnet\/wp-json\/wp\/v2\/categories?post=72577"},{"taxonomy":"post_tag","embeddable":true,"href":"https:\/\/catolicanet.net\/wp-cnet\/wp-json\/wp\/v2\/tags?post=72577"}],"curies":[{"name":"wp","href":"https:\/\/api.w.org\/{rel}","templated":true}]}}