{"id":72574,"date":"2022-02-16T09:21:49","date_gmt":"2022-02-16T12:21:49","guid":{"rendered":"https:\/\/catolicanet.net\/wp-cnet\/?p=72574"},"modified":"2022-02-16T12:53:48","modified_gmt":"2022-02-16T15:53:48","slug":"sinodo-2023-arquidiocese-de-sao-luis-do-maranhao-assegura-escuta-as-paroquias-e-foranias-e-investe-em-blog-e-programas-da-radio","status":"publish","type":"post","link":"https:\/\/catolicanet.net\/wp-cnet\/sinodo-2023-arquidiocese-de-sao-luis-do-maranhao-assegura-escuta-as-paroquias-e-foranias-e-investe-em-blog-e-programas-da-radio\/","title":{"rendered":"S\u00cdNODO 2023: ARQUIDIOCESE DE S\u00c3O LU\u00cdS DO MARANH\u00c3O ASSEGURA ESCUTA \u00c0S PAR\u00d3QUIAS E FORANIAS E INVESTE EM BLOG E PROGRAMAS DA R\u00c1DIO"},"content":{"rendered":"<p style=\"text-align: justify;\">Mergulhadas na fase diocesana do S\u00ednodo 2023 prevista para acontecer at\u00e9 mar\u00e7o de 2022, cada Igreja Particular no Brasil vai encontrando a melhor forma de realizar a escuta do Povo de Deus que vive em sua circunscri\u00e7\u00e3o.\u00a0A 16\u00aa Assembleia Ordin\u00e1ria do S\u00ednodo dos Bispos, com o tema \u201cPor uma Igreja sinodal: comunh\u00e3o, participa\u00e7\u00e3o e miss\u00e3o\u201d, convocada pelo Papa Francisco, ser\u00e1 realizada em 2023.<\/p>\n<blockquote><p>O Papa Francisco tem afirmado que o \u201ccaminho da sinodalidade \u00e9 o caminho que Deus espera da Igreja do Terceiro Mil\u00eanio\u201d.<\/p><\/blockquote>\n<p style=\"text-align: justify;\">Embora o encontro de conclus\u00e3o do S\u00ednodo esteja previsto apenas para 2023, as din\u00e2micas do s\u00ednodo j\u00e1 come\u00e7aram nas dioceses de todo o mundo, desde o dia 17 de outubro de 2021. O Povo de Deus, em todo o globo, est\u00e1 convocado a participar, indicando quais caminhos a Igreja deve seguir para viver um renovado ardor mission\u00e1rio, atualizando sempre mais as suas estruturas, funcionamentos e a\u00e7\u00f5es. Esse caminho sinodal de tr\u00eas anos \u00e9 articulado em tr\u00eas fases (diocesana, continental, universal), feito de consultas e discernimento, que culminar\u00e1 com a assembleia de outubro de 2023, em Roma.<\/p>\n<p style=\"text-align: justify;\">O portal da Confer\u00eancia Nacional dos Bispos do Brasil (CNBB) vai divulgar as experi\u00eancias e o processo de escuta nas dioceses e arquidioceses do Brasil, com destaque para as iniciativas que apontam para as formas criativas encontradas por cada Igreja Particular para assegurar maior participa\u00e7\u00e3o e a sinodalidade do povo de Deus no processo do S\u00ednodo.<\/p>\n<h3 style=\"text-align: justify;\">Processo de escuta na arquidiocese de S\u00e3o Lu\u00eds do Maranh\u00e3o<\/h3>\n<p style=\"text-align: justify;\">\n<p style=\"text-align: justify;\"><img loading=\"lazy\" decoding=\"async\" class=\"size-full wp-image-863707 alignright lazyloaded\" src=\"https:\/\/eadn-wc02-718006.nxedge.io\/cdn\/wp-content\/uploads\/2022\/02\/Escutas-Foranias-MA.jpg\" sizes=\"auto, (max-width: 226px) 100vw, 226px\" srcset=\"https:\/\/eadn-wc02-718006.nxedge.io\/cdn\/wp-content\/uploads\/2022\/02\/Escutas-Foranias-MA.jpg 226w, https:\/\/eadn-wc02-718006.nxedge.io\/cdn\/wp-content\/uploads\/2022\/02\/Escutas-Foranias-MA-212x300.jpg 212w\" alt=\"\" width=\"226\" height=\"320\" data-srcset=\"https:\/\/eadn-wc02-718006.nxedge.io\/cdn\/wp-content\/uploads\/2022\/02\/Escutas-Foranias-MA.jpg 226w, https:\/\/eadn-wc02-718006.nxedge.io\/cdn\/wp-content\/uploads\/2022\/02\/Escutas-Foranias-MA-212x300.jpg 212w\" data-src=\"https:\/\/eadn-wc02-718006.nxedge.io\/cdn\/wp-content\/uploads\/2022\/02\/Escutas-Foranias-MA.jpg\" data-sizes=\"(max-width: 226px) 100vw, 226px\" \/>Na\u00a0<a href=\"https:\/\/www.arquidiocesedesaoluis.org\/\" target=\"_blank\" rel=\"noopener\">arquidiocese de S\u00e3o Lu\u00eds do Maranh\u00e3o (MA)<\/a>\u00a0o planejamento de escuta prev\u00ea escutar o povo de Deus presente em suas nove foranias (regi\u00f5es pastorais que envolvem um conjunto de par\u00f3quias). A arquidiocese organizou equipes de anima\u00e7\u00e3o, liturgia e espiritualidade, comunica\u00e7\u00e3o e relatoria.<\/p>\n<p style=\"text-align: justify;\">As Escutas do Processo Sinodal na arquidiocese ser\u00e3o iniciadas no pr\u00f3ximo s\u00e1bado, dia 19 de fevereiro, na Forania Nossa Senhora da Vit\u00f3ria (Centro de S\u00e3o Lu\u00eds), das 08h \u00e0s 17h; e na Forania S\u00e3o Crist\u00f3v\u00e3o, das 14h \u00e0s 21h.<\/p>\n<p style=\"text-align: justify;\">Para auxiliar no processo de escuta, a equipe de anima\u00e7\u00e3o, presidida pelo arcebispo metropolitano, dom Gilberto Pastana, divulgou um\u00a0<a href=\"https:\/\/caminhosinodal.blogspot.com\/2022\/02\/divulgado-o-esboco-do-roteiro-das.html\" target=\"_blank\" rel=\"noopener\">roteiro das Escutas Sinodais nas Foranias.<\/a>\u00a0Uma das novidades propostas, dentro da programa\u00e7\u00e3o de escuta das foranias, \u00e9 a realiza\u00e7\u00e3o das \u201cOficinas de Escuta\u201d, cuja participa\u00e7\u00e3o prev\u00ea no\u00a0 m\u00e1ximo 12 pessoas organizadas em c\u00edrculos.<\/p>\n<h3 style=\"text-align: justify;\">Comunica\u00e7\u00e3o e mobiliza\u00e7\u00e3o para animar a Escuta<\/h3>\n<p style=\"text-align: justify;\">Com estrat\u00e9gias de mobiliza\u00e7\u00e3o, a arquidiocese est\u00e1 produzindo diariamente um programa de r\u00e1dio Caminho Sinodal, cuja estreia foi no dia 19 de janeiro de 2022. O programa, apresentado por Helton Chaves, \u00e9 veiculado na R\u00e1dio Educadora do Maranh\u00e3o 560 AM. Ap\u00f3s a veicula\u00e7\u00e3o do programa na R\u00e1dio, eles s\u00e3o postados no Youtube da R\u00e1dio Educadora.<\/p>\n<p><iframe loading=\"lazy\" title=\"Caminho Sinodal 01, com Helton Charles, na R\u00e1dio Educadora do Maranh\u00e3o 560 AM\" width=\"696\" height=\"392\" src=\"https:\/\/www.youtube.com\/embed\/E-nRQFJnIME?feature=oembed\" frameborder=\"0\" allow=\"accelerometer; autoplay; clipboard-write; encrypted-media; gyroscope; picture-in-picture\" allowfullscreen><\/iframe><\/p>\n<p style=\"text-align: justify;\">Neste mesmo dia, foi lan\u00e7ado oficialmente o\u00a0<a href=\"https:\/\/caminhosinodal.blogspot.com\/\" target=\"_blank\" rel=\"noopener\">blog Caminho Sinodal<\/a>\u00a0com o conte\u00fado voltado para as principais informa\u00e7\u00f5es do processo em prepara\u00e7\u00e3o ao S\u00ednodo dos Bispos 2023.\u00a0\u00a0A partir da edi\u00e7\u00e3o deste m\u00eas de fevereiro,\u00a0 o Jornal do Maranh\u00e3o, publica\u00e7\u00e3o mensal da A\u00e7\u00e3o Social da arquidiocese de S\u00e3o Lu\u00eds,\u00a0 passa a destacar uma p\u00e1gina exclusiva ao S\u00ednodo dos Bispos 2021-2023. O nome ser\u00e1 \u201cProcesso Sinodal\u201d e se localizar\u00e1 na p\u00e1gina no 9 do jornal. Na edi\u00e7\u00e3o deste m\u00eas, al\u00e9m do Processo Sinodal, destacar\u00e1 a Campanha da Fraternidade 2022 \u201cFraternidade e Educa\u00e7\u00e3o\u201d.<\/p>\n<pre>Com informa\u00e7\u00f5es da <a href=\"https:\/\/www.arquidiocesedesaoluis.org\/\" target=\"_blank\" rel=\"noopener\">arquidiocese de S\u00e3o Lu\u00eds do Maranh\u00e3o<\/a><\/pre>\n","protected":false},"excerpt":{"rendered":"<p>Mergulhadas na fase diocesana do S\u00ednodo 2023 prevista para acontecer at\u00e9 mar\u00e7o de 2022, cada Igreja Particular no Brasil vai encontrando a melhor forma de realizar a escuta do Povo de Deus que vive em sua circunscri\u00e7\u00e3o.\u00a0A 16\u00aa Assembleia Ordin\u00e1ria do S\u00ednodo dos Bispos, com o tema \u201cPor uma Igreja sinodal: comunh\u00e3o, participa\u00e7\u00e3o e miss\u00e3o\u201d, [&hellip;]<\/p>\n","protected":false},"author":1,"featured_media":72575,"comment_status":"open","ping_status":"closed","sticky":false,"template":"","format":"standard","meta":{"footnotes":""},"categories":[7],"tags":[],"class_list":["post-72574","post","type-post","status-publish","format-standard","has-post-thumbnail","hentry","category-cnbb"],"_links":{"self":[{"href":"https:\/\/catolicanet.net\/wp-cnet\/wp-json\/wp\/v2\/posts\/72574","targetHints":{"allow":["GET"]}}],"collection":[{"href":"https:\/\/catolicanet.net\/wp-cnet\/wp-json\/wp\/v2\/posts"}],"about":[{"href":"https:\/\/catolicanet.net\/wp-cnet\/wp-json\/wp\/v2\/types\/post"}],"author":[{"embeddable":true,"href":"https:\/\/catolicanet.net\/wp-cnet\/wp-json\/wp\/v2\/users\/1"}],"replies":[{"embeddable":true,"href":"https:\/\/catolicanet.net\/wp-cnet\/wp-json\/wp\/v2\/comments?post=72574"}],"version-history":[{"count":1,"href":"https:\/\/catolicanet.net\/wp-cnet\/wp-json\/wp\/v2\/posts\/72574\/revisions"}],"predecessor-version":[{"id":72576,"href":"https:\/\/catolicanet.net\/wp-cnet\/wp-json\/wp\/v2\/posts\/72574\/revisions\/72576"}],"wp:featuredmedia":[{"embeddable":true,"href":"https:\/\/catolicanet.net\/wp-cnet\/wp-json\/wp\/v2\/media\/72575"}],"wp:attachment":[{"href":"https:\/\/catolicanet.net\/wp-cnet\/wp-json\/wp\/v2\/media?parent=72574"}],"wp:term":[{"taxonomy":"category","embeddable":true,"href":"https:\/\/catolicanet.net\/wp-cnet\/wp-json\/wp\/v2\/categories?post=72574"},{"taxonomy":"post_tag","embeddable":true,"href":"https:\/\/catolicanet.net\/wp-cnet\/wp-json\/wp\/v2\/tags?post=72574"}],"curies":[{"name":"wp","href":"https:\/\/api.w.org\/{rel}","templated":true}]}}