{"id":72538,"date":"2022-02-15T08:46:18","date_gmt":"2022-02-15T11:46:18","guid":{"rendered":"https:\/\/catolicanet.net\/wp-cnet\/?p=72538"},"modified":"2022-02-15T15:11:19","modified_gmt":"2022-02-15T18:11:19","slug":"o-papa-transfere-para-os-bispos-competencias-reservadas-a-santa-se","status":"publish","type":"post","link":"https:\/\/catolicanet.net\/wp-cnet\/o-papa-transfere-para-os-bispos-competencias-reservadas-a-santa-se\/","title":{"rendered":"O Papa transfere para os bispos compet\u00eancias reservadas \u00e0 Santa S\u00e9"},"content":{"rendered":"<div class=\"article__subTitle\" style=\"text-align: justify;\">Com um motu proprio, Francisco estabelece que os ordin\u00e1rios das Igrejas locais poder\u00e3o intervir na gest\u00e3o dos semin\u00e1rios, na forma\u00e7\u00e3o sacerdotal, na reda\u00e7\u00e3o de catecismos e em outras \u00e1reas sem requerer aprova\u00e7\u00e3o do Vaticano, mas uma confirma\u00e7\u00e3o mais simples<\/div>\n<div class=\"title__separator\" style=\"text-align: justify;\"><\/div>\n<div class=\"article__text \">\n<p style=\"text-align: justify;\"><b>Alessandro De Carolis \u2013 Vatican News<\/b><\/p>\n<div style=\"text-align: justify;\">\n<div class=\"article__embed article__embed--unwrap article__embed--dark\">\n<div class=\"article__innerTitle\">Ou\u00e7a a reportagem e compartilhe!<\/div>\n<div>\n<!--[if lt IE 9]><script>document.createElement('audio');<\/script><![endif]-->\n<audio class=\"wp-audio-shortcode\" id=\"audio-72538-1\" preload=\"none\" style=\"width: 100%;\" controls=\"controls\"><source type=\"audio\/mpeg\" src=\"https:\/\/media.vaticannews.va\/media\/audio\/s1\/2022\/02\/15\/14\/136430931_F136430931.mp3?_=1\" \/><a href=\"https:\/\/media.vaticannews.va\/media\/audio\/s1\/2022\/02\/15\/14\/136430931_F136430931.mp3\">https:\/\/media.vaticannews.va\/media\/audio\/s1\/2022\/02\/15\/14\/136430931_F136430931.mp3<\/a><\/audio>\n<\/div>\n<\/div>\n<\/div>\n<p style=\"text-align: justify;\">N\u00e3o mais uma &#8220;aprova\u00e7\u00e3o&#8221;, mas uma &#8220;confirma\u00e7\u00e3o&#8221;. Essa \u00e9 a novidade essencial do motu proprio com o qual o Papa decidiu modificar a atribui\u00e7\u00e3o de algumas compet\u00eancias previstas pelo C\u00f3digo de Direito Can\u00f4nico, tanto da Igreja latina como das Igrejas orientais. Estas incluem a compet\u00eancia das Confer\u00eancias Episcopais para publicar catecismos. Uma das primeiras novidades diz respeito \u00e0 transfer\u00eancia da Santa S\u00e9 para o bispo diocesano da faculdade de criar um semin\u00e1rio em seu territ\u00f3rio, sem ter que esperar pela aprova\u00e7\u00e3o de Roma, mas simplesmente pela sua confirma\u00e7\u00e3o. O objetivo, como definido na introdu\u00e7\u00e3o ao motu proprio, \u00e9 favorecer uma &#8220;descentraliza\u00e7\u00e3o salutar&#8221; que torna as decis\u00f5es no campo eclesial mais din\u00e2micas.<\/p>\n<p style=\"text-align: justify;\">Uma possibilidade an\u00e1loga \u00e9 concedida aos bispos em rela\u00e7\u00e3o \u00e0 forma\u00e7\u00e3o sacerdotal (os bispos podem adapt\u00e1-la &#8220;\u00e0s necessidades pastorais de cada regi\u00e3o ou prov\u00edncia&#8221;) e \u00e0 incardina\u00e7\u00e3o dos sacerdotes, que a partir de agora podem ser incardinados \u2013 para al\u00e9m de em uma Igreja particular ou um em um Instituto religioso &#8211; tamb\u00e9m em uma &#8220;associa\u00e7\u00e3o \u00a0p\u00fablica clerical&#8221;, reconhecida pela Santa S\u00e9, a fim de evitar &#8220;cl\u00e9rigos ac\u00e9falos e vagantes&#8221;. O crit\u00e9rio de descentraliza\u00e7\u00e3o, mas tamb\u00e9m de &#8220;proximidade&#8221;, tamb\u00e9m se reflete no alongamento de 3 para 5 anos do per\u00edodo de &#8220;exclaustra\u00e7\u00e3o&#8221;, ou seja, a possibilidade que autoriza um religioso a viver fora de seu pr\u00f3prio Instituto por raz\u00f5es s\u00e9rias. O motu proprio, assim como sobre a compet\u00eancia das Confer\u00eancias episcopais para publicar catecismos, interv\u00e9m transferindo da Santa S\u00e9 para a responsabilidade das Igrejas locais as decis\u00f5es sobre poss\u00edveis redu\u00e7\u00f5es no n\u00famero de Missas a serem celebradas com rela\u00e7\u00e3o \u00e0s inten\u00e7\u00f5es e recebimentos.<\/p>\n<p style=\"text-align: justify;\">O\u00a0<b>bispo dom Marco Mellino<\/b>, secret\u00e1rio do Conselho de Cardeais e membro do Pontif\u00edcio Conselho dos Textos Legislativos, explica os princ\u00edpios gerais que inspiraram o motu proprio do Papa:<\/p>\n<p style=\"text-align: justify;\">O Motu proprio, com o qual algumas normas dos dois C\u00f3digos da Igreja cat\u00f3lica &#8211; o C\u00f3digo de Direito Can\u00f4nico para a Igreja latina e o C\u00f3digo dos C\u00e2nones das Igrejas Orientais para a Igreja oriental &#8211; s\u00e3o alteradas, \u00e9 mais uma pe\u00e7a que se une ao trabalho de reforma que o Papa Francisco come\u00e7ou desde o in\u00edcio de seu pontificado e est\u00e1 prosseguindo.<\/p>\n<p style=\"text-align: justify;\">Responde ao esp\u00edrito de &#8220;descentraliza\u00e7\u00e3o salutar&#8221; indicado na Exorta\u00e7\u00e3o apost\u00f3lica\u00a0<b><a href=\"https:\/\/www.vatican.va\/content\/francesco\/pt\/apost_exhortations\/documents\/papa-francesco_esortazione-ap_20131124_evangelii-gaudium.html\" target=\"_blank\" rel=\"external noopener\">Evangelii Gaudium<\/a><\/b>, n. 32, com o objetivo de favorecer e valorizar a din\u00e2mica de proximidade na Igreja, sem com isso comprometer a comunh\u00e3o hier\u00e1rquica.<\/p>\n<p style=\"text-align: justify;\">A inten\u00e7\u00e3o que o anima \u00e9 profundamente pastoral e est\u00e1 bem delineada no pro\u00eamio introdut\u00f3rio do texto, no qual se diz que, tendo em conta a cultura eclesial e a mentalidade jur\u00eddica pr\u00f3pria de cada C\u00f3digo, certas compet\u00eancias at\u00e9 ent\u00e3o atribu\u00eddas \u00e0 Santa S\u00e9, e portanto exercidas pelo governo central, est\u00e3o sendo &#8220;descentralizadas&#8221;, ou seja, designadas aos Bispos (diocesanos\/eparquiais ou unidos em Confer\u00eancias episcopais ou segundo Estruturas hier\u00e1rquicas orientais) e aos Superiores Maiores dos Institutos de Vida Consagrada e das Sociedades de Vida Apost\u00f3lica com a inten\u00e7\u00e3o precisa de fomentar sobretudo o sentido da colegialidade e da responsabilidade pastoral, bem como de satisfazer os princ\u00edpios da racionalidade, da efic\u00e1cia e da efici\u00eancia.<\/p>\n<p style=\"text-align: justify;\">\u00c9 evidente, de fato, que quando a autoridade tem um conhecimento direto e mais pr\u00f3ximo das pessoas e dos casos que exigem uma a\u00e7\u00e3o pastoral de governo, esta a\u00e7\u00e3o, em virtude da pr\u00f3pria proximidade, pode ser de mais r\u00e1pida efic\u00e1cia.<\/p>\n<p style=\"text-align: justify;\">Neste sentido, portanto, as mudan\u00e7as normativas que est\u00e3o sendo feitas com este Motu Proprio refletem ainda mais a universalidade compartilhada e plural da Igreja, que inclui as diferen\u00e7as sem homolog\u00e1-las, garantida, no que diz respeito \u00e0 sua unidade, pelo minist\u00e9rio petrino pr\u00f3prio do Bispo de Roma.<\/p>\n<\/div>\n","protected":false},"excerpt":{"rendered":"<p>Com um motu proprio, Francisco estabelece que os ordin\u00e1rios das Igrejas locais poder\u00e3o intervir na gest\u00e3o dos semin\u00e1rios, na forma\u00e7\u00e3o sacerdotal, na reda\u00e7\u00e3o de catecismos e em outras \u00e1reas sem requerer aprova\u00e7\u00e3o do Vaticano, mas uma confirma\u00e7\u00e3o mais simples Alessandro De Carolis \u2013 Vatican News Ou\u00e7a a reportagem e compartilhe! N\u00e3o mais uma &#8220;aprova\u00e7\u00e3o&#8221;, mas [&hellip;]<\/p>\n","protected":false},"author":1,"featured_media":72539,"comment_status":"open","ping_status":"closed","sticky":false,"template":"","format":"standard","meta":{"footnotes":""},"categories":[13,3],"tags":[],"class_list":["post-72538","post","type-post","status-publish","format-standard","has-post-thumbnail","hentry","category-featured","category-vaticano"],"_links":{"self":[{"href":"https:\/\/catolicanet.net\/wp-cnet\/wp-json\/wp\/v2\/posts\/72538","targetHints":{"allow":["GET"]}}],"collection":[{"href":"https:\/\/catolicanet.net\/wp-cnet\/wp-json\/wp\/v2\/posts"}],"about":[{"href":"https:\/\/catolicanet.net\/wp-cnet\/wp-json\/wp\/v2\/types\/post"}],"author":[{"embeddable":true,"href":"https:\/\/catolicanet.net\/wp-cnet\/wp-json\/wp\/v2\/users\/1"}],"replies":[{"embeddable":true,"href":"https:\/\/catolicanet.net\/wp-cnet\/wp-json\/wp\/v2\/comments?post=72538"}],"version-history":[{"count":1,"href":"https:\/\/catolicanet.net\/wp-cnet\/wp-json\/wp\/v2\/posts\/72538\/revisions"}],"predecessor-version":[{"id":72540,"href":"https:\/\/catolicanet.net\/wp-cnet\/wp-json\/wp\/v2\/posts\/72538\/revisions\/72540"}],"wp:featuredmedia":[{"embeddable":true,"href":"https:\/\/catolicanet.net\/wp-cnet\/wp-json\/wp\/v2\/media\/72539"}],"wp:attachment":[{"href":"https:\/\/catolicanet.net\/wp-cnet\/wp-json\/wp\/v2\/media?parent=72538"}],"wp:term":[{"taxonomy":"category","embeddable":true,"href":"https:\/\/catolicanet.net\/wp-cnet\/wp-json\/wp\/v2\/categories?post=72538"},{"taxonomy":"post_tag","embeddable":true,"href":"https:\/\/catolicanet.net\/wp-cnet\/wp-json\/wp\/v2\/tags?post=72538"}],"curies":[{"name":"wp","href":"https:\/\/api.w.org\/{rel}","templated":true}]}}