{"id":72535,"date":"2022-02-14T08:56:26","date_gmt":"2022-02-14T11:56:26","guid":{"rendered":"https:\/\/catolicanet.net\/wp-cnet\/?p=72535"},"modified":"2022-02-14T18:05:56","modified_gmt":"2022-02-14T21:05:56","slug":"congregacao-para-a-doutrina-da-fe-duas-secoes-com-secretarios-distintos","status":"publish","type":"post","link":"https:\/\/catolicanet.net\/wp-cnet\/congregacao-para-a-doutrina-da-fe-duas-secoes-com-secretarios-distintos\/","title":{"rendered":"Congrega\u00e7\u00e3o para a Doutrina da F\u00e9: duas se\u00e7\u00f5es com secret\u00e1rios distintos"},"content":{"rendered":"<figure class=\"article__image\" style=\"text-align: justify;\"><span class=\"didascalia_img\">Vaticano, Pr\u00e9dio da Congrega\u00e7\u00e3o para a Doutrina da F\u00e9\u00a0<\/span><\/figure>\n<div class=\"article__meta audioInside\" data-mediatype=\"\">\n<div class=\"article__subTitle\" style=\"text-align: justify;\">Foi publicado o Motu proprio &#8220;Fidem servare&#8221; com o qual Francisco modifica o organograma do antigo Santo Of\u00edcio, separando os respons\u00e1veis das se\u00e7\u00f5es doutrinal e disciplinar.<\/div>\n<div class=\"title__separator\" style=\"text-align: justify;\"><\/div>\n<div class=\"article__text \">\n<p style=\"text-align: justify;\"><b>VATICAN NEWS<\/b><\/p>\n<p style=\"text-align: justify;\">O Papa Francisco modificou a estrutura interna da Congrega\u00e7\u00e3o para a Doutrina da F\u00e9 com um Motu proprio, separando claramente as compet\u00eancias doutrin\u00e1rias e disciplinares, com o estabelecimento de duas se\u00e7\u00f5es distintas e designando um secret\u00e1rio para cada uma. Portanto, o cardeal prefeito do Dicast\u00e9rio ter\u00e1 dois vices. O objetivo da reforma \u00e9 dar a devida import\u00e2ncia tamb\u00e9m \u00e0 se\u00e7\u00e3o doutrinal e ao seu papel fundamental na promo\u00e7\u00e3o da f\u00e9, sem descuidar da atividade disciplinar, depois de d\u00e9cadas em que muito esfor\u00e7o e muitos recursos humanos foram empregados no exame de casos de abuso. Dessa forma, com um secretario pr\u00f3prio, cada se\u00e7\u00e3o ter\u00e1 mais for\u00e7a e mais autonomia.<\/p>\n<div style=\"text-align: justify;\">\n<div class=\"article__embed article__embed--unwrap article__embed--dark\">\n<div class=\"article__innerTitle\">Ou\u00e7a e compartilhe<\/div>\n<div>\n<!--[if lt IE 9]><script>document.createElement('audio');<\/script><![endif]-->\n<audio class=\"wp-audio-shortcode\" id=\"audio-72535-1\" preload=\"none\" style=\"width: 100%;\" controls=\"controls\"><source type=\"audio\/mpeg\" src=\"https:\/\/media.vaticannews.va\/media\/audio\/s1\/2022\/02\/14\/13\/136429379_F136429379.mp3?_=1\" \/><a href=\"https:\/\/media.vaticannews.va\/media\/audio\/s1\/2022\/02\/14\/13\/136429379_F136429379.mp3\">https:\/\/media.vaticannews.va\/media\/audio\/s1\/2022\/02\/14\/13\/136429379_F136429379.mp3<\/a><\/audio>\n<\/div>\n<\/div>\n<\/div>\n<h2 style=\"text-align: justify;\">Proteger a f\u00e9<\/h2>\n<p style=\"text-align: justify;\">\u201cFidem servare\u201d, proteger a f\u00e9, \u00e9 o t\u00edtulo do Motu proprio porque esta \u201c\u00e9 a tarefa principal, bem como o crit\u00e9rio \u00faltimo a ser seguido na vida da Igreja\u201d, explica o Papa. \u201cA Congrega\u00e7\u00e3o para a Doutrina da F\u00e9 assume este importante compromisso, assumindo compet\u00eancias doutrinais e disciplinares\u201d, como lhe foram atribu\u00eddas pelos Pont\u00edfices, em particular por Paulo VI e Jo\u00e3o Paulo II. Francisco, considerando a experi\u00eancia adquirida ao longo dos anos pela Congrega\u00e7\u00e3o em suas diversas \u00e1reas de trabalho, a fim de dar-lhe uma abordagem mais adequada ao cumprimento de suas fun\u00e7\u00f5es, estabelece que o Dicast\u00e9rio inclua duas se\u00e7\u00f5es, &#8220;Doutrinal e Disciplinar, cada uma coordenada por um Secret\u00e1rio que coadjuva o Prefeito no \u00e2mbito espec\u00edfico de sua compet\u00eancia, com a colabora\u00e7\u00e3o do Subsecret\u00e1rio e dos respectivos Chefes de Gabinete\u201d.<\/p>\n<h2 style=\"text-align: justify;\">Se\u00e7\u00e3o doutrinal<\/h2>\n<p style=\"text-align: justify;\">A se\u00e7\u00e3o doutrinal \u201ctrata de assuntos que dizem respeito \u00e0 promo\u00e7\u00e3o e tutela da doutrina da f\u00e9 e da moral. Al\u00e9m disso, favorece os estudos que visam aumentar a intelig\u00eancia e a transmiss\u00e3o da f\u00e9 a servi\u00e7o da evangeliza\u00e7\u00e3o, para que a sua luz seja um crit\u00e9rio para compreender o significado da exist\u00eancia, especialmente diante das quest\u00f5es colocadas pelo progresso das ci\u00eancias e pelo desenvolvimento da sociedade&#8221;. Al\u00e9m disso, examina os documentos a serem publicados pelos outros dicast\u00e9rios e os escritos e opini\u00f5es \u201cque parecem problem\u00e1ticos para a f\u00e9 reta, favorecendo o di\u00e1logo com seus autores e propondo solu\u00e7\u00f5es adequadas a serem tomadas\u201d. A esta se\u00e7\u00e3o \u00e9 confiada a tarefa de estudar as quest\u00f5es relativas aos ordinariatos pessoais de ex-anglicanos e a gest\u00e3o do Cart\u00f3rio Matrimonial, que diz respeito ao chamado &#8220;privilegium fidei&#8221; e examina a dissolu\u00e7\u00e3o de matrim\u00f4nios entre dois n\u00e3o batizados ou entre um batizado e um n\u00e3o batizado.<\/p>\n<h2 style=\"text-align: justify;\">Se\u00e7\u00e3o disciplinar<\/h2>\n<p style=\"text-align: justify;\">A se\u00e7\u00e3o disciplinar trata dos delitos reservados \u00e0 Congrega\u00e7\u00e3o e tratados atrav\u00e9s do &#8220;Supremo Tribunal Apost\u00f3lico&#8221; aqui institu\u00eddo. A se\u00e7\u00e3o tem &#8220;a tarefa de preparar e elaborar os procedimentos previstos pela normativa can\u00f4nica para que a Congrega\u00e7\u00e3o, em suas diversas inst\u00e2ncias (Prefeito, Secret\u00e1rio, Promotor de Justi\u00e7a, Congresso, Sess\u00e3o Ordin\u00e1ria, Col\u00e9gio para examinar recursos de delicta graviora), possa promover uma correta administra\u00e7\u00e3o da justi\u00e7a\u201d. Para este objetivo, a se\u00e7\u00e3o disciplinar \u201cpromove iniciativas de forma\u00e7\u00e3o oportunas\u201d oferecidas a bispos e juristas, \u201cpara favorecer uma correta compreens\u00e3o e aplica\u00e7\u00e3o das normas can\u00f4nicas relativas ao pr\u00f3prio \u00e2mbito de compet\u00eancia\u201d.<\/p>\n<\/div>\n<\/div>\n","protected":false},"excerpt":{"rendered":"<p>Vaticano, Pr\u00e9dio da Congrega\u00e7\u00e3o para a Doutrina da F\u00e9\u00a0 Foi publicado o Motu proprio &#8220;Fidem servare&#8221; com o qual Francisco modifica o organograma do antigo Santo Of\u00edcio, separando os respons\u00e1veis das se\u00e7\u00f5es doutrinal e disciplinar. VATICAN NEWS O Papa Francisco modificou a estrutura interna da Congrega\u00e7\u00e3o para a Doutrina da F\u00e9 com um Motu proprio, [&hellip;]<\/p>\n","protected":false},"author":1,"featured_media":72536,"comment_status":"open","ping_status":"closed","sticky":false,"template":"","format":"standard","meta":{"footnotes":""},"categories":[3],"tags":[],"class_list":["post-72535","post","type-post","status-publish","format-standard","has-post-thumbnail","hentry","category-vaticano"],"_links":{"self":[{"href":"https:\/\/catolicanet.net\/wp-cnet\/wp-json\/wp\/v2\/posts\/72535","targetHints":{"allow":["GET"]}}],"collection":[{"href":"https:\/\/catolicanet.net\/wp-cnet\/wp-json\/wp\/v2\/posts"}],"about":[{"href":"https:\/\/catolicanet.net\/wp-cnet\/wp-json\/wp\/v2\/types\/post"}],"author":[{"embeddable":true,"href":"https:\/\/catolicanet.net\/wp-cnet\/wp-json\/wp\/v2\/users\/1"}],"replies":[{"embeddable":true,"href":"https:\/\/catolicanet.net\/wp-cnet\/wp-json\/wp\/v2\/comments?post=72535"}],"version-history":[{"count":1,"href":"https:\/\/catolicanet.net\/wp-cnet\/wp-json\/wp\/v2\/posts\/72535\/revisions"}],"predecessor-version":[{"id":72537,"href":"https:\/\/catolicanet.net\/wp-cnet\/wp-json\/wp\/v2\/posts\/72535\/revisions\/72537"}],"wp:featuredmedia":[{"embeddable":true,"href":"https:\/\/catolicanet.net\/wp-cnet\/wp-json\/wp\/v2\/media\/72536"}],"wp:attachment":[{"href":"https:\/\/catolicanet.net\/wp-cnet\/wp-json\/wp\/v2\/media?parent=72535"}],"wp:term":[{"taxonomy":"category","embeddable":true,"href":"https:\/\/catolicanet.net\/wp-cnet\/wp-json\/wp\/v2\/categories?post=72535"},{"taxonomy":"post_tag","embeddable":true,"href":"https:\/\/catolicanet.net\/wp-cnet\/wp-json\/wp\/v2\/tags?post=72535"}],"curies":[{"name":"wp","href":"https:\/\/api.w.org\/{rel}","templated":true}]}}