{"id":72532,"date":"2022-02-14T08:52:13","date_gmt":"2022-02-14T11:52:13","guid":{"rendered":"https:\/\/catolicanet.net\/wp-cnet\/?p=72532"},"modified":"2022-02-14T17:55:51","modified_gmt":"2022-02-14T20:55:51","slug":"os-povos-podem-se-rebelar-contra-as-guerras-dos-poderosos","status":"publish","type":"post","link":"https:\/\/catolicanet.net\/wp-cnet\/os-povos-podem-se-rebelar-contra-as-guerras-dos-poderosos\/","title":{"rendered":"Os povos podem se rebelar contra as guerras dos poderosos?"},"content":{"rendered":"<p>O Sofrimento na guerra<\/p>\n<div class=\"article__subTitle\" style=\"text-align: justify;\">No Angelus de domingo (13\/02), o Papa convidou mais uma vez a rezar pela paz na Ucr\u00e2nia. No mundo, a ora\u00e7\u00e3o silenciosa dos pequenos de Deus est\u00e1 crescendo diante do ru\u00eddo amea\u00e7ador das armas dos grandes&#8230;<\/div>\n<div class=\"title__separator\" style=\"text-align: justify;\"><\/div>\n<div class=\"article__text \">\n<p style=\"text-align: justify;\"><b>Sergio Centofanti<\/b><\/p>\n<p style=\"text-align: justify;\">Ao longo da hist\u00f3ria, os povos sofreram muito com as guerras dos poderosos. Tantas v\u00edtimas inocentes, tantas l\u00e1grimas, tanta dor pelas guerras travadas pelos fracos para os fortes. Guerras que tornaram os fracos mais fracos e os fortes mais fortes.<\/p>\n<div style=\"text-align: justify;\">\n<div class=\"article__embed article__embed--unwrap article__embed--dark\">\n<div class=\"article__innerTitle\">Ou\u00e7a e compartilhe!<\/div>\n<div>\n<!--[if lt IE 9]><script>document.createElement('audio');<\/script><![endif]-->\n<audio class=\"wp-audio-shortcode\" id=\"audio-72532-1\" preload=\"none\" style=\"width: 100%;\" controls=\"controls\"><source type=\"audio\/mpeg\" src=\"https:\/\/media.vaticannews.va\/media\/audio\/s1\/2022\/02\/14\/14\/136429550_F136429550.mp3?_=1\" \/><a href=\"https:\/\/media.vaticannews.va\/media\/audio\/s1\/2022\/02\/14\/14\/136429550_F136429550.mp3\">https:\/\/media.vaticannews.va\/media\/audio\/s1\/2022\/02\/14\/14\/136429550_F136429550.mp3<\/a><\/audio>\n<\/div>\n<\/div>\n<\/div>\n<p style=\"text-align: justify;\">Nestes \u00faltimos dias, a possibilidade de uma terceira guerra mundial tem sido evocada. \u00c9 assustador s\u00f3 ouvir falar sobre isso.<\/p>\n<p style=\"text-align: justify;\">Ainda ressoa profeticamente o apelo de Jo\u00e3o Paulo II no Natal de 1990, antes do in\u00edcio da Guerra do Golfo: &#8220;Que os respons\u00e1veis sejam persuadidos de que a guerra \u00e9 uma aventura sem retorno!&#8221;. Ainda hoje, mais de 30 anos depois, ainda estamos pagando pelas consequ\u00eancias dessa guerra: viol\u00eancia, terrorismo, outras guerras, outros povos que sofrem.<\/p>\n<p style=\"text-align: justify;\">Hoje ouvimos a voz dos grandes que falam de guerra. Precisamos ouvir a voz dos pequenos que falam de paz. Isso j\u00e1 aconteceu na hist\u00f3ria. Gandhi mobilizou um povo formado por muitas pessoas pequenas, milh\u00f5es de pessoas pequenas unidas pela paz, o que parecia imposs\u00edvel. Tamb\u00e9m no s\u00e9culo passado, poderosos regimes ditatoriais, que pareciam invenc\u00edveis, sucumbiram sem viol\u00eancia porque um povo indefeso se rebelou.<\/p>\n<p style=\"text-align: justify;\">O Evangelho proclama aben\u00e7oados os agentes da paz. &#8220;A guerra \u00e9 uma loucura&#8221;, disse o Papa Francisco: ela traz apenas sofrimento e destrui\u00e7\u00e3o aos povos. Mas ser\u00e1 que os povos podem se rebelar contra as guerras dos poderosos? N\u00e3o. Eles &#8220;devem&#8221; se rebelar.<\/p>\n<\/div>\n","protected":false},"excerpt":{"rendered":"<p>O Sofrimento na guerra No Angelus de domingo (13\/02), o Papa convidou mais uma vez a rezar pela paz na Ucr\u00e2nia. No mundo, a ora\u00e7\u00e3o silenciosa dos pequenos de Deus est\u00e1 crescendo diante do ru\u00eddo amea\u00e7ador das armas dos grandes&#8230; Sergio Centofanti Ao longo da hist\u00f3ria, os povos sofreram muito com as guerras dos poderosos. [&hellip;]<\/p>\n","protected":false},"author":1,"featured_media":72533,"comment_status":"open","ping_status":"closed","sticky":false,"template":"","format":"standard","meta":{"footnotes":""},"categories":[3],"tags":[],"class_list":["post-72532","post","type-post","status-publish","format-standard","has-post-thumbnail","hentry","category-vaticano"],"_links":{"self":[{"href":"https:\/\/catolicanet.net\/wp-cnet\/wp-json\/wp\/v2\/posts\/72532","targetHints":{"allow":["GET"]}}],"collection":[{"href":"https:\/\/catolicanet.net\/wp-cnet\/wp-json\/wp\/v2\/posts"}],"about":[{"href":"https:\/\/catolicanet.net\/wp-cnet\/wp-json\/wp\/v2\/types\/post"}],"author":[{"embeddable":true,"href":"https:\/\/catolicanet.net\/wp-cnet\/wp-json\/wp\/v2\/users\/1"}],"replies":[{"embeddable":true,"href":"https:\/\/catolicanet.net\/wp-cnet\/wp-json\/wp\/v2\/comments?post=72532"}],"version-history":[{"count":1,"href":"https:\/\/catolicanet.net\/wp-cnet\/wp-json\/wp\/v2\/posts\/72532\/revisions"}],"predecessor-version":[{"id":72534,"href":"https:\/\/catolicanet.net\/wp-cnet\/wp-json\/wp\/v2\/posts\/72532\/revisions\/72534"}],"wp:featuredmedia":[{"embeddable":true,"href":"https:\/\/catolicanet.net\/wp-cnet\/wp-json\/wp\/v2\/media\/72533"}],"wp:attachment":[{"href":"https:\/\/catolicanet.net\/wp-cnet\/wp-json\/wp\/v2\/media?parent=72532"}],"wp:term":[{"taxonomy":"category","embeddable":true,"href":"https:\/\/catolicanet.net\/wp-cnet\/wp-json\/wp\/v2\/categories?post=72532"},{"taxonomy":"post_tag","embeddable":true,"href":"https:\/\/catolicanet.net\/wp-cnet\/wp-json\/wp\/v2\/tags?post=72532"}],"curies":[{"name":"wp","href":"https:\/\/api.w.org\/{rel}","templated":true}]}}