{"id":72510,"date":"2022-02-11T09:16:13","date_gmt":"2022-02-11T12:16:13","guid":{"rendered":"https:\/\/catolicanet.net\/wp-cnet\/?p=72510"},"modified":"2022-02-11T14:17:16","modified_gmt":"2022-02-11T17:17:16","slug":"celebre-em-familia-o-dia-do-senhor-com-os-roteiros-para-o-6o-e-o-7o-domingos-do-tempo-comum","status":"publish","type":"post","link":"https:\/\/catolicanet.net\/wp-cnet\/celebre-em-familia-o-dia-do-senhor-com-os-roteiros-para-o-6o-e-o-7o-domingos-do-tempo-comum\/","title":{"rendered":"CELEBRE EM FAM\u00cdLIA O DIA DO SENHOR COM OS ROTEIROS PARA O 6\u00ba E O 7\u00ba DOMINGOS DO TEMPO COMUM"},"content":{"rendered":"<p style=\"text-align: justify;\">A Comiss\u00e3o Episcopal Pastoral para a Liturgia da Confer\u00eancia Nacional dos Bispos do Brasil (CNBB) disponibilizou os roteiros Celebrar em Fam\u00edlia para o 6\u00ba e o 7\u00ba Domingos do Tempo Comum.<\/p>\n<blockquote><p>\u201cContinuamos a oferecer esta sugest\u00e3o de Celebra\u00e7\u00e3o da Palavra de Deus para ser celebrada em sua casa, com seus familiares. S\u00e3o muitos os hor\u00e1rios de transmiss\u00e3o de missas em nossos canais cat\u00f3licos que podemos acompanhar, mas vivendo a dignidade de povo sacerdotal que nosso batismo nos conferiu, podemos n\u00e3o s\u00f3 acompanhar, mas CELEBRAR com nossas fam\u00edlias o Dia do Senhor\u201d, indica a Comiss\u00e3o.<\/p><\/blockquote>\n<p style=\"text-align: justify;\">Na liturgia do pr\u00f3ximo domingo, 13 de fevereiro, o Evangelho de Lucas (Lc 6,17.20-26) que ser\u00e1 proclamado traz as Bem Aventuran\u00e7as ensinadas por Jesus.<\/p>\n<p style=\"text-align: justify;\">Para a celebra\u00e7\u00e3o, as fam\u00edlias s\u00e3o orientadas a escolher um local adequado para celebrar e rezar juntos. Tamb\u00e9m sugere-se que os textos b\u00edblicos a serem proclamados estejam marcados na B\u00edblia. Al\u00e9m disso, pode ser providenciada uma mesa com um crucifixo, um vaso de flores, uma imagem ou \u00edcone de Nossa Senhora e uma vela a ser acesa no momento da celebra\u00e7\u00e3o.<\/p>\n<p style=\"text-align: justify;\">Cada fam\u00edlia poder\u00e1 adaptar o esquema conforme as necessidades. Os cantos s\u00e3o sugest\u00f5es podendo ser trocados por outros, levando em<br \/>\nconsidera\u00e7\u00e3o o Tempo Lit\u00fargico vivido.<\/p>\n<p>&nbsp;<\/p>\n<p><a href=\"https:\/\/bit.ly\/cef6dtc\" target=\"_blank\" rel=\"noopener\">BAIXE O ROTEIRO CELEBRAR EM FAM\u00cdLIA PARA O 6\u00ba DOMINGO DO TEMPO COMUM<\/a><\/p>\n<p><a href=\"https:\/\/bit.ly\/cef7dtc\" target=\"_blank\" rel=\"noopener\">BAIXE O ROTEIRO CELEBRAR EM FAM\u00cdLIA PARA O 7\u00ba DOMINGO DO TEMPO COMUM<\/a><\/p>\n","protected":false},"excerpt":{"rendered":"<p>A Comiss\u00e3o Episcopal Pastoral para a Liturgia da Confer\u00eancia Nacional dos Bispos do Brasil (CNBB) disponibilizou os roteiros Celebrar em Fam\u00edlia para o 6\u00ba e o 7\u00ba Domingos do Tempo Comum. \u201cContinuamos a oferecer esta sugest\u00e3o de Celebra\u00e7\u00e3o da Palavra de Deus para ser celebrada em sua casa, com seus familiares. S\u00e3o muitos os hor\u00e1rios [&hellip;]<\/p>\n","protected":false},"author":1,"featured_media":72511,"comment_status":"open","ping_status":"closed","sticky":false,"template":"","format":"standard","meta":{"footnotes":""},"categories":[7],"tags":[],"class_list":["post-72510","post","type-post","status-publish","format-standard","has-post-thumbnail","hentry","category-cnbb"],"_links":{"self":[{"href":"https:\/\/catolicanet.net\/wp-cnet\/wp-json\/wp\/v2\/posts\/72510","targetHints":{"allow":["GET"]}}],"collection":[{"href":"https:\/\/catolicanet.net\/wp-cnet\/wp-json\/wp\/v2\/posts"}],"about":[{"href":"https:\/\/catolicanet.net\/wp-cnet\/wp-json\/wp\/v2\/types\/post"}],"author":[{"embeddable":true,"href":"https:\/\/catolicanet.net\/wp-cnet\/wp-json\/wp\/v2\/users\/1"}],"replies":[{"embeddable":true,"href":"https:\/\/catolicanet.net\/wp-cnet\/wp-json\/wp\/v2\/comments?post=72510"}],"version-history":[{"count":1,"href":"https:\/\/catolicanet.net\/wp-cnet\/wp-json\/wp\/v2\/posts\/72510\/revisions"}],"predecessor-version":[{"id":72512,"href":"https:\/\/catolicanet.net\/wp-cnet\/wp-json\/wp\/v2\/posts\/72510\/revisions\/72512"}],"wp:featuredmedia":[{"embeddable":true,"href":"https:\/\/catolicanet.net\/wp-cnet\/wp-json\/wp\/v2\/media\/72511"}],"wp:attachment":[{"href":"https:\/\/catolicanet.net\/wp-cnet\/wp-json\/wp\/v2\/media?parent=72510"}],"wp:term":[{"taxonomy":"category","embeddable":true,"href":"https:\/\/catolicanet.net\/wp-cnet\/wp-json\/wp\/v2\/categories?post=72510"},{"taxonomy":"post_tag","embeddable":true,"href":"https:\/\/catolicanet.net\/wp-cnet\/wp-json\/wp\/v2\/tags?post=72510"}],"curies":[{"name":"wp","href":"https:\/\/api.w.org\/{rel}","templated":true}]}}