{"id":72493,"date":"2022-02-11T08:57:26","date_gmt":"2022-02-11T11:57:26","guid":{"rendered":"https:\/\/catolicanet.net\/wp-cnet\/?p=72493"},"modified":"2022-02-11T14:03:28","modified_gmt":"2022-02-11T17:03:28","slug":"ajuda-nos-a-ser-comunidade-a-oracao-do-papa-a-nossa-senhora-de-lourdes","status":"publish","type":"post","link":"https:\/\/catolicanet.net\/wp-cnet\/ajuda-nos-a-ser-comunidade-a-oracao-do-papa-a-nossa-senhora-de-lourdes\/","title":{"rendered":"Ajuda-nos a ser comunidade: a ora\u00e7\u00e3o do Papa a Nossa Senhora de Lourdes"},"content":{"rendered":"<div class=\"article__subTitle\" style=\"text-align: justify;\">Em mensagem aos peregrinos que esta sexta-feira visitar\u00e3o o Santu\u00e1rio de Nossa Senhora de Lourdes, em Buenos Aires (Argentina), Francisco ressalta a dimens\u00e3o comunit\u00e1ria e o abrir-se aos outros: &#8220;O encontro n\u00e3o \u00e9 esmola, \u00e9 colocar-se em jogo&#8221;.<\/div>\n<div class=\"title__separator\" style=\"text-align: justify;\"><\/div>\n<div class=\"article__text \">\n<p style=\"text-align: justify;\"><b>Vatican News<\/b><\/p>\n<p><iframe loading=\"lazy\" title=\"Video mensaje de Francisco al Santuario Nuestra Se\u00f1ora de Lourdes en Buenos Aires\" width=\"696\" height=\"392\" src=\"https:\/\/www.youtube.com\/embed\/TrbSk4Qi7Oo?feature=oembed\" frameborder=\"0\" allow=\"accelerometer; autoplay; clipboard-write; encrypted-media; gyroscope; picture-in-picture\" allowfullscreen><\/iframe><\/p>\n<p style=\"text-align: justify;\">Uma comunidade que vai ao encontro de todos: para o Papa Francisco, esta \u00e9 a gra\u00e7a que os fi\u00e9is argentinos devem pedir ao peregrinarem neste 11 de fevereiro ao Santu\u00e1rio de Nossa Senhora de Lourdes, no dia da sua festa.<\/p>\n<p style=\"text-align: justify;\">\u201cSer comunidade que vai ao encontro de todos, sair para encontrar os outros, mas sair tamb\u00e9m para deixar-se encontrar, porque o encontro \u00e9 rec\u00edproco, n\u00e3o \u00e9 uma esmola\u201d, afirma Francisco numa mensagem em v\u00eddeo aos peregrinos. E prossegue:<\/p>\n<p style=\"text-align: justify;\">O encontro \u201c\u00e9 colocar-se em jogo por uma ideia, \u00e9 caminhar juntos, sair da solid\u00e3o e do isolamento para estar com os outros, com os amigos, com a fam\u00edlia, com o Povo de Deus, todos juntos em ora\u00e7\u00e3o diante da Virgem\u201d.<\/p>\n<p style=\"text-align: justify;\">Eis ent\u00e3o a ora\u00e7\u00e3o proposta pelo Pont\u00edfice:<\/p>\n<div style=\"text-align: justify;\">\n<div class=\"article__embed article__embed--border embed_style\">\n<blockquote><p>\u201cM\u00e3e, ajuda-nos a ser comunidade!\u201d<\/p><\/blockquote>\n<\/div>\n<\/div>\n<p style=\"text-align: justify;\">O encontro, continua o Papa, \u00e9 abrir-se aos outros e o seu oposto \u00e9 fechar o pr\u00f3prio cora\u00e7\u00e3o. \u201cM\u00e3e, faz com que n\u00e3o tenhamos o cora\u00e7\u00e3o fechado, porque o ego\u00edsmo \u00e9 uma tra\u00e7a que corr\u00f3i o cora\u00e7\u00e3o por dentro.\u201d<\/p>\n<p style=\"text-align: justify;\">Francisco conclui sua mensagem assegurando sua participa\u00e7\u00e3o espiritual \u00e0 celebra\u00e7\u00e3o no Santu\u00e1rio argentino e concedendo sua b\u00ean\u00e7\u00e3o a todos os peregrinos. \u201cBoa\u00a0 festa!\u201d<\/p>\n<div>\n<div class=\"article__embed article__embed--unwrap article__embed--photo\">\n<figure style=\"text-align: justify;\"><picture><img decoding=\"async\" class=\"loaded\" src=\"https:\/\/www.vaticannews.va\/content\/dam\/vaticannews\/multimedia\/2022\/02\/10\/00034215aem.jpg\/_jcr_content\/renditions\/cq5dam.thumbnail.cropped.750.422.jpeg\" alt=\"O santu\u00e1rio de Nossa Senhora de Lourdes, em Buenos Aires\" data-original=\"\/content\/dam\/vaticannews\/multimedia\/2022\/02\/10\/00034215aem.jpg\/_jcr_content\/renditions\/cq5dam.thumbnail.cropped.750.422.jpeg\" data-was-processed=\"true\" \/><\/picture><\/figure>\n<div class=\"photo_embed--Title\" style=\"text-align: justify;\">O santu\u00e1rio de Nossa Senhora de Lourdes, em Buenos Aires<\/div>\n<\/div>\n<\/div>\n<\/div>\n","protected":false},"excerpt":{"rendered":"<p>Em mensagem aos peregrinos que esta sexta-feira visitar\u00e3o o Santu\u00e1rio de Nossa Senhora de Lourdes, em Buenos Aires (Argentina), Francisco ressalta a dimens\u00e3o comunit\u00e1ria e o abrir-se aos outros: &#8220;O encontro n\u00e3o \u00e9 esmola, \u00e9 colocar-se em jogo&#8221;. Vatican News Uma comunidade que vai ao encontro de todos: para o Papa Francisco, esta \u00e9 a [&hellip;]<\/p>\n","protected":false},"author":1,"featured_media":72494,"comment_status":"open","ping_status":"closed","sticky":false,"template":"","format":"standard","meta":{"footnotes":""},"categories":[3],"tags":[],"class_list":["post-72493","post","type-post","status-publish","format-standard","has-post-thumbnail","hentry","category-vaticano"],"_links":{"self":[{"href":"https:\/\/catolicanet.net\/wp-cnet\/wp-json\/wp\/v2\/posts\/72493","targetHints":{"allow":["GET"]}}],"collection":[{"href":"https:\/\/catolicanet.net\/wp-cnet\/wp-json\/wp\/v2\/posts"}],"about":[{"href":"https:\/\/catolicanet.net\/wp-cnet\/wp-json\/wp\/v2\/types\/post"}],"author":[{"embeddable":true,"href":"https:\/\/catolicanet.net\/wp-cnet\/wp-json\/wp\/v2\/users\/1"}],"replies":[{"embeddable":true,"href":"https:\/\/catolicanet.net\/wp-cnet\/wp-json\/wp\/v2\/comments?post=72493"}],"version-history":[{"count":3,"href":"https:\/\/catolicanet.net\/wp-cnet\/wp-json\/wp\/v2\/posts\/72493\/revisions"}],"predecessor-version":[{"id":72497,"href":"https:\/\/catolicanet.net\/wp-cnet\/wp-json\/wp\/v2\/posts\/72493\/revisions\/72497"}],"wp:featuredmedia":[{"embeddable":true,"href":"https:\/\/catolicanet.net\/wp-cnet\/wp-json\/wp\/v2\/media\/72494"}],"wp:attachment":[{"href":"https:\/\/catolicanet.net\/wp-cnet\/wp-json\/wp\/v2\/media?parent=72493"}],"wp:term":[{"taxonomy":"category","embeddable":true,"href":"https:\/\/catolicanet.net\/wp-cnet\/wp-json\/wp\/v2\/categories?post=72493"},{"taxonomy":"post_tag","embeddable":true,"href":"https:\/\/catolicanet.net\/wp-cnet\/wp-json\/wp\/v2\/tags?post=72493"}],"curies":[{"name":"wp","href":"https:\/\/api.w.org\/{rel}","templated":true}]}}