{"id":72490,"date":"2022-02-11T09:34:14","date_gmt":"2022-02-11T12:34:14","guid":{"rendered":"https:\/\/catolicanet.net\/wp-cnet\/?p=72490"},"modified":"2022-02-11T13:56:10","modified_gmt":"2022-02-11T16:56:10","slug":"o-papa-anuncia-o-jubileu-de-2025-um-dom-especial-de-graca-da-misericordia-de-deus","status":"publish","type":"post","link":"https:\/\/catolicanet.net\/wp-cnet\/o-papa-anuncia-o-jubileu-de-2025-um-dom-especial-de-graca-da-misericordia-de-deus\/","title":{"rendered":"O Papa anuncia o Jubileu de 2025: um dom especial de gra\u00e7a da miseric\u00f3rdia de Deus"},"content":{"rendered":"<div class=\"article__subTitle\" style=\"text-align: justify;\">\u201cAgora aproxima-se a meta dos primeiros vinte e cinco anos do s\u00e9culo XXI, e somos chamados a realizar uma prepara\u00e7\u00e3o que permita ao povo crist\u00e3o viver o Ano Santo em todo o seu significado pastoral. Neste sentido, constituiu uma etapa significativa o Jubileu Extraordin\u00e1rio da Miseric\u00f3rdia, que nos permitiu redescobrir toda a for\u00e7a e ternura do amor misericordioso do Pai a fim de, por nossa vez, sermos testemunhas do mesmo\u201d, afirma o Papa Francisco numa carta ao arcebispo dom Rino Fisichella<\/div>\n<div class=\"title__separator\" style=\"text-align: justify;\"><\/div>\n<div class=\"article__text \">\n<p style=\"text-align: justify;\"><b>Raimundo de Lima \u2013 Vatican News<\/b><\/p>\n<div style=\"text-align: justify;\">\n<div class=\"article__embed article__embed--unwrap article__embed--dark\">\n<div class=\"article__innerTitle\">Ou\u00e7a e compartilhe!<\/div>\n<div>\n<audio class=\"wp-audio-shortcode\" id=\"audio-72490-1\" preload=\"none\" style=\"width: 100%;\" controls=\"controls\"><source type=\"audio\/mpeg\" src=\"https:\/\/media.vaticannews.va\/media\/audio\/s1\/2022\/02\/11\/12\/136426340_F136426340.mp3?_=1\" \/><a href=\"https:\/\/media.vaticannews.va\/media\/audio\/s1\/2022\/02\/11\/12\/136426340_F136426340.mp3\">https:\/\/media.vaticannews.va\/media\/audio\/s1\/2022\/02\/11\/12\/136426340_F136426340.mp3<\/a><\/audio>\n<\/div>\n<\/div>\n<\/div>\n<p style=\"text-align: justify;\">\u201cConfio-te, amado Irm\u00e3o, a responsabilidade de encontrar as formas adequadas para que o Ano Santo possa ser preparado e celebrado com f\u00e9 intensa, esperan\u00e7a viva e caridade operosa. O Dicast\u00e9rio que promove a nova evangeliza\u00e7\u00e3o saber\u00e1 fazer deste momento de gra\u00e7a uma etapa significativa na pastoral das Igrejas Particulares, latinas e orientais, que nestes anos s\u00e3o chamadas a intensificar o empenho sinodal\u201d: \u00e9 o que afirma o Papa Francisco numa carta ao arcebispo Rino Fisichella, presidente do Pontif\u00edcio Conselho para a Promo\u00e7\u00e3o da Nova Evangeliza\u00e7\u00e3o, dicast\u00e9rio encarregado de preparar e coordenar o Jubileu de 2025.<\/p>\n<h2 style=\"text-align: justify;\">Evento de grande relev\u00e2ncia espiritual, eclesial e social<\/h2>\n<p style=\"text-align: justify;\">O Santo Padre introduz a missiva ressaltando que o Jubileu representou sempre na vida da Igreja um acontecimento de grande relev\u00e2ncia espiritual, eclesial e social. Desde que Bonif\u00e1cio VIII, em 1300, instituiu o primeiro Ano Santo, o fiel e santo povo de Deus viveu esta celebra\u00e7\u00e3o como um dom especial de gra\u00e7a, caraterizado pelo perd\u00e3o dos pecados e, em particular, pela indulg\u00eancia, express\u00e3o plena da miseric\u00f3rdia de Deus.<\/p>\n<p style=\"text-align: justify;\">Francisco lembra que o Grande Jubileu do ano 2000 introduziu a Igreja no terceiro mil\u00eanio da sua hist\u00f3ria. \u201cTanto o aguardou e desejou S\u00e3o Jo\u00e3o Paulo II, com a esperan\u00e7a de que todos os crist\u00e3os, superadas as divis\u00f5es hist\u00f3ricas, pudessem celebrar juntos os dois mil anos do nascimento de Jesus Cristo, o Salvador da humanidade\u201d.<\/p>\n<h2 style=\"text-align: justify;\">Viver o Ano Santo em todo o seu significado pastoral<\/h2>\n<p style=\"text-align: justify;\">\u201cAgora aproxima-se a meta dos primeiros vinte e cinco anos do s\u00e9culo XXI, e somos chamados a realizar uma prepara\u00e7\u00e3o que permita ao povo crist\u00e3o viver o Ano Santo em todo o seu significado pastoral. Neste sentido, constituiu uma etapa significativa o Jubileu Extraordin\u00e1rio da Miseric\u00f3rdia, que nos permitiu redescobrir toda a for\u00e7a e ternura do amor misericordioso do Pai a fim de, por nossa vez, sermos testemunhas do mesmo\u201d, destaca o Pont\u00edfice.<\/p>\n<p style=\"text-align: justify;\">Em seguida, Francisco evidencia que nos \u00faltimos dois anos, n\u00e3o houve na\u00e7\u00e3o que n\u00e3o tenha sido transtornada pela inesperada epidemia que, al\u00e9m de nos ter feito tocar de perto o drama da morte na solid\u00e3o, a incerteza e o car\u00e1ter provis\u00f3rio da exist\u00eancia, modificou o nosso modo de viver. \u201cComo crist\u00e3os -l\u00ea-se na carta -, sofremos juntamente com todos os irm\u00e3os e irm\u00e3s os mesmos sofrimentos e limita\u00e7\u00f5es. As nossas igrejas estiveram fechadas, bem como as escolas, as f\u00e1bricas, os escrit\u00f3rios, as lojas e os locais dedicados ao tempo livre. Todos vimos algumas liberdades limitadas e a pandemia, al\u00e9m do sofrimento, por vezes suscitou no \u00edntimo de n\u00f3s mesmos a d\u00favida, o medo, a perplexidade.\u201d<\/p>\n<h2 style=\"text-align: justify;\">Sinal de renascimento ap\u00f3s os sofrimentos da pandemia<\/h2>\n<p style=\"text-align: justify;\">A este ponto de sua carta, o Papa chama a aten\u00e7\u00e3o para o fato de que o pr\u00f3ximo Jubileu poder\u00e1 favorecer imenso a recomposi\u00e7\u00e3o dum clima de esperan\u00e7a e confian\u00e7a, como sinal dum renovado renascimento do qual todos sentimos a urg\u00eancia. \u201cPor isso &#8211; afirma -, escolhi o lema\u00a0<i>Peregrinos de esperan\u00e7a<\/i>. Entretanto tudo isto ser\u00e1 poss\u00edvel se formos capazes de recuperar o sentido de fraternidade universal, se n\u00e3o fecharmos os olhos diante do drama da pobreza crescente que impede milh\u00f5es de homens, mulheres, jovens e crian\u00e7as de viverem de maneira digna de seres humanos. Penso de modo especial nos in\u00fameros refugiados for\u00e7ados a abandonar as suas terras. Que as vozes dos pobres sejam escutadas neste tempo de prepara\u00e7\u00e3o para o Jubileu\u201d, exorta.<\/p>\n<h2 style=\"text-align: justify;\">Ano Jubilar, a beleza da cria\u00e7\u00e3o e cuidado com a casa comum<\/h2>\n<p style=\"text-align: justify;\">O Santo Padre faz votos de que a dimens\u00e3o espiritual do Jubileu, que convida \u00e0 convers\u00e3o, se combine com estes aspetos fundamentais da vida social, de modo a constituir uma unidade coerente. \u201cSentindo-nos todos peregrinos na terra onde o Senhor nos colocou para a cultivar e guardar (cf. Gn 2, 15), n\u00e3o nos desleixemos, ao longo do caminho, de contemplar a beleza da cria\u00e7\u00e3o e cuidar da nossa casa comum. Almejo que o pr\u00f3ximo Ano Jubilar seja celebrado e vivido tamb\u00e9m com esta inten\u00e7\u00e3o\u201d, enfatiza.<\/p>\n<p style=\"text-align: justify;\">Francisco destaca tamb\u00e9m que a peregrina\u00e7\u00e3o rumo ao Jubileu poder\u00e1 refor\u00e7ar e exprimir o caminho comum que a Igreja \u00e9 chamada a empreender para ser, cada vez mais e melhor, sinal e instrumento de unidade na harmonia das diversidades. \u201cSer\u00e1 importante ajudar a redescobrir as exig\u00eancias da voca\u00e7\u00e3o universal \u00e0 participa\u00e7\u00e3o respons\u00e1vel, valorizando os carismas e minist\u00e9rios que o Esp\u00edrito Santo n\u00e3o cessa jamais de conceder para a constru\u00e7\u00e3o da \u00fanica Igreja\u201d, afirma.<\/p>\n<h2 style=\"text-align: justify;\">Dedicar o ano 2024 a uma grande &#8220;sinfonia&#8221; de ora\u00e7\u00e3o<\/h2>\n<p style=\"text-align: justify;\">\u201cComo \u00e9 costume &#8211; continua o Pont\u00edfice -, a Bula de Promulga\u00e7\u00e3o, que ser\u00e1 emanada no devido tempo, conter\u00e1 as indica\u00e7\u00f5es necess\u00e1rias para celebrar o Jubileu de 2025. Neste tempo de prepara\u00e7\u00e3o, desde j\u00e1 me alegra pensar que se poder\u00e1 dedicar o ano anterior ao evento jubilar, o 2024, a uma grande \u00absinfonia\u00bb de ora\u00e7\u00e3o.\u201d<\/p>\n<p style=\"text-align: justify;\">\u201cUm ano intenso de ora\u00e7\u00e3o, em que os cora\u00e7\u00f5es se abram para receber a abund\u00e2ncia da gra\u00e7a, fazendo do \u00abPai Nosso\u00bb \u2013 a ora\u00e7\u00e3o que Jesus nos ensinou \u2013 o programa de vida de todos os seus disc\u00edpulos.\u201d<\/p>\n<p style=\"text-align: justify;\">Francisco concluindo sua carta pedindo \u00e0 Virgem Maria que acompanhe a Igreja no caminho de prepara\u00e7\u00e3o para o acontecimento de gra\u00e7a que \u00e9 o Jubileu e, agradecido, envia sua B\u00ean\u00e7\u00e3o ao arcebispo Fisichella e a seus colaboradores.<\/p>\n<\/div>\n","protected":false},"excerpt":{"rendered":"<p>\u201cAgora aproxima-se a meta dos primeiros vinte e cinco anos do s\u00e9culo XXI, e somos chamados a realizar uma prepara\u00e7\u00e3o que permita ao povo crist\u00e3o viver o Ano Santo em todo o seu significado pastoral. Neste sentido, constituiu uma etapa significativa o Jubileu Extraordin\u00e1rio da Miseric\u00f3rdia, que nos permitiu redescobrir toda a for\u00e7a e ternura [&hellip;]<\/p>\n","protected":false},"author":1,"featured_media":72491,"comment_status":"open","ping_status":"closed","sticky":false,"template":"","format":"standard","meta":{"footnotes":""},"categories":[13,3],"tags":[],"class_list":["post-72490","post","type-post","status-publish","format-standard","has-post-thumbnail","hentry","category-featured","category-vaticano"],"_links":{"self":[{"href":"https:\/\/catolicanet.net\/wp-cnet\/wp-json\/wp\/v2\/posts\/72490","targetHints":{"allow":["GET"]}}],"collection":[{"href":"https:\/\/catolicanet.net\/wp-cnet\/wp-json\/wp\/v2\/posts"}],"about":[{"href":"https:\/\/catolicanet.net\/wp-cnet\/wp-json\/wp\/v2\/types\/post"}],"author":[{"embeddable":true,"href":"https:\/\/catolicanet.net\/wp-cnet\/wp-json\/wp\/v2\/users\/1"}],"replies":[{"embeddable":true,"href":"https:\/\/catolicanet.net\/wp-cnet\/wp-json\/wp\/v2\/comments?post=72490"}],"version-history":[{"count":1,"href":"https:\/\/catolicanet.net\/wp-cnet\/wp-json\/wp\/v2\/posts\/72490\/revisions"}],"predecessor-version":[{"id":72492,"href":"https:\/\/catolicanet.net\/wp-cnet\/wp-json\/wp\/v2\/posts\/72490\/revisions\/72492"}],"wp:featuredmedia":[{"embeddable":true,"href":"https:\/\/catolicanet.net\/wp-cnet\/wp-json\/wp\/v2\/media\/72491"}],"wp:attachment":[{"href":"https:\/\/catolicanet.net\/wp-cnet\/wp-json\/wp\/v2\/media?parent=72490"}],"wp:term":[{"taxonomy":"category","embeddable":true,"href":"https:\/\/catolicanet.net\/wp-cnet\/wp-json\/wp\/v2\/categories?post=72490"},{"taxonomy":"post_tag","embeddable":true,"href":"https:\/\/catolicanet.net\/wp-cnet\/wp-json\/wp\/v2\/tags?post=72490"}],"curies":[{"name":"wp","href":"https:\/\/api.w.org\/{rel}","templated":true}]}}