{"id":72471,"date":"2022-02-10T09:28:37","date_gmt":"2022-02-10T12:28:37","guid":{"rendered":"https:\/\/catolicanet.net\/wp-cnet\/?p=72471"},"modified":"2022-02-10T13:33:39","modified_gmt":"2022-02-10T16:33:39","slug":"dia-mundial-do-enfermo-o-papa-garantir-atendimento-medico-a-todos-os-doentes","status":"publish","type":"post","link":"https:\/\/catolicanet.net\/wp-cnet\/dia-mundial-do-enfermo-o-papa-garantir-atendimento-medico-a-todos-os-doentes\/","title":{"rendered":"Dia Mundial do Enfermo, o Papa: garantir atendimento m\u00e9dico a todos os doentes"},"content":{"rendered":"<figure class=\"article__image\" style=\"text-align: justify;\"><span class=\"didascalia_img\">O Papa Francisco com pessoas que sofrem da Doen\u00e7a de Huntington\u00a0<\/span><\/figure>\n<div class=\"article__meta audioInside\" data-mediatype=\"\">\n<div class=\"article__subTitle\" style=\"text-align: justify;\">Rezar por aqueles que sofrem e por aqueles que trabalham ao lado deles. As palavras de Francisco na Audi\u00eancia Geral antecipam o Dia Mundial do Enfermo, celebrado em 11 de fevereiro.<\/div>\n<div class=\"title__separator\" style=\"text-align: justify;\"><\/div>\n<div class=\"article__text \">\n<p style=\"text-align: justify;\"><b>Mariangela Jaguraba &#8211; Vatican News<\/b><\/p>\n<p style=\"text-align: justify;\">No final da Audi\u00eancia Geral desta quarta-feira (09\/02), na Sala Paulo VI, o Papa Francisco recordou que na pr\u00f3xima sexta-feira dia 11, celebra-se o Dia Mundial do Enfermo.<\/p>\n<div style=\"text-align: justify;\">\n<div class=\"article__embed article__embed--unwrap article__embed--dark\">\n<div class=\"article__innerTitle\">Ou\u00e7a e compartilhe<\/div>\n<div>\n<!--[if lt IE 9]><script>document.createElement('audio');<\/script><![endif]-->\n<audio class=\"wp-audio-shortcode\" id=\"audio-72471-1\" preload=\"none\" style=\"width: 100%;\" controls=\"controls\"><source type=\"audio\/mpeg\" src=\"https:\/\/media.vaticannews.va\/media\/audio\/s1\/2022\/02\/09\/15\/136424046_F136424046.mp3?_=1\" \/><a href=\"https:\/\/media.vaticannews.va\/media\/audio\/s1\/2022\/02\/09\/15\/136424046_F136424046.mp3\">https:\/\/media.vaticannews.va\/media\/audio\/s1\/2022\/02\/09\/15\/136424046_F136424046.mp3<\/a><\/audio>\n<\/div>\n<\/div>\n<\/div>\n<p style=\"text-align: justify;\"><i>Gostaria de lembrar os nossos queridos doentes para que todos possam receber atendimento m\u00e9dico e acompanhamento espiritual. Rezemos por esses nossos irm\u00e3os e irm\u00e3s, por suas fam\u00edlias, pelos agentes de sa\u00fade e pastorais, e por todos aqueles que cuidam deles.<\/i><\/p>\n<p style=\"text-align: justify;\">Na mensagem para o Dia Mundial do Enfermo divulgada em janeiro deste ano, sobre o tema &#8220;Sede misericordiosos como o vosso Pai \u00e9 misericordioso&#8221;, e como lema &#8220;Colocar-se ao lado de quem sofre num caminho de caridade&#8221;, o Papa convida a todos a considerar o doente acima da doen\u00e7a porque &#8220;qualquer abordagem terap\u00eautica n\u00e3o pode prescindir da escuta do paciente, da sua hist\u00f3ria, das suas ansiedades e dos seus medos&#8221;.<\/p>\n<p style=\"text-align: justify;\">&#8220;A miseric\u00f3rdia \u00e9, por excel\u00eancia, o nome de Deus, que expressa a sua natureza n\u00e3o como um sentimento ocasional, mas como for\u00e7a presente em tudo o que Ele faz&#8221;, ressalta o Papa em sua mensagem.<\/p>\n<p style=\"text-align: justify;\">&#8220;Deus \u00e9 conjuntamente for\u00e7a e ternura&#8221;, sublinha o Papa, e por isso podemos dizer que &#8220;Ele cuida de n\u00f3s com a for\u00e7a de um pai e com a ternura de uma m\u00e3e, sempre desejoso de nos dar vida nova no Esp\u00edrito Santo&#8221;.<\/p>\n<\/div>\n<\/div>\n","protected":false},"excerpt":{"rendered":"<p>O Papa Francisco com pessoas que sofrem da Doen\u00e7a de Huntington\u00a0 Rezar por aqueles que sofrem e por aqueles que trabalham ao lado deles. As palavras de Francisco na Audi\u00eancia Geral antecipam o Dia Mundial do Enfermo, celebrado em 11 de fevereiro. Mariangela Jaguraba &#8211; Vatican News No final da Audi\u00eancia Geral desta quarta-feira (09\/02), [&hellip;]<\/p>\n","protected":false},"author":1,"featured_media":72472,"comment_status":"open","ping_status":"closed","sticky":false,"template":"","format":"standard","meta":{"footnotes":""},"categories":[3],"tags":[],"class_list":["post-72471","post","type-post","status-publish","format-standard","has-post-thumbnail","hentry","category-vaticano"],"_links":{"self":[{"href":"https:\/\/catolicanet.net\/wp-cnet\/wp-json\/wp\/v2\/posts\/72471","targetHints":{"allow":["GET"]}}],"collection":[{"href":"https:\/\/catolicanet.net\/wp-cnet\/wp-json\/wp\/v2\/posts"}],"about":[{"href":"https:\/\/catolicanet.net\/wp-cnet\/wp-json\/wp\/v2\/types\/post"}],"author":[{"embeddable":true,"href":"https:\/\/catolicanet.net\/wp-cnet\/wp-json\/wp\/v2\/users\/1"}],"replies":[{"embeddable":true,"href":"https:\/\/catolicanet.net\/wp-cnet\/wp-json\/wp\/v2\/comments?post=72471"}],"version-history":[{"count":1,"href":"https:\/\/catolicanet.net\/wp-cnet\/wp-json\/wp\/v2\/posts\/72471\/revisions"}],"predecessor-version":[{"id":72473,"href":"https:\/\/catolicanet.net\/wp-cnet\/wp-json\/wp\/v2\/posts\/72471\/revisions\/72473"}],"wp:featuredmedia":[{"embeddable":true,"href":"https:\/\/catolicanet.net\/wp-cnet\/wp-json\/wp\/v2\/media\/72472"}],"wp:attachment":[{"href":"https:\/\/catolicanet.net\/wp-cnet\/wp-json\/wp\/v2\/media?parent=72471"}],"wp:term":[{"taxonomy":"category","embeddable":true,"href":"https:\/\/catolicanet.net\/wp-cnet\/wp-json\/wp\/v2\/categories?post=72471"},{"taxonomy":"post_tag","embeddable":true,"href":"https:\/\/catolicanet.net\/wp-cnet\/wp-json\/wp\/v2\/tags?post=72471"}],"curies":[{"name":"wp","href":"https:\/\/api.w.org\/{rel}","templated":true}]}}