{"id":72444,"date":"2022-02-08T09:39:15","date_gmt":"2022-02-08T12:39:15","guid":{"rendered":"https:\/\/catolicanet.net\/wp-cnet\/?p=72444"},"modified":"2022-02-08T12:42:16","modified_gmt":"2022-02-08T15:42:16","slug":"padre-cayetano-gimenez-martinez-pediu-ser-fuzilado-por-ultimo-queria-absolver-seus-companheiros","status":"publish","type":"post","link":"https:\/\/catolicanet.net\/wp-cnet\/padre-cayetano-gimenez-martinez-pediu-ser-fuzilado-por-ultimo-queria-absolver-seus-companheiros\/","title":{"rendered":"Padre Cayetano Gim\u00e9nez Mart\u00ednez pediu ser fuzilado por \u00faltimo: queria absolver seus companheiros"},"content":{"rendered":"<h2 class=\"subtitle\" style=\"text-align: justify;\">Ele ser\u00e1 beatificado neste m\u00eas junto com outros 15 m\u00e1rtires da Guerra Civil Espanhola<\/h2>\n<p style=\"text-align: justify;\">Ser\u00e3o beatificados em 26 de fevereiro, na catedral de Granada, mais 16 m\u00e1rtires da persegui\u00e7\u00e3o religiosa perpetrada pela fac\u00e7\u00e3o comunista durante a Guerra Civil Espanhola (1936-1939). S\u00e3o 14 sacerdotes, um seminarista e um leigo.<\/p>\n<p style=\"text-align: justify;\">Entre os sacerdotes est\u00e1 o padre Cayetano Gim\u00e9nez Mart\u00ednez, que, segundo a arquidiocese de Granada, era \u201cdevoto, austero e caridoso\u201d, al\u00e9m de \u201cbom, s\u00e1bio, humilde e prudente ministro do Senhor\u201d. A descri\u00e7\u00e3o acrescenta que o pe. Cayetano era \u201cum idoso de aspecto pac\u00edfico e vener\u00e1vel\u201d e \u201cum homem de paz\u201d, cujos paroquianos viam nele um servo de Deus \u201capaixonado pela Eucaristia\u201d, dado que passava \u201cgrandes momentos de adora\u00e7\u00e3o diante do sacr\u00e1rio\u201d.<\/p>\n<p style=\"text-align: justify;\">Em 23 de julho de 1936, quando eclodiu a guerra civil, ele teve a oportunidade de fugir num caminh\u00e3o, mas optou por ficar na par\u00f3quia. A igreja foi rapidamente incendiada e o padre teve de esconder-se na casa de um amigo m\u00e9dico, onde acabou descoberto.<\/p>\n<p style=\"text-align: justify;\">Preso durante tr\u00eas dias, foi levado com mais seis pessoas at\u00e9 o cemit\u00e9rio da localidade de Loja, em Granada, onde o grupo seria fuzilado. E ali, diante da morte, ele pediu aos seus carrascos que o matassem por \u00faltimo, para dar a absolvi\u00e7\u00e3o a cada um dos companheiros no momento fatal.<\/p>\n<p style=\"text-align: justify;\">Assim como os cristeros mexicanos igualmente perseguidos e assassinados em decorr\u00eancia de \u00f3dio contra a f\u00e9, tamb\u00e9m o padre Cayetano Gim\u00e9nez Mart\u00ednez foi martirizado gritando \u201cViva Cristo Rei!\u201d.<\/p>\n<p style=\"text-align: justify;\">Os registros da sua causa de beatifica\u00e7\u00e3o anotam que a sua bravura n\u00e3o passou em branco pelos assassinos, que\u00a0reconheceram\u00a0\u201ca coragem que o velho teve\u201d.<\/p>\n<p style=\"text-align: justify;\">Os restos mortais do padre Cayetano assim repousam, sem identifica\u00e7\u00e3o, no cemit\u00e9rio de Loja. Ele foi martirizado aos 69 anos de idade.<\/p>\n<p style=\"text-align: justify;\">O lema da beatifica\u00e7\u00e3o deste grupo de 16 m\u00e1rtires do\u00a0\u00f3dio comunista contra a f\u00e9 cat\u00f3lica\u00a0\u00e9 \u201cVossa Gra\u00e7a vale mais do que a vida\u201d.<\/p>\n","protected":false},"excerpt":{"rendered":"<p>Ele ser\u00e1 beatificado neste m\u00eas junto com outros 15 m\u00e1rtires da Guerra Civil Espanhola Ser\u00e3o beatificados em 26 de fevereiro, na catedral de Granada, mais 16 m\u00e1rtires da persegui\u00e7\u00e3o religiosa perpetrada pela fac\u00e7\u00e3o comunista durante a Guerra Civil Espanhola (1936-1939). S\u00e3o 14 sacerdotes, um seminarista e um leigo. Entre os sacerdotes est\u00e1 o padre Cayetano [&hellip;]<\/p>\n","protected":false},"author":1,"featured_media":72445,"comment_status":"open","ping_status":"closed","sticky":false,"template":"","format":"standard","meta":{"footnotes":""},"categories":[4],"tags":[],"class_list":["post-72444","post","type-post","status-publish","format-standard","has-post-thumbnail","hentry","category-cotidiano"],"_links":{"self":[{"href":"https:\/\/catolicanet.net\/wp-cnet\/wp-json\/wp\/v2\/posts\/72444","targetHints":{"allow":["GET"]}}],"collection":[{"href":"https:\/\/catolicanet.net\/wp-cnet\/wp-json\/wp\/v2\/posts"}],"about":[{"href":"https:\/\/catolicanet.net\/wp-cnet\/wp-json\/wp\/v2\/types\/post"}],"author":[{"embeddable":true,"href":"https:\/\/catolicanet.net\/wp-cnet\/wp-json\/wp\/v2\/users\/1"}],"replies":[{"embeddable":true,"href":"https:\/\/catolicanet.net\/wp-cnet\/wp-json\/wp\/v2\/comments?post=72444"}],"version-history":[{"count":1,"href":"https:\/\/catolicanet.net\/wp-cnet\/wp-json\/wp\/v2\/posts\/72444\/revisions"}],"predecessor-version":[{"id":72446,"href":"https:\/\/catolicanet.net\/wp-cnet\/wp-json\/wp\/v2\/posts\/72444\/revisions\/72446"}],"wp:featuredmedia":[{"embeddable":true,"href":"https:\/\/catolicanet.net\/wp-cnet\/wp-json\/wp\/v2\/media\/72445"}],"wp:attachment":[{"href":"https:\/\/catolicanet.net\/wp-cnet\/wp-json\/wp\/v2\/media?parent=72444"}],"wp:term":[{"taxonomy":"category","embeddable":true,"href":"https:\/\/catolicanet.net\/wp-cnet\/wp-json\/wp\/v2\/categories?post=72444"},{"taxonomy":"post_tag","embeddable":true,"href":"https:\/\/catolicanet.net\/wp-cnet\/wp-json\/wp\/v2\/tags?post=72444"}],"curies":[{"name":"wp","href":"https:\/\/api.w.org\/{rel}","templated":true}]}}