{"id":72406,"date":"2022-02-04T09:29:17","date_gmt":"2022-02-04T12:29:17","guid":{"rendered":"https:\/\/catolicanet.net\/wp-cnet\/?p=72406"},"modified":"2022-02-04T16:17:36","modified_gmt":"2022-02-04T19:17:36","slug":"edicoes-cnbb-promove-live-de-apresentacao-do-subsidio-sobre-fe-crista-e-opcao-preferencial-pelos-pobres","status":"publish","type":"post","link":"https:\/\/catolicanet.net\/wp-cnet\/edicoes-cnbb-promove-live-de-apresentacao-do-subsidio-sobre-fe-crista-e-opcao-preferencial-pelos-pobres\/","title":{"rendered":"EDI\u00c7\u00d5ES CNBB PROMOVE LIVE DE APRESENTA\u00c7\u00c3O DO SUBS\u00cdDIO SOBRE F\u00c9 CRIST\u00c3 E OP\u00c7\u00c3O PREFERENCIAL PELOS POBRES"},"content":{"rendered":"<div class=\"descricao-produto\">\n<div class=\"container-fluid\">\n<div id=\"tp1\" class=\"informacao-abas ui-slider-tabs\" data-componente-fbits-id=\"56\" data-componente-fbits-config=\"tipoExibicao: aberta\">\n<div class=\"ui-slider-tabs-content-container\">\n<div id=\"conteudo-0\" class=\"ui-slider-tab-content selected\">\n<div class=\"conteudoAbasProduto\">\n<p class=\"paddingbox\" style=\"text-align: justify;\">Na pr\u00f3xima segunda-feira, 7, a Edi\u00e7\u00f5es CNBB promove uma live de apresenta\u00e7\u00e3o do subs\u00eddio doutrinal n\u00famero 12 \u201c<a href=\"https:\/\/www.edicoescnbb.com.br\/produto\/vida-dom-e-compromisso-i-fe-crista-e-opcao-preferencial-pelos-pobres-subsidios-doutrinais-12-71702\" target=\"_blank\" rel=\"noopener\" data-schema-attribute=\"\">Vida Dom e Compromisso I \u2013 F\u00e9 crist\u00e3 e op\u00e7\u00e3o preferencial pelos pobres<\/a>\u201c. A transmiss\u00e3o ao vivo pelas redes sociais da editora e da Confer\u00eancia Nacional dos Bispos do Brasil (CNBB) ter\u00e1 in\u00edcio \u00e0s 19h.<\/p>\n<p class=\"paddingbox\" style=\"text-align: justify;\">Participam da live de apresenta\u00e7\u00e3o o bispo de Santo Andr\u00e9 (SP) e presidente da Comiss\u00e3o Episcopal Pastoral para a Doutrina da F\u00e9 da CNBB, dom Pedro Carlos Cipolini, e o padre\u00a0Luiz Henrique Brand\u00e3o de Figueiredo, assessor\u00a0da Comiss\u00e3o.<\/p>\n<p style=\"text-align: justify;\"><img loading=\"lazy\" decoding=\"async\" class=\"alignleft lazyloaded\" src=\"https:\/\/edicoescnbb.fbitsstatic.net\/img\/p\/vida-dom-e-compromisso-i-fe-crista-e-opcao-preferencial-pelos-pobres-subsidios-doutrinais-12-71702\/258203-1.jpg?w=800&amp;h=800&amp;v=202111111651&amp;qs=ignore\" alt=\"Vida Dom e Compromisso I - F\u00e9 crist\u00e3 e op\u00e7\u00e3o preferencial pelos pobres - Subs\u00eddios Doutrinais 12\" width=\"207\" height=\"207\" data-src=\"https:\/\/edicoescnbb.fbitsstatic.net\/img\/p\/vida-dom-e-compromisso-i-fe-crista-e-opcao-preferencial-pelos-pobres-subsidios-doutrinais-12-71702\/258203-1.jpg?w=800&amp;h=800&amp;v=202111111651&amp;qs=ignore\" \/>O subs\u00eddio que ser\u00e1 apresentado foi preparado pela Comiss\u00e3o para a Doutrina da F\u00e9 da CNBB com o apoio de seu grupo de peritos. A obra tem a\u00a0perspectiva da f\u00e9 cristol\u00f3gica, \u201cno anseio de salientar a necessidade de a Igreja estar unida a Cristo e com Ele se assemelhar em tudo\u201d.<\/p>\n<p style=\"text-align: justify;\">O objetivo do documento, nesse sentido, consiste em resgatar o significado da op\u00e7\u00e3o pelos pobres em suas ra\u00edzes b\u00edblicas, patr\u00edsticas e teol\u00f3gicas, em sua resson\u00e2ncia com o Magist\u00e9rio da Igreja e a teologia latino-americana.<\/p>\n<\/div>\n<\/div>\n<\/div>\n<\/div>\n<\/div>\n<\/div>\n<h3 style=\"text-align: justify;\">Como assistir<\/h3>\n<p style=\"text-align: justify;\">Acompanhe, na segunda-feira, 7 de fevereiro, a partir das 19h, pelas redes sociais da CNBB ou da Edi\u00e7\u00f5es CNBB.<\/p>\n<p>&#x2705; Edi\u00e7\u00f5es CNBB<br \/>\n\u2013 Facebook:\u00a0<a href=\"https:\/\/www.facebook.com\/edicoes.cnbb\" target=\"_blank\" rel=\"noopener\">@edicoescnbb<\/a><br \/>\n\u2013 YouTube:\u00a0<a href=\"https:\/\/www.youtube.com\/CNBBEDICOES\" target=\"_blank\" rel=\"noopener\" data-rel=\"lightbox-video-0\">Edi\u00e7\u00f5es CNBB<\/a><\/p>\n<p>&#x2705; CNBB<br \/>\n\u2013 Facebook:\u00a0<a href=\"https:\/\/www.facebook.com\/cnbbnacional\" target=\"_blank\" rel=\"noopener\">@cnbbnacional<\/a><br \/>\n\u2013 YouTube:\u00a0<a href=\"https:\/\/www.youtube.com\/cnbbnacional\" target=\"_blank\" rel=\"noopener\" data-rel=\"lightbox-video-1\">CNBB Oficial<\/a><\/p>\n","protected":false},"excerpt":{"rendered":"<p>Na pr\u00f3xima segunda-feira, 7, a Edi\u00e7\u00f5es CNBB promove uma live de apresenta\u00e7\u00e3o do subs\u00eddio doutrinal n\u00famero 12 \u201cVida Dom e Compromisso I \u2013 F\u00e9 crist\u00e3 e op\u00e7\u00e3o preferencial pelos pobres\u201c. A transmiss\u00e3o ao vivo pelas redes sociais da editora e da Confer\u00eancia Nacional dos Bispos do Brasil (CNBB) ter\u00e1 in\u00edcio \u00e0s 19h. Participam da live [&hellip;]<\/p>\n","protected":false},"author":1,"featured_media":72407,"comment_status":"open","ping_status":"closed","sticky":false,"template":"","format":"standard","meta":{"footnotes":""},"categories":[7],"tags":[],"class_list":["post-72406","post","type-post","status-publish","format-standard","has-post-thumbnail","hentry","category-cnbb"],"_links":{"self":[{"href":"https:\/\/catolicanet.net\/wp-cnet\/wp-json\/wp\/v2\/posts\/72406","targetHints":{"allow":["GET"]}}],"collection":[{"href":"https:\/\/catolicanet.net\/wp-cnet\/wp-json\/wp\/v2\/posts"}],"about":[{"href":"https:\/\/catolicanet.net\/wp-cnet\/wp-json\/wp\/v2\/types\/post"}],"author":[{"embeddable":true,"href":"https:\/\/catolicanet.net\/wp-cnet\/wp-json\/wp\/v2\/users\/1"}],"replies":[{"embeddable":true,"href":"https:\/\/catolicanet.net\/wp-cnet\/wp-json\/wp\/v2\/comments?post=72406"}],"version-history":[{"count":1,"href":"https:\/\/catolicanet.net\/wp-cnet\/wp-json\/wp\/v2\/posts\/72406\/revisions"}],"predecessor-version":[{"id":72408,"href":"https:\/\/catolicanet.net\/wp-cnet\/wp-json\/wp\/v2\/posts\/72406\/revisions\/72408"}],"wp:featuredmedia":[{"embeddable":true,"href":"https:\/\/catolicanet.net\/wp-cnet\/wp-json\/wp\/v2\/media\/72407"}],"wp:attachment":[{"href":"https:\/\/catolicanet.net\/wp-cnet\/wp-json\/wp\/v2\/media?parent=72406"}],"wp:term":[{"taxonomy":"category","embeddable":true,"href":"https:\/\/catolicanet.net\/wp-cnet\/wp-json\/wp\/v2\/categories?post=72406"},{"taxonomy":"post_tag","embeddable":true,"href":"https:\/\/catolicanet.net\/wp-cnet\/wp-json\/wp\/v2\/tags?post=72406"}],"curies":[{"name":"wp","href":"https:\/\/api.w.org\/{rel}","templated":true}]}}